{"id":48443,"date":"2025-12-01T08:00:00","date_gmt":"2025-12-01T13:00:00","guid":{"rendered":"http:\/\/www.javeriana.edu.co\/pesquisa\/?p=48443"},"modified":"2025-12-02T08:42:36","modified_gmt":"2025-12-02T13:42:36","slug":"semilleros-javerianos-financiacion","status":"publish","type":"post","link":"http:\/\/www.javeriana.edu.co\/pesquisa\/semilleros-javerianos-financiacion\/","title":{"rendered":"C\u00e9lulas madre, videojuegos y vejez digna, los semilleros que construyen futuro en la Javeriana"},"content":{"rendered":"\n<p>El 12 de noviembre, en el Auditorio Pablo VI,&nbsp;diez&nbsp;semilleros de investigaci\u00f3n presentaron proyectos que van desde videojuegos&nbsp;con tem\u00e1ticas&nbsp;ambientales hasta terapias g\u00e9nicas&nbsp;desarrolladas en laboratorios javerianos. Al final de la tarde,&nbsp;tres equipos conquistaron al jurado y se llevaron&nbsp;una&nbsp;financiaci\u00f3n de&nbsp;cuatro&nbsp;millones de pesos:&nbsp;el&nbsp;semillero de Desarrollo de Videojuegos con&nbsp;la propuesta \u2018Me\u00f1e&nbsp;y Chipi\u2019, un videojuego que narra la crisis amaz\u00f3nica; el&nbsp;semillero de C\u00e9lulas Madre con una investigaci\u00f3n pionera sobre sangre menstrual,&nbsp;y el&nbsp;semillero SALUS&nbsp;que investiga el envejecimiento en mujeres&nbsp;del&nbsp;barrio&nbsp;Pardo Rubio&nbsp;en Bogot\u00e1.&nbsp;&nbsp;<\/p>\n\n\n\n<figure class=\"wp-block-image size-large\"><img fetchpriority=\"high\" decoding=\"async\" width=\"1024\" height=\"768\" src=\"http:\/\/www.javeriana.edu.co\/pesquisa\/wp-content\/uploads\/2025\/11\/Grupal-Exposemilleros-2025-1024x768.jpg\" alt=\"Semilleros de c\u00e9lulas madre, videojuegos y vejez digna ganan financiaci\u00f3n javeriana\" class=\"wp-image-48454\" srcset=\"http:\/\/www.javeriana.edu.co\/pesquisa\/wp-content\/uploads\/2025\/11\/Grupal-Exposemilleros-2025-1024x768.jpg 1024w, http:\/\/www.javeriana.edu.co\/pesquisa\/wp-content\/uploads\/2025\/11\/Grupal-Exposemilleros-2025-300x225.jpg 300w, http:\/\/www.javeriana.edu.co\/pesquisa\/wp-content\/uploads\/2025\/11\/Grupal-Exposemilleros-2025-1536x1152.jpg 1536w, http:\/\/www.javeriana.edu.co\/pesquisa\/wp-content\/uploads\/2025\/11\/Grupal-Exposemilleros-2025-2048x1536.jpg 2048w, http:\/\/www.javeriana.edu.co\/pesquisa\/wp-content\/uploads\/2025\/11\/Grupal-Exposemilleros-2025-150x113.jpg 150w, http:\/\/www.javeriana.edu.co\/pesquisa\/wp-content\/uploads\/2025\/11\/Grupal-Exposemilleros-2025-450x338.jpg 450w, http:\/\/www.javeriana.edu.co\/pesquisa\/wp-content\/uploads\/2025\/11\/Grupal-Exposemilleros-2025-1200x900.jpg 1200w, http:\/\/www.javeriana.edu.co\/pesquisa\/wp-content\/uploads\/2025\/11\/Grupal-Exposemilleros-2025-768x576.jpg 768w\" sizes=\"(max-width: 1024px) 100vw, 1024px\" \/><figcaption class=\"wp-element-caption\">Participantes, jueces y organizadores de Exposemilleros 2025 en el Auditorio Pablo VI de la Pontificia Universidad Javeriana. <\/figcaption><\/figure>\n\n\n\n<h4 class=\"wp-block-heading\"><strong>El camino hacia la final, una&nbsp;primera&nbsp;oportunidad para destacar<\/strong>&nbsp;<\/h4>\n\n\n\n<p>Exposemilleros&nbsp;2025 invit\u00f3 a los semilleros activos de la Universidad a postular proyectos de investigaci\u00f3n e innovaci\u00f3n que demostraran su relevancia social. El proceso comenz\u00f3 con&nbsp;una participaci\u00f3n de 20&nbsp;en total, con&nbsp;videos&nbsp;de una duraci\u00f3n de&nbsp;dos minutos,&nbsp;donde los equipos compartieron&nbsp;sus iniciativas. Los diez proyectos con mayor votaci\u00f3n popular en Facebook accedieron a la final,&nbsp;all\u00ed&nbsp;cada semillero expuso un pitch de cuatro minutos ante un panel de evaluadores de la Vicerrector\u00eda de Investigaci\u00f3n conformado por Alexandra Pomares, Erika Ospina, Sergio Cu\u00e9llar y&nbsp;Claudia&nbsp;Mej\u00eda.&nbsp;<\/p>\n\n\n\n<figure class=\"wp-block-image size-large\"><img decoding=\"async\" width=\"1024\" height=\"768\" src=\"http:\/\/www.javeriana.edu.co\/pesquisa\/wp-content\/uploads\/2025\/11\/Ganadores-2-1024x768.jpg\" alt=\"Semilleros de c\u00e9lulas madre, videojuegos y vejez digna ganan financiaci\u00f3n javeriana\" class=\"wp-image-48460\" srcset=\"http:\/\/www.javeriana.edu.co\/pesquisa\/wp-content\/uploads\/2025\/11\/Ganadores-2-1024x768.jpg 1024w, http:\/\/www.javeriana.edu.co\/pesquisa\/wp-content\/uploads\/2025\/11\/Ganadores-2-300x225.jpg 300w, http:\/\/www.javeriana.edu.co\/pesquisa\/wp-content\/uploads\/2025\/11\/Ganadores-2-1536x1152.jpg 1536w, http:\/\/www.javeriana.edu.co\/pesquisa\/wp-content\/uploads\/2025\/11\/Ganadores-2-2048x1536.jpg 2048w, http:\/\/www.javeriana.edu.co\/pesquisa\/wp-content\/uploads\/2025\/11\/Ganadores-2-150x113.jpg 150w, http:\/\/www.javeriana.edu.co\/pesquisa\/wp-content\/uploads\/2025\/11\/Ganadores-2-450x338.jpg 450w, http:\/\/www.javeriana.edu.co\/pesquisa\/wp-content\/uploads\/2025\/11\/Ganadores-2-1200x900.jpg 1200w, http:\/\/www.javeriana.edu.co\/pesquisa\/wp-content\/uploads\/2025\/11\/Ganadores-2-768x576.jpg 768w\" sizes=\"(max-width: 1024px) 100vw, 1024px\" \/><figcaption class=\"wp-element-caption\">Los estudiantes de los tres proyectos destacados de Exposemilleros 2025 posan con sus respectivos cheques durante la jornada de premiaci\u00f3n en la Universidad Javeriana.<\/figcaption><\/figure>\n\n\n\n<h4 class=\"wp-block-heading\"><strong>Me\u00f1e\u00a0y Chipi, cuando los videojuegos impactan la<\/strong> <strong>realidad<\/strong>\u00a0<\/h4>\n\n\n\n<p>Juan David Fl\u00f3rez y Samuel Castellanos subieron al escenario con una convicci\u00f3n clara:&nbsp;sin narrativas propias, seguimos siendo espectadores de historias ajenas. Su&nbsp;<a href=\"https:\/\/www.facebook.com\/reel\/1810958486213267\" target=\"_blank\" rel=\"noreferrer noopener\">proyecto<\/a>&nbsp;naci\u00f3 durante un viaje a la Amazon\u00eda que les cambi\u00f3 la vida. Ah\u00ed vieron con sus propios ojos c\u00f3mo 113.000 hect\u00e1reas han sido taladas, c\u00f3mo el jaguar y el mono ara\u00f1a son desplazados de sus&nbsp;espacios nativos, c\u00f3mo comunidades ind\u00edgenas pierden sus territorios.&nbsp;<\/p>\n\n\n\n<figure class=\"wp-block-image size-large\"><img decoding=\"async\" width=\"1024\" height=\"768\" src=\"http:\/\/www.javeriana.edu.co\/pesquisa\/wp-content\/uploads\/2025\/11\/Mene-y-Chipi-1024x768.jpg\" alt=\"Semilleros de c\u00e9lulas madre, videojuegos y vejez digna ganan financiaci\u00f3n javeriana\" class=\"wp-image-48459\" srcset=\"http:\/\/www.javeriana.edu.co\/pesquisa\/wp-content\/uploads\/2025\/11\/Mene-y-Chipi-1024x768.jpg 1024w, http:\/\/www.javeriana.edu.co\/pesquisa\/wp-content\/uploads\/2025\/11\/Mene-y-Chipi-300x225.jpg 300w, http:\/\/www.javeriana.edu.co\/pesquisa\/wp-content\/uploads\/2025\/11\/Mene-y-Chipi-1536x1152.jpg 1536w, http:\/\/www.javeriana.edu.co\/pesquisa\/wp-content\/uploads\/2025\/11\/Mene-y-Chipi-150x113.jpg 150w, http:\/\/www.javeriana.edu.co\/pesquisa\/wp-content\/uploads\/2025\/11\/Mene-y-Chipi-450x338.jpg 450w, http:\/\/www.javeriana.edu.co\/pesquisa\/wp-content\/uploads\/2025\/11\/Mene-y-Chipi-1200x900.jpg 1200w, http:\/\/www.javeriana.edu.co\/pesquisa\/wp-content\/uploads\/2025\/11\/Mene-y-Chipi-768x576.jpg 768w, http:\/\/www.javeriana.edu.co\/pesquisa\/wp-content\/uploads\/2025\/11\/Mene-y-Chipi.jpg 2048w\" sizes=\"(max-width: 1024px) 100vw, 1024px\" \/><figcaption class=\"wp-element-caption\">Integrantes del semillero de Desarrollo de Videojuegos exponen su proyecto Me\u00f1e y Chipi ante el jurado de Exposemilleros 2025.<\/figcaption><\/figure>\n\n\n\n<p>Su respuesta fue crear un&nbsp;<a href=\"https:\/\/www.youtube.com\/watch?v=hI7Y9p7u-jc&amp;t=4s\" target=\"_blank\" rel=\"noreferrer noopener\">videojuego<\/a>&nbsp;d\u00f3nde&nbsp;los jugadores acompa\u00f1an a dos animales digitales inspirados en Margarita y&nbsp;Garota, un mono ara\u00f1a y un&nbsp;jaguar real&nbsp;que conocieron en la Reserva Natural&nbsp;Zacambu&nbsp;Rainforest&nbsp;Lodge, cerca de la frontera entre Colombia, Per\u00fa y Brasil. En el juego, los usuarios desactivan maquinaria de miner\u00eda ilegal, sabotean la deforestaci\u00f3n y rescatan animales traficados. El proyecto, alineado con los Objetivos de Desarrollo Sostenible 13 y 15, fue validado con fundaciones ambientales.&nbsp;<\/p>\n\n\n\n<p>\u201cMientras Jap\u00f3n tiene&nbsp;el videojuego&nbsp;<em>Ghost&nbsp;of&nbsp;Tsushima&nbsp;<\/em>y China tiene&nbsp;<em>Black&nbsp;Myth&nbsp;Wukong\u201d<\/em>, explicaron durante su pitch,&nbsp;\u201cColombia, como el segundo pa\u00eds m\u00e1s biodiverso del mundo, tambi\u00e9n debe contar sus propios relatos\u201d.&nbsp;Me\u00f1e&nbsp;y Chipi no es solo un videojuego, es un acto de resistencia cultural.&nbsp;<\/p>\n\n\n\n<h4 class=\"wp-block-heading\"><strong>C\u00e9lulas Madre, la menstruaci\u00f3n como oportunidad cient\u00edfica<\/strong>&nbsp;<\/h4>\n\n\n\n<p>Manuela Vargas, Daniel D\u00edaz y Mar\u00eda Rueda dejaron una idea resonando en el auditorio:&nbsp;todos los presentes surgieron de una \u00fanica c\u00e9lula capaz de diferenciarse hasta convertirse en los tejidos que conforman&nbsp;hoy,&nbsp;su&nbsp;cuerpo humano. Esa es la magia de las c\u00e9lulas madre, la misma capacidad regenerativa que tienen los lagartos para recuperar su cola o el endometrio para renovarse cada mes.&nbsp;<\/p>\n\n\n\n<figure class=\"wp-block-image size-large\"><img loading=\"lazy\" decoding=\"async\" width=\"1024\" height=\"768\" src=\"http:\/\/www.javeriana.edu.co\/pesquisa\/wp-content\/uploads\/2025\/11\/Semillero-de-Celulas-Madre-1024x768.jpg\" alt=\"Semilleros de c\u00e9lulas madre, videojuegos y vejez digna ganan financiaci\u00f3n javeriana\" class=\"wp-image-48457\" srcset=\"http:\/\/www.javeriana.edu.co\/pesquisa\/wp-content\/uploads\/2025\/11\/Semillero-de-Celulas-Madre-1024x768.jpg 1024w, http:\/\/www.javeriana.edu.co\/pesquisa\/wp-content\/uploads\/2025\/11\/Semillero-de-Celulas-Madre-300x225.jpg 300w, http:\/\/www.javeriana.edu.co\/pesquisa\/wp-content\/uploads\/2025\/11\/Semillero-de-Celulas-Madre-1536x1152.jpg 1536w, http:\/\/www.javeriana.edu.co\/pesquisa\/wp-content\/uploads\/2025\/11\/Semillero-de-Celulas-Madre-150x113.jpg 150w, http:\/\/www.javeriana.edu.co\/pesquisa\/wp-content\/uploads\/2025\/11\/Semillero-de-Celulas-Madre-450x338.jpg 450w, http:\/\/www.javeriana.edu.co\/pesquisa\/wp-content\/uploads\/2025\/11\/Semillero-de-Celulas-Madre-1200x900.jpg 1200w, http:\/\/www.javeriana.edu.co\/pesquisa\/wp-content\/uploads\/2025\/11\/Semillero-de-Celulas-Madre-768x576.jpg 768w, http:\/\/www.javeriana.edu.co\/pesquisa\/wp-content\/uploads\/2025\/11\/Semillero-de-Celulas-Madre.jpg 2048w\" sizes=\"(max-width: 1024px) 100vw, 1024px\" \/><figcaption class=\"wp-element-caption\">El semillero de C\u00e9lulas Madre presenta su investigaci\u00f3n sobre c\u00e9lulas madre de sangre menstrual en Exposemilleros 2025. <\/figcaption><\/figure>\n\n\n\n<p>Su&nbsp;<a href=\"https:\/\/www.facebook.com\/reel\/1609065727172856\" target=\"_blank\" rel=\"noreferrer noopener\">propuesta<\/a>&nbsp;se enfoca en estandarizar el protocolo de aislamiento y cultivo de c\u00e9lulas madre de sangre menstrual, un campo inexplorado en&nbsp;Colombia,&nbsp;aunque ya investigado en otros pa\u00edses. En China, por ejemplo, se ha demostrado que estas c\u00e9lulas pueden restaurar movilidad en lesiones medulares. El equipo analizar\u00e1 el&nbsp;secretoma,&nbsp;es decir, el conjunto de mol\u00e9culas que las c\u00e9lulas liberan al exterior como prote\u00ednas, factores de crecimiento y citocinas, mediante una espectrometr\u00eda de masas.&nbsp;<\/p>\n\n\n\n<p>\u201cEn Colombia no se han hecho investigaciones sobre este tipo\u201d, explicaron durante su presentaci\u00f3n. Pero m\u00e1s all\u00e1 de lo cient\u00edfico, su proyecto&nbsp;siente una posici\u00f3n: dejar de tratar&nbsp;la menstruaci\u00f3n&nbsp;como&nbsp;tab\u00fa&nbsp;y verla como&nbsp;una oportunidad biol\u00f3gica extraordinaria. En un pa\u00eds con pir\u00e1mide poblacional cambiante y crecientes enfermedades cr\u00f3nicas, esta investigaci\u00f3n siembra innovaci\u00f3n m\u00e9dica frente a la crisis hospitalaria.&nbsp;<\/p>\n\n\n\n<h4 class=\"wp-block-heading\"><strong>SALUS, envejecer con dignidad en comunidad<\/strong>&nbsp;<\/h4>\n\n\n\n<p>Fernando Correa,&nbsp;Siu&nbsp;Salas y Luisa Zuluaga llegaron al barrio Pardo Rubio hace a\u00f1o y medio por invitaci\u00f3n del profesor Juan David Parrado, docente de psiquiatr\u00eda comunitaria del Hospital San Blas. Comenzaron a trabajar con mujeres entre 65 y 80 a\u00f1os y pronto descubrieron algo fundamental: la salud no se mide \u00fanicamente con diagn\u00f3sticos y cifras.&nbsp;<\/p>\n\n\n\n<figure class=\"wp-block-image size-large\"><img loading=\"lazy\" decoding=\"async\" width=\"1024\" height=\"768\" src=\"http:\/\/www.javeriana.edu.co\/pesquisa\/wp-content\/uploads\/2025\/11\/SALUS-salud-vida-y-bienestar-1024x768.jpg\" alt=\"Semilleros de c\u00e9lulas madre, videojuegos y vejez digna ganan financiaci\u00f3n javeriana\" class=\"wp-image-48458\" srcset=\"http:\/\/www.javeriana.edu.co\/pesquisa\/wp-content\/uploads\/2025\/11\/SALUS-salud-vida-y-bienestar-1024x768.jpg 1024w, http:\/\/www.javeriana.edu.co\/pesquisa\/wp-content\/uploads\/2025\/11\/SALUS-salud-vida-y-bienestar-300x225.jpg 300w, http:\/\/www.javeriana.edu.co\/pesquisa\/wp-content\/uploads\/2025\/11\/SALUS-salud-vida-y-bienestar-1536x1152.jpg 1536w, http:\/\/www.javeriana.edu.co\/pesquisa\/wp-content\/uploads\/2025\/11\/SALUS-salud-vida-y-bienestar-150x113.jpg 150w, http:\/\/www.javeriana.edu.co\/pesquisa\/wp-content\/uploads\/2025\/11\/SALUS-salud-vida-y-bienestar-450x338.jpg 450w, http:\/\/www.javeriana.edu.co\/pesquisa\/wp-content\/uploads\/2025\/11\/SALUS-salud-vida-y-bienestar-1200x900.jpg 1200w, http:\/\/www.javeriana.edu.co\/pesquisa\/wp-content\/uploads\/2025\/11\/SALUS-salud-vida-y-bienestar-768x576.jpg 768w, http:\/\/www.javeriana.edu.co\/pesquisa\/wp-content\/uploads\/2025\/11\/SALUS-salud-vida-y-bienestar.jpg 2048w\" sizes=\"(max-width: 1024px) 100vw, 1024px\" \/><figcaption class=\"wp-element-caption\">Fernando Correa, Siu Salas y Luisa Zuluaga presentan \u201cMujeres que envejecen en Pardo Rubio\u201d durante Exposemilleros 2025. <\/figcaption><\/figure>\n\n\n\n<p><em>\u201c<\/em><a href=\"https:\/\/www.facebook.com\/reel\/883877964805511\" target=\"_blank\" rel=\"noreferrer noopener\"><em>Mujeres que envejecen en Pardo Rubio\u201d<\/em><\/a>&nbsp;naci\u00f3 de una pregunta aparentemente sencilla pero profundamente compleja: \u00bfqu\u00e9 significa envejecer donde se ha vivido toda la vida? En un contexto latinoamericano donde las poblaciones envejecen m\u00e1s r\u00e1pido enfrentando pobreza, desigualdad e informalidad, esta pregunta cobra urgencia. En Colombia, envejecer con dignidad parece un privilegio cuando&nbsp;una gran cantidad&nbsp;de adultos mayores viven en aislamiento y olvido.&nbsp;<\/p>\n\n\n\n<p>El equipo cre\u00f3 espacios participativos donde las mujeres son reconocidas como expertas del envejecimiento desde su experiencia. Realizaron conversatorios, l\u00edneas de tiempo y&nbsp;<em>fanzines&nbsp;<\/em>que visibilizan sus voces. Han consolidado el&nbsp;\u201cenvejecimiento en el lugar\u201d&nbsp;como categor\u00eda anal\u00edtica pionera en estudios demogr\u00e1ficos latinoamericanos, evidenciando las distancias entre lo que escribe la academia y lo que viven las personas. Para 2026 buscan consolidar un protocolo participativo y generar conocimiento que fortalezca pol\u00edticas p\u00fablicas. Tambi\u00e9n enfrentan un reto&nbsp;inmediato: financiar el espacio amenazado por la crisis del Hospital San Blas&nbsp;en una Bogot\u00e1, consumida por&nbsp;personajes&nbsp;jovenes, y olvidadiza de sus recuerdos.&nbsp;<\/p>\n\n\n\n<h4 class=\"wp-block-heading\"><strong>Diversidad de conocimiento entre los&nbsp;diez finalistas<\/strong>&nbsp;<\/h4>\n\n\n\n<p>Estos tres proyectos fueron seleccionados de un grupo de&nbsp;diez&nbsp;semilleros&nbsp;finalistas&nbsp;que&nbsp;desplegaron la amplitud del conocimiento javeriano. Otras propuestas que participaron incluyen la del&nbsp;semillero de Derecho&nbsp;Penitencial, que&nbsp;realiz\u00f3 una puesta en escena sobre su proyecto&nbsp;<a href=\"https:\/\/www.facebook.com\/reel\/804363349061810\" target=\"_blank\" rel=\"noreferrer noopener\">\u201cDe la celda al aula\u201d<\/a>,&nbsp;investigando c\u00f3mo equilibrar los beneficios de reducci\u00f3n de penas cuando los reclusos estudian privados de libertad, trabajando con un interno de la C\u00e1rcel de Guaduas.&nbsp;<\/p>\n\n\n\n<p>El&nbsp;semillero de ingenier\u00eda,&nbsp;<a href=\"https:\/\/www.facebook.com\/reel\/3666808150117300\" target=\"_blank\" rel=\"noreferrer noopener\">Equipo Javeriano F\u00f3rmula SAE<\/a>&nbsp;mostr\u00f3 dise\u00f1os de veh\u00edculos de competencia para posicionar a la Javeriana en la F\u00f3rmula SAE mundial, una serie de competencias donde universidades de todo el mundo crean veh\u00edculos tipo F\u00f3rmula 1.&nbsp;El&nbsp;semillero de Lenguajes, Discursos y Pr\u00e1cticas Educativas investig\u00f3&nbsp;<a href=\"https:\/\/www.facebook.com\/reel\/813542058314192\" target=\"_blank\" rel=\"noreferrer noopener\">el&nbsp;impacto de las pruebas Saber 11 en una instituci\u00f3n rural&nbsp;de Vista Hermosa, Meta<\/a>,&nbsp;proponiendo caminos hacia una ense\u00f1anza m\u00e1s cr\u00edtica.&nbsp;<\/p>\n\n\n\n<p>Los estudiantes que integran el grupo de&nbsp;Microbiolog\u00eda Ambiental&nbsp;presentaron<em>&nbsp;<\/em><a href=\"https:\/\/www.facebook.com\/reel\/1340711477695301\" target=\"_blank\" rel=\"noreferrer noopener\"><em>\u201cBioTrueque\u201d<\/em><\/a>, donde residuos combinados con microorganismos ben\u00e9ficos recuperan suelos y limpian agua. El&nbsp;semillero de Errores Innatos del Metabolismo explic\u00f3 su desarrollo de&nbsp;<a href=\"https:\/\/www.facebook.com\/reel\/3784482185194814\" target=\"_blank\" rel=\"noreferrer noopener\">terapia g\u00e9nica para el S\u00edndrome&nbsp;Morquio&nbsp;4A<\/a>,&nbsp;causado por una variante que genera deficiencias enzim\u00e1ticas y alteraciones \u00f3seas severas.&nbsp;<\/p>\n\n\n\n<p>El&nbsp;semillero LIJ&nbsp;<a href=\"https:\/\/www.facebook.com\/reel\/2055390865201027\" target=\"_blank\" rel=\"noreferrer noopener\">rastrea el ISBN<\/a>&nbsp;(<em>International Standard Book&nbsp;Number<\/em>)&nbsp;de libros para entender c\u00f3mo evoluciona la literatura infantil y juvenil colombiana.&nbsp;<em>Javex&nbsp;Robotics&nbsp;<\/em><a href=\"https:\/\/www.facebook.com\/reel\/1819734985574913\" target=\"_blank\" rel=\"noreferrer noopener\">mostr\u00f3&nbsp;avances de sus&nbsp;robots inteligentes y aut\u00f3nomos<\/a>&nbsp;desarrollados para competir en el certamen mundial propuesto por&nbsp;Vex&nbsp;Robotics. Cada proyecto, desde el derecho penitenciario hasta la rob\u00f3tica, demostr\u00f3 que la investigaci\u00f3n estudiantil puede transformar realidades.&nbsp;<\/p>\n\n\n\n<h4 class=\"wp-block-heading\"><strong>Conocimiento que transforma&nbsp;para un futuro mejor<\/strong>&nbsp;<\/h4>\n\n\n\n<p>Alexandra Pomares, miembro del panel de jueces&nbsp;resumi\u00f3&nbsp;sus impresiones&nbsp;con una frase contundente: \u201cNo queremos que las cosas se queden en la universidad. La idea es resolver un problema y compartirlo con el mundo, porque si no, no vamos a generar el impacto que queremos\u201d.&nbsp;<\/p>\n\n\n\n<p><a href=\"https:\/\/www.javeriana.edu.co\/pesquisa\/exposemilleros-2025-javeriana-cali\/\">Exposemilleros&nbsp;2025<\/a> demostr\u00f3 que los semilleros son espacios donde estudiantes y profesores construyen conocimiento riguroso y transformador. La diversidad de finalistas refleja la complejidad de los desaf\u00edos contempor\u00e1neos y la necesidad de abordajes interdisciplinarios. Son los estudiantes, con sus preguntas curiosas y respuestas creativas, quienes est\u00e1n construyendo el futuro que puede transformar realidades.&nbsp;<\/p>\n\n\n\n<p><\/p>\n","protected":false},"excerpt":{"rendered":"<p>\u00bfQu\u00e9 significa envejecer donde se ha vivido toda la vida? \u00bfC\u00f3mo obtener c\u00e9lulas madre a trav\u00e9s de la sangre menstrual? \u00bfPuede un videojuego impulsar la conservaci\u00f3n de la biodiversidad? Estas tres preguntas gu\u00edan las investigaciones lideradas por estudiantes que ganaron en Exposemilleros 2025. <\/p>\n","protected":false},"author":178,"featured_media":48472,"comment_status":"open","ping_status":"open","sticky":false,"template":"","format":"standard","meta":{"footnotes":""},"categories":[3698,1157,3515],"tags":[371,97,499,1372],"class_list":{"0":"post-48443","1":"post","2":"type-post","3":"status-publish","4":"format-standard","5":"has-post-thumbnail","7":"category-semilleros","8":"category-destacadas","9":"category-investigadores","10":"tag-colombia","11":"tag-investigacion","12":"tag-javeriana","13":"tag-semilleros"},"_links":{"self":[{"href":"http:\/\/www.javeriana.edu.co\/pesquisa\/wp-json\/wp\/v2\/posts\/48443","targetHints":{"allow":["GET"]}}],"collection":[{"href":"http:\/\/www.javeriana.edu.co\/pesquisa\/wp-json\/wp\/v2\/posts"}],"about":[{"href":"http:\/\/www.javeriana.edu.co\/pesquisa\/wp-json\/wp\/v2\/types\/post"}],"author":[{"embeddable":true,"href":"http:\/\/www.javeriana.edu.co\/pesquisa\/wp-json\/wp\/v2\/users\/178"}],"replies":[{"embeddable":true,"href":"http:\/\/www.javeriana.edu.co\/pesquisa\/wp-json\/wp\/v2\/comments?post=48443"}],"version-history":[{"count":10,"href":"http:\/\/www.javeriana.edu.co\/pesquisa\/wp-json\/wp\/v2\/posts\/48443\/revisions"}],"predecessor-version":[{"id":48490,"href":"http:\/\/www.javeriana.edu.co\/pesquisa\/wp-json\/wp\/v2\/posts\/48443\/revisions\/48490"}],"wp:featuredmedia":[{"embeddable":true,"href":"http:\/\/www.javeriana.edu.co\/pesquisa\/wp-json\/wp\/v2\/media\/48472"}],"wp:attachment":[{"href":"http:\/\/www.javeriana.edu.co\/pesquisa\/wp-json\/wp\/v2\/media?parent=48443"}],"wp:term":[{"taxonomy":"category","embeddable":true,"href":"http:\/\/www.javeriana.edu.co\/pesquisa\/wp-json\/wp\/v2\/categories?post=48443"},{"taxonomy":"post_tag","embeddable":true,"href":"http:\/\/www.javeriana.edu.co\/pesquisa\/wp-json\/wp\/v2\/tags?post=48443"}],"curies":[{"name":"wp","href":"https:\/\/api.w.org\/{rel}","templated":true}]}}