{"id":49573,"date":"2026-03-16T11:01:29","date_gmt":"2026-03-16T16:01:29","guid":{"rendered":"http:\/\/www.javeriana.edu.co\/pesquisa\/?p=49573"},"modified":"2026-03-16T11:01:32","modified_gmt":"2026-03-16T16:01:32","slug":"letras-disputa-hispanoamerica","status":"publish","type":"post","link":"http:\/\/www.javeriana.edu.co\/pesquisa\/letras-disputa-hispanoamerica\/","title":{"rendered":"Letras en disputa: voces subalternas y poder colonial en Hispanoam\u00e9rica"},"content":{"rendered":"\n<p>Con la idea de plantear una respuesta contundente a la visi\u00f3n que confinaba la escritura a ser un instrumento del poder imperial, surge Resistencias letradas: escritura, autoridad intelectual y refor mulaciones cr\u00edticas en Hispanoam\u00e9rica, siglos XVI-XVIII. El prop\u00f3sito de la obra es desmontar esta perspectiva y revelar la letra no como un monolito de dominaci\u00f3n, sino como un campo de batalla din\u00e1mico.&nbsp;<\/p>\n\n\n\n<p id=\"block-6c7e9591-ba87-44ff-9524-007ffdce8ac0\">(<a href=\"https:\/\/www.javeriana.edu.co\/pesquisa\/wp-content\/uploads\/2026\/03\/PESQUISA_74_VF_digitalDPC-1.pdf\" target=\"_blank\" rel=\"noreferrer noopener\">Puedes leer la edici\u00f3n completa de Pesquisa Javeriana aqu\u00ed<\/a>)<\/p>\n\n\n\n<p>De este modo, como se\u00f1alan los editores acad\u00e9micos del libro, los \u2018sujetos subalternos\u2019 \u2014ind\u00edgenas, mestizos y afrodescendientes\u2014 emergen como agentes que ejercieron una poderosa capacidad de resistencia para negociar sus derechos, reescribir la historia e inscribir sus cosmolog\u00edas en el coraz\u00f3n del archivo colonial, lo que permiti\u00f3 redefinir los contornos del poder. El libro propone una tesis poderosa: la colonialidad no solo impuls\u00f3 categor\u00edas, jerarqu\u00edas y lenguajes, tambi\u00e9n produjo grietas que permitieron a los sujetos colonizados apropiarse de las letras para negociar su lugar en el nuevo orden.&nbsp;<\/p>\n\n\n\n<p>De all\u00ed emerge un di\u00e1logo desigual, pero no pasivo: una constelaci\u00f3n de intervenciones que, al entrar en el archivo, lo vuelven poroso, fragmentado, heterog\u00e9neo. La primera parte, \u201cIncursiones en el archivo\u201d, examina c\u00f3mo la ley, la burocracia y la historiograf\u00eda colonial se convirtieron en escenarios en los que los sujetos subalternos tuvieron agencia. Los cap\u00edtulos que la conforman muestran a caciques del siglo XVIII que disputan el gobierno de sus comunidades mediante alegatos jur\u00eddicos cuidadosamente construidos; a un joven africano en Cartagena de Indias que apela a los tribunales para recuperar su libertad; y a los letrados ind\u00edgenas que corrigen y reescriben la cr\u00f3nica de L\u00f3pez de G\u00f3mara para hacer visibles las memorias del pueblo ind\u00edgena mesoamericano nahua.&nbsp;<\/p>\n\n\n\n<p>Estos trabajos, diversos en m\u00e9todo y objeto, convergen en una idea com\u00fan: el archivo colonial no fue \u00fanicamente un instrumento de dominaci\u00f3n, tambi\u00e9n fue un espacio de intervenci\u00f3n pol\u00edtica donde la escritura pod\u00eda volverse contra el poder que la produc\u00eda. La segunda parte, \u201cEscrituras y agencias\u201d, profundiza en los usos de la letra como herramienta de reflexi\u00f3n cr\u00edtica para invitarnos a ver a Guam\u00e1n Poma, Titu Cusi Yupanqui \u2014autores del Planctusindorum christianorum\u2014 o don Diego de Torres como intelectuales en sentido pleno: figuras que, desde condiciones desiguales, reformulan las categor\u00edas raciales, las estructuras de autoridad y los imaginarios imperiales.&nbsp;<\/p>\n\n\n\n<p>As\u00ed, la escritura para ellos no es solo un registro, sino una forma de disputar el lugar del \u201cindio\u201d, del mestizo, del cristiano y del s\u00fabdito en el aparato colonial. Cabe resaltar lo sugerente de la lectura del Planctus, pues es un documento clandestino que cuestiona la legitimidad del rey en el Per\u00fa y propone un di\u00e1logo directo entre Roma y los pueblos andinos, con el fin de desestabilizar la arquitectura pol\u00edtica del Imperio espa\u00f1ol. <\/p>\n\n\n\n<h4 class=\"wp-block-heading\">El poder en disputa <\/h4>\n\n\n\n<p>El m\u00e9rito aqu\u00ed reside tanto en la recuperaci\u00f3n de voces hist\u00f3ricamente marginadas como en la claridad con que se revela la dimensi\u00f3n intelectual \u2014y no solo testimonial\u2014 de sus intervenciones. De esta manera, cada cap\u00edtulo sigue el rastro de una pr\u00e1ctica letrada que articula saberes europeos y locales, y que se despliega en un espacio tensado por la violencia epist\u00e9mica y la creatividad.<\/p>\n\n\n\n<p>Resistencias letradas es una invitaci\u00f3n a repensar la historia de las ideas en Hispanoam\u00e9rica desde un \u00e1ngulo que desplaza la mirada metropolitana y reconoce la profundidad conceptual de los sujetos coloniales. En tiempos en que la discusi\u00f3n sobre el archivo, la memoria y la colonialidad adquiere una fuerza renovada, este libro ofrece una cartograf\u00eda compleja de las formas en que la escritura se convirti\u00f3 en un instrumento para imaginar otros mundos posibles dentro y en contra del orden imperial. M\u00e1s all\u00e1 del invaluable <a href=\"https:\/\/www.javeriana.edu.co\/pesquisa\/mitos-independencia-colombia\/\">aporte acad\u00e9mico,<\/a> estos textos nos motivan a reconocer la fe inquebrantable que estos agentes depositaron en la escritura como un arma con la que forjaron sus resistencias.&nbsp;<\/p>\n\n\n\n<hr class=\"wp-block-separator has-alpha-channel-opacity\"\/>\n\n\n\n<p><a href=\"https:\/\/issuu.com\/pujaveriana\/docs\/resistencias_letradas\" target=\"_blank\" rel=\"noopener\">Resistencias letradas: escritura, autoridad intelectual y reormulaciones cr\u00edticas en Hispanoam\u00e9rica, siglos XVI-XVIII 209 pp.&nbsp;<br><\/a>Ana Mar\u00eda Ferreira, Jos\u00e9 Eduardo Cornelio, Mar\u00eda Piedad Quevedo Alvarado (editores acad\u00e9micos)&nbsp;<br>Editorial Pontificia Universidad Javeriana ISBN (impreso): 978-628-502-008-7 ISBN (digital): 978-628-502-009-4<\/p>\n","protected":false},"excerpt":{"rendered":"<p>En Resistencias letradas, la escritura aparece como una herramienta inesperada de subversi\u00f3n: caciques, mestizos, intelectuales y otros intervinieron el archivo colonial para disputar la autoridad, narrar su pasado y reformular los fundamentos del poder imperial. <\/p>\n","protected":false},"author":163,"featured_media":49592,"comment_status":"open","ping_status":"open","sticky":false,"template":"","format":"standard","meta":{"footnotes":""},"categories":[1037,199,1157,4832,380],"tags":[371,4834,97,499],"class_list":{"0":"post-49573","1":"post","2":"type-post","3":"status-publish","4":"format-standard","5":"has-post-thumbnail","7":"category-resenas","8":"category-cultura","9":"category-destacadas","10":"category-pesquisa-74","11":"category-pesquisa-impresa","12":"tag-colombia","13":"tag-hispanoamerica","14":"tag-investigacion","15":"tag-javeriana"},"_links":{"self":[{"href":"http:\/\/www.javeriana.edu.co\/pesquisa\/wp-json\/wp\/v2\/posts\/49573","targetHints":{"allow":["GET"]}}],"collection":[{"href":"http:\/\/www.javeriana.edu.co\/pesquisa\/wp-json\/wp\/v2\/posts"}],"about":[{"href":"http:\/\/www.javeriana.edu.co\/pesquisa\/wp-json\/wp\/v2\/types\/post"}],"author":[{"embeddable":true,"href":"http:\/\/www.javeriana.edu.co\/pesquisa\/wp-json\/wp\/v2\/users\/163"}],"replies":[{"embeddable":true,"href":"http:\/\/www.javeriana.edu.co\/pesquisa\/wp-json\/wp\/v2\/comments?post=49573"}],"version-history":[{"count":4,"href":"http:\/\/www.javeriana.edu.co\/pesquisa\/wp-json\/wp\/v2\/posts\/49573\/revisions"}],"predecessor-version":[{"id":49907,"href":"http:\/\/www.javeriana.edu.co\/pesquisa\/wp-json\/wp\/v2\/posts\/49573\/revisions\/49907"}],"wp:featuredmedia":[{"embeddable":true,"href":"http:\/\/www.javeriana.edu.co\/pesquisa\/wp-json\/wp\/v2\/media\/49592"}],"wp:attachment":[{"href":"http:\/\/www.javeriana.edu.co\/pesquisa\/wp-json\/wp\/v2\/media?parent=49573"}],"wp:term":[{"taxonomy":"category","embeddable":true,"href":"http:\/\/www.javeriana.edu.co\/pesquisa\/wp-json\/wp\/v2\/categories?post=49573"},{"taxonomy":"post_tag","embeddable":true,"href":"http:\/\/www.javeriana.edu.co\/pesquisa\/wp-json\/wp\/v2\/tags?post=49573"}],"curies":[{"name":"wp","href":"https:\/\/api.w.org\/{rel}","templated":true}]}}