{"id":49646,"date":"2026-03-03T09:35:41","date_gmt":"2026-03-03T14:35:41","guid":{"rendered":"http:\/\/www.javeriana.edu.co\/pesquisa\/?p=49646"},"modified":"2026-03-03T12:03:25","modified_gmt":"2026-03-03T17:03:25","slug":"aprovechar-el-poder-de-la-curcuma","status":"publish","type":"post","link":"http:\/\/www.javeriana.edu.co\/pesquisa\/aprovechar-el-poder-de-la-curcuma\/","title":{"rendered":"Una nueva forma de\u00a0aprovechar\u00a0el poder natural de la c\u00farcuma\u00a0"},"content":{"rendered":"\n<p>\u00bfA\u00f1adir c\u00farcuma a la dieta, incluso con pimienta negra, incide en la funci\u00f3n cognitiva? La evidencia sugiere que no es tan simple, ya que los compuestos asociados a ese posible efecto constituyen apenas una fracci\u00f3n m\u00ednima del rizoma, aunque solemos consumirlo entero.<\/p>\n\n\n\n<p>La c\u00farcuma, ese ingrediente amarillo que da color y sabor a alimentos, es un tallo&nbsp; subterr\u00e1neo&nbsp;engrosado&nbsp;\u2014es decir, un&nbsp;rizoma, como el jengibre\u2014&nbsp;que tiene&nbsp;potencial digestivo, antiinflamatorio y antioxidante. Tradicionalmente se consume&nbsp;el tallo&nbsp;completo,&nbsp;en polvo, infusi\u00f3n o extractos,&nbsp;obtenidos por maceraci\u00f3n con alcoholes u otros solventes.&nbsp;<a href=\"https:\/\/pubs.acs.org\/doi\/full\/10.1021\/acsomega.3c04205\" target=\"_blank\" rel=\"noreferrer noopener\">El problema es que&nbsp;estas formas<\/a>&nbsp;de consumo&nbsp;no separan ni concentran las sustancias seg\u00fan la necesidad espec\u00edfica.&nbsp;Y, adem\u00e1s, el uso de solventes&nbsp;produce&nbsp;residuos&nbsp;que&nbsp;generan&nbsp;un&nbsp;impacto ambiental.&nbsp;<\/p>\n\n\n\n<p>De ah\u00ed que&nbsp;un grupo de investigadores de&nbsp;<a href=\"https:\/\/www.frontiersin.org\/journals\/nutrition\/articles\/10.3389\/fnut.2025.1619725\/full\" target=\"_blank\" rel=\"noreferrer noopener\">varias universidades, con participaci\u00f3n de Diego Ballesteros Vivas, profesor del Departamento de Nutrici\u00f3n y Bioqu\u00edmica de la Pontificia Universidad Javeriana<\/a>,&nbsp;desarroll\u00f3 un m\u00e9todo de extracci\u00f3n secuencial verde,&nbsp;es decir,&nbsp;un proceso por etapas en el que la misma materia prima se trata varias veces para obtener&nbsp;productos&nbsp;distintos, sin generar&nbsp;residuos&nbsp;contaminantes. En lugar de un extracto general,&nbsp;sus&nbsp;productos&nbsp;finales son&nbsp;concentraciones de&nbsp;las mol\u00e9culas con potencial terap\u00e9utico, lo que podr\u00eda traducirse en mayor efectividad en aplicaciones&nbsp;de la c\u00farcuma,&nbsp;<a href=\"https:\/\/onlinelibrary.wiley.com\/doi\/full\/10.1002\/ptr.8200\" target=\"_blank\" rel=\"noreferrer noopener\">como se ha venido estudiando en el desarrollo de productos que contribuyan al tratamiento del Alzheimer.<\/a>&nbsp;<\/p>\n\n\n\n<h4 class=\"wp-block-heading\"><strong>La c\u00farcuma y sus beneficios<\/strong>&nbsp;<\/h4>\n\n\n\n<p>Propiedades asociadas a la c\u00farcuma como su potencial digestivo y antiinflamatorio est\u00e1n ligadas a algunos compuestos\u00a0espec\u00edficos, no a todo el tallo.\u00a0Uno de ellos,\u00a0<a href=\"https:\/\/pubmed.ncbi.nlm.nih.gov\/39203857\/\" target=\"_blank\" rel=\"noreferrer noopener\">la curcumina,\u00a0supone apenas\u00a0un 3% del volumen de\u00a0un tallo de\u00a0c\u00farcuma.<\/a>\u00a0Adem\u00e1s,\u00a0estudios\u00a0recientes han indicado que otros componentes\u00a0podr\u00edan\u00a0tener\u00a0<a href=\"https:\/\/www.tandfonline.com\/doi\/full\/10.1080\/10408398.2015.1077195\" target=\"_blank\" rel=\"noreferrer noopener\">alto potencial\u00a0<\/a>antioxidante,\u00a0<a href=\"https:\/\/onlinelibrary.wiley.com\/doi\/full\/10.1002\/ptr.8200\" target=\"_blank\" rel=\"noreferrer noopener\">neuroprotector<\/a>,\u00a0antimutag\u00e9nico,\u00a0antial\u00e9rgico y anticancer\u00edgeno.\u00a0\u00a0\u00a0<\/p>\n\n\n\n<p>En&nbsp;el&nbsp;caso del&nbsp;<a href=\"https:\/\/www.javeriana.edu.co\/pesquisa\/nanotecnologia-para-combatir-el-alzheimer\/\" target=\"_blank\" rel=\"noreferrer noopener\">Alzheimer<\/a>&nbsp;hay resultados esperanzadores. Esta patolog\u00eda ocurre cuando&nbsp;se pierden neuronas colin\u00e9rgicas, responsables de producir acetilcolina, un mensajero qu\u00edmico esencial para la memoria, el aprendizaje y otras funciones del cerebro. Cuando una neurona se comunica con otra, libera acetilcolina; despu\u00e9s, una enzima llamada acetilcolinesterasa la descompone para detener la se\u00f1al.&nbsp;En&nbsp;el&nbsp;Alzheimer, con menos&nbsp;acetilcolina disponible,&nbsp;la acetilcolinesterasa&nbsp;la reduce a\u00fan m\u00e1s.&nbsp;Por eso, algunos tratamientos buscan bloquear parcialmente&nbsp;esta&nbsp;\u00faltima&nbsp;para que la&nbsp;primera&nbsp;permanezca m\u00e1s tiempo activa.&nbsp;En este contexto,&nbsp;cobran&nbsp;inter\u00e9s&nbsp;los&nbsp;curcuminoides,&nbsp;pues&nbsp;inhiben&nbsp;la acetilcolinesterasa.&nbsp;<\/p>\n\n\n\n<figure class=\"wp-block-image size-large\"><img fetchpriority=\"high\" decoding=\"async\" width=\"1024\" height=\"785\" src=\"http:\/\/www.javeriana.edu.co\/pesquisa\/wp-content\/uploads\/2026\/03\/Wavy_Med-06_Single-11-scaled-e1772548480418-1024x785.jpg\" alt=\"Una nueva forma de\u00a0aprovechar\u00a0el poder natural de la c\u00farcuma\u00a0\" class=\"wp-image-49650\" srcset=\"http:\/\/www.javeriana.edu.co\/pesquisa\/wp-content\/uploads\/2026\/03\/Wavy_Med-06_Single-11-scaled-e1772548480418-1024x785.jpg 1024w, http:\/\/www.javeriana.edu.co\/pesquisa\/wp-content\/uploads\/2026\/03\/Wavy_Med-06_Single-11-scaled-e1772548480418-300x230.jpg 300w, http:\/\/www.javeriana.edu.co\/pesquisa\/wp-content\/uploads\/2026\/03\/Wavy_Med-06_Single-11-scaled-e1772548480418-1536x1178.jpg 1536w, http:\/\/www.javeriana.edu.co\/pesquisa\/wp-content\/uploads\/2026\/03\/Wavy_Med-06_Single-11-scaled-e1772548480418-2048x1570.jpg 2048w, http:\/\/www.javeriana.edu.co\/pesquisa\/wp-content\/uploads\/2026\/03\/Wavy_Med-06_Single-11-scaled-e1772548480418-150x115.jpg 150w, http:\/\/www.javeriana.edu.co\/pesquisa\/wp-content\/uploads\/2026\/03\/Wavy_Med-06_Single-11-scaled-e1772548480418-450x345.jpg 450w, http:\/\/www.javeriana.edu.co\/pesquisa\/wp-content\/uploads\/2026\/03\/Wavy_Med-06_Single-11-scaled-e1772548480418-1200x920.jpg 1200w, http:\/\/www.javeriana.edu.co\/pesquisa\/wp-content\/uploads\/2026\/03\/Wavy_Med-06_Single-11-scaled-e1772548480418-768x589.jpg 768w\" sizes=\"(max-width: 1024px) 100vw, 1024px\" \/><\/figure>\n\n\n\n<p>Lo anterior&nbsp;plantea&nbsp;una pregunta:&nbsp;\u00bftiene sentido usar&nbsp;la c\u00farcuma&nbsp;completa para&nbsp;casos as\u00ed, si el efecto que buscamos&nbsp;puede estar concentrado en una fracci\u00f3n espec\u00edfica?&nbsp;As\u00ed nace el trabajo liderado por la Universidad Nacional de Colombia,&nbsp;sede Palmira, con la participaci\u00f3n de grupos de la Universidad Nacional en Bogot\u00e1, el laboratorio de&nbsp;Foodomics&nbsp;en Espa\u00f1a y la Pontificia Universidad Javeriana, que propuso&nbsp;la&nbsp;extracci\u00f3n secuencial en dos etapas.&nbsp;&nbsp;<\/p>\n\n\n\n<h4 class=\"wp-block-heading\">&nbsp;<br><strong>Extracci\u00f3n secuencial verde: aprovechar&nbsp;todo, paso a paso<\/strong>&nbsp;<\/h4>\n\n\n\n<p>A nivel industrial suelen hacerse extracciones de un solo paso porque son m\u00e1s econ\u00f3micas. Sin embargo, estas t\u00e9cnicas pueden requerir tiempos largos y emplear solventes poco amigables con el ambiente, cuyos residuos incluso pueden permanecer en el producto final. \u201cLa alternativa es trabajar por etapas\u201d, afirma Diego Ballesteros, \u201cen lugar de obtener un \u00fanico producto, se realiza una primera extracci\u00f3n y el material restante se aprovecha en un segundo proceso para obtener otra fracci\u00f3n, como se hace, por ejemplo, en la biorrefiner\u00eda\u201d.&nbsp;Los pasos que siguieron los investigadores y que describen en un art\u00edculo cient\u00edfico publicado en&nbsp;<a href=\"https:\/\/www.frontiersin.org\/journals\/nutrition\/articles\/10.3389\/fnut.2025.1619725\/full\" target=\"_blank\" rel=\"noreferrer noopener\"><em>Frontiers in Nutrition<\/em><\/a><em>&nbsp;<\/em>(Q1), son los siguientes:<strong>&nbsp;<\/strong>&nbsp;<\/p>\n\n\n\n<p><strong>En la primera fase<\/strong>&nbsp;se utiliz\u00f3 di\u00f3xido de carbono sometido a alta presi\u00f3n y temperatura, lo que le permite comportarse como un gas y un l\u00edquido al mismo tiempo. As\u00ed, puede penetrar el material vegetal y arrastrar ciertos compuestos sin dejar residuos t\u00f3xicos.&nbsp;Luego de estudiar&nbsp;diferentes condiciones&nbsp;de extracci\u00f3n,&nbsp;se optimiz\u00f3 el proceso para obtener la mayor cantidad posible de aceite esencial de c\u00farcuma, usado habitualmente en alimentos, perfumer\u00eda o como antimicrobiano natural.&nbsp;<\/p>\n\n\n\n<p>M\u00e1s all\u00e1 de obtener este aceite,\u00a0este paso permiti\u00f3\u00a0retirar,\u00a0primero,\u00a0los compuestos m\u00e1s grasos y arom\u00e1ticos\u00a0y de esa manera preparar\u00a0la materia prima para la segunda etapa.\u00a0\u201cEsto\u00a0hizo\u00a0que despu\u00e9s fuera m\u00e1s f\u00e1cil concentrar las mol\u00e9culas\u00a0con actividad\u00a0antioxidante y potenciar\u00a0el\u00a0efecto\u00a0neuroprotector\u201d, afirma <a href=\"https:\/\/perfilesycapacidades.javeriana.edu.co\/es\/persons\/diego_ballesteros\/\">Ballesteros.<\/a>\u00a0<\/p>\n\n\n\n<p><strong>En la segunda fase,<\/strong>&nbsp;se aplic\u00f3 ultrasonido con etanol para liberar los compuestos internos de la c\u00farcuma. Las ondas generan microburbujas que rompen las paredes celulares y facilitan la extracci\u00f3n. El equipo prob\u00f3 distintas combinaciones de temperatura, cantidad de etanol y potencia,&nbsp;que resultaron&nbsp;en&nbsp;17 extractos. En cada uno se midi\u00f3 la presencia de polifenoles \u2014sustancias vegetales con efecto antioxidante\u2014 y&nbsp;curcuminoides, entre ellos la curcumina, recordemos, con potencial para inhibir enzimas asociadas al&nbsp;<a href=\"https:\/\/www.javeriana.edu.co\/pesquisa\/francisco-lopera-faro-otra-ciencia\/\" target=\"_blank\" rel=\"noreferrer noopener\">Alzheimer<\/a>.&nbsp;<\/p>\n\n\n\n<figure class=\"wp-block-image size-large\"><img decoding=\"async\" width=\"1024\" height=\"731\" src=\"http:\/\/www.javeriana.edu.co\/pesquisa\/wp-content\/uploads\/2026\/03\/alzheimer-1024x731.jpg\" alt=\"Una nueva forma de\u00a0aprovechar\u00a0el poder natural de la c\u00farcuma\u00a0\" class=\"wp-image-49661\" srcset=\"http:\/\/www.javeriana.edu.co\/pesquisa\/wp-content\/uploads\/2026\/03\/alzheimer-1024x731.jpg 1024w, http:\/\/www.javeriana.edu.co\/pesquisa\/wp-content\/uploads\/2026\/03\/alzheimer-300x214.jpg 300w, http:\/\/www.javeriana.edu.co\/pesquisa\/wp-content\/uploads\/2026\/03\/alzheimer-150x107.jpg 150w, http:\/\/www.javeriana.edu.co\/pesquisa\/wp-content\/uploads\/2026\/03\/alzheimer-450x321.jpg 450w, http:\/\/www.javeriana.edu.co\/pesquisa\/wp-content\/uploads\/2026\/03\/alzheimer-1200x857.jpg 1200w, http:\/\/www.javeriana.edu.co\/pesquisa\/wp-content\/uploads\/2026\/03\/alzheimer-768x548.jpg 768w, http:\/\/www.javeriana.edu.co\/pesquisa\/wp-content\/uploads\/2026\/03\/alzheimer.jpg 1280w\" sizes=\"(max-width: 1024px) 100vw, 1024px\" \/><\/figure>\n\n\n\n<p>En esta fase fue clave la participaci\u00f3n de la&nbsp;Pontificia Universidad Javeriana.&nbsp;<a href=\"https:\/\/perfilesycapacidades.javeriana.edu.co\/es\/organisations\/alimentos-nutrici%C3%B3n-y-salud\/\" target=\"_blank\" rel=\"noreferrer noopener\">El grupo Alimentos, Nutrici\u00f3n y Salud<\/a>&nbsp;realiz\u00f3 la caracterizaci\u00f3n qu\u00edmica avanzada de los 17 extractos para identificar sus componentes y relacionarlos con sus efectos. Esto permiti\u00f3 comparar los resultados y determinar cu\u00e1l de todos era el extracto m\u00e1s&nbsp;activo.&nbsp;\u201cEncontramos resultados muy potentes. En el Alzheimer no solo hay un d\u00e9ficit de acetilcolina; tambi\u00e9n existe un proceso de inflamaci\u00f3n cr\u00f3nica asociado a la enzima lipoxigenasa.&nbsp;Varios extractos&nbsp;demostraron servir contra ambos\u201d, explica Ballesteros.&nbsp;<\/p>\n\n\n\n<p>Finalmente,&nbsp;los&nbsp;curcuminoides, aunque prometedores, tienen una gran limitaci\u00f3n:&nbsp;su dif\u00edcil&nbsp;disoluci\u00f3n&nbsp;en agua debido a su contenido graso&nbsp;es un obst\u00e1culo para&nbsp;que&nbsp;se&nbsp;puedan generar productos comercializables&nbsp;(alimentos,&nbsp;medicamentos,&nbsp;etc.). Para superar ese obst\u00e1culo, el equipo desarroll\u00f3 una&nbsp;nanoemulsi\u00f3n&nbsp;de&nbsp;aceite en agua, es decir, una mezcla donde diminutas gotas del extracto quedan dispersas en una fase acuosa.&nbsp;De esa manera, el sistema se mantiene homog\u00e9neo y facilita su uso.&nbsp;<\/p>\n\n\n\n<p>Adem\u00e1s,&nbsp;los investigadores&nbsp;evaluaron&nbsp;la&nbsp;evoluci\u00f3n&nbsp;de esta&nbsp;emulsi\u00f3n&nbsp;durante 15 d\u00edas,&nbsp;puesto que&nbsp;este tipo de sistemas&nbsp;pueden ser inestables en el tiempo.&nbsp;Encontraron que era estable, lo que representa un avance notable, como resume Ballesteros:&nbsp;\u201cCon esto ya podemos pensar en el desarrollo de productos, por ejemplo, bebidas de uso alimentario, farmac\u00e9utico o&nbsp;fitoterap\u00e9utico, que permitan aumentar la disponibilidad de estos compuestos y aprovechar mejor su potencial\u201d.&nbsp;<\/p>\n\n\n\n<p>El profesor concluye que,&nbsp;\u201cen ocasiones,&nbsp;los investigadores&nbsp;desarrollamos&nbsp;estrategias de extracci\u00f3n que resultan ser novedosas, pero los productos que se obtienen pierden bioactividad&nbsp;cuando no son incorporados en sistemas que garanticen su estabilidad\u201d. Justo por eso, el valor del&nbsp;enfoque&nbsp;que han adoptado&nbsp;no est\u00e1 solo en innovar&nbsp;en&nbsp;el&nbsp;m\u00e9todo, sino en asegurar que&nbsp;los productos&nbsp;obtenidos&nbsp;tengan efectos potenciados&nbsp;y puedan&nbsp;traducirse en aplicaciones reales.&nbsp;<\/p>\n","protected":false},"excerpt":{"rendered":"<p>\u00bfRealmente tomar c\u00farcuma incide en la funci\u00f3n cognitiva? La evidencia indica que no es tan simple, pues los compuestos asociados a ese efecto representan solo una fracci\u00f3n del rizoma. Por eso, un equipo con participaci\u00f3n de la Pontificia Universidad Javeriana desarroll\u00f3 un m\u00e9todo m\u00e1s preciso y sostenible para concentrarlos.<\/p>\n","protected":false},"author":160,"featured_media":49649,"comment_status":"open","ping_status":"open","sticky":false,"template":"","format":"standard","meta":{"footnotes":""},"categories":[374,1157,373],"tags":[517,2123,4835,76,499,2074],"class_list":{"0":"post-49646","1":"post","2":"type-post","3":"status-publish","4":"format-standard","5":"has-post-thumbnail","7":"category-salud","8":"category-destacadas","9":"category-sociedad","10":"tag-bienestar","11":"tag-ciencias","12":"tag-curcuma","13":"tag-fitomedicamentos","14":"tag-javeriana","15":"tag-quimica"},"_links":{"self":[{"href":"http:\/\/www.javeriana.edu.co\/pesquisa\/wp-json\/wp\/v2\/posts\/49646","targetHints":{"allow":["GET"]}}],"collection":[{"href":"http:\/\/www.javeriana.edu.co\/pesquisa\/wp-json\/wp\/v2\/posts"}],"about":[{"href":"http:\/\/www.javeriana.edu.co\/pesquisa\/wp-json\/wp\/v2\/types\/post"}],"author":[{"embeddable":true,"href":"http:\/\/www.javeriana.edu.co\/pesquisa\/wp-json\/wp\/v2\/users\/160"}],"replies":[{"embeddable":true,"href":"http:\/\/www.javeriana.edu.co\/pesquisa\/wp-json\/wp\/v2\/comments?post=49646"}],"version-history":[{"count":10,"href":"http:\/\/www.javeriana.edu.co\/pesquisa\/wp-json\/wp\/v2\/posts\/49646\/revisions"}],"predecessor-version":[{"id":49665,"href":"http:\/\/www.javeriana.edu.co\/pesquisa\/wp-json\/wp\/v2\/posts\/49646\/revisions\/49665"}],"wp:featuredmedia":[{"embeddable":true,"href":"http:\/\/www.javeriana.edu.co\/pesquisa\/wp-json\/wp\/v2\/media\/49649"}],"wp:attachment":[{"href":"http:\/\/www.javeriana.edu.co\/pesquisa\/wp-json\/wp\/v2\/media?parent=49646"}],"wp:term":[{"taxonomy":"category","embeddable":true,"href":"http:\/\/www.javeriana.edu.co\/pesquisa\/wp-json\/wp\/v2\/categories?post=49646"},{"taxonomy":"post_tag","embeddable":true,"href":"http:\/\/www.javeriana.edu.co\/pesquisa\/wp-json\/wp\/v2\/tags?post=49646"}],"curies":[{"name":"wp","href":"https:\/\/api.w.org\/{rel}","templated":true}]}}