{"id":49994,"date":"2026-03-10T08:56:38","date_gmt":"2026-03-10T13:56:38","guid":{"rendered":"http:\/\/www.javeriana.edu.co\/pesquisa\/?p=49994"},"modified":"2026-03-11T09:21:29","modified_gmt":"2026-03-11T14:21:29","slug":"emociones-elecciones-colombia","status":"publish","type":"post","link":"http:\/\/www.javeriana.edu.co\/pesquisa\/emociones-elecciones-colombia\/","title":{"rendered":"De mentiras, emociones y discursos en el proceso electoral colombiano"},"content":{"rendered":"\n<p>El&nbsp;ascenso de autoritarismos y populismos alrededor del mundo&nbsp;y&nbsp;el&nbsp;incremento en el&nbsp;peso&nbsp;que tienen&nbsp;las&nbsp;redes sociales y la comunicaci\u00f3n&nbsp;en c\u00f3mo&nbsp;los&nbsp;votantes&nbsp;tomen&nbsp;sus decisiones,&nbsp;han marcado este a\u00f1o electoral en Colombia. Por eso,&nbsp;Pesquisa Javeriana&nbsp;y un grupo de profesores de la Pontificia Universidad Javeriana&nbsp;inauguran&nbsp;un espacio para discutir, desde la evidencia y la producci\u00f3n acad\u00e9mica,&nbsp;los conceptos que rondan en estas elecciones, los discursos que los movilizan y las emociones que buscan despertar.&nbsp;<\/p>\n\n\n\n<p>A trav\u00e9s de una serie de podcast&nbsp;que explora la comunicaci\u00f3n pol\u00edtica en el mundo digital,&nbsp;la visualizaci\u00f3n de&nbsp;una medici\u00f3n en tiempo real de las emociones que&nbsp;se&nbsp;suscitan en redes sociales y el an\u00e1lisis&nbsp;con estudiantes universitario&nbsp;de&nbsp;los&nbsp;programas de gobierno&nbsp;de los candidatos a la presidencia, queremos cualificar el debate electoral este 2026. Junto a profesores de&nbsp;Comunicaci\u00f3n,&nbsp;Filosof\u00eda&nbsp;e Ingenier\u00eda, que han investigado sobre estas preguntas en sus respectivas disciplinas,&nbsp;brindaremos a nuestra audiencia herramientas de an\u00e1lisis sobre los fen\u00f3menos pol\u00edticos, tecnol\u00f3gicos y comunicacionales que observamos.&nbsp;<\/p>\n\n\n\n<p>Ha&nbsp;pasado&nbsp;una d\u00e9cada&nbsp;desde&nbsp;aquel 2016:&nbsp;a\u00f1o en&nbsp;que&nbsp;el&nbsp;\u2018No\u2019&nbsp;venci\u00f3&nbsp;en el plebiscito para refrendar el Acuerdo de Paz en Colombia,&nbsp;Donald&nbsp;Trump&nbsp;gan\u00f3 su primera contienda&nbsp;a la presidencia de Estados Unidos y,&nbsp;tambi\u00e9n,&nbsp;sali\u00f3 victorioso&nbsp;el&nbsp;Brexit,&nbsp;el referendo&nbsp;que marc\u00f3 la salida del Reino Unido de la Uni\u00f3n Europea.&nbsp;Desde entonces, la academia ha avanzado en entender c\u00f3mo ha cambiado la manera de hacer pol\u00edtica, de comunicar y de relacionarse con los ciudadanos.&nbsp;<\/p>\n\n\n\n<p>De all\u00ed que, en Pesquisa Javeriana, decidimos unir a&nbsp;los&nbsp;profesores&nbsp;Juan&nbsp;Samuel Santos, de la Facultad de Filosof\u00eda; Liliana G\u00f3mez, de la Facultad de Comunicaci\u00f3n y Lenguaje, y Luis Gabriel Moreno, de la Facultad de Ingenier\u00eda&nbsp;con experticia en An\u00e1lisis de Datos y Big Data,&nbsp;para&nbsp;producir&nbsp;una serie de contenidos&nbsp;transmedia&nbsp;desde marzo, en los que queremos reflexionar sobre c\u00f3mo se produce y circulan&nbsp;los discursos y emociones en&nbsp;la actual&nbsp;campa\u00f1a.&nbsp;<\/p>\n\n\n\n<p>Tomaremos distancia de discusiones netamente ideol\u00f3gicas.&nbsp;Nuestro inter\u00e9s, por otro lado, est\u00e1 en&nbsp;<a href=\"https:\/\/moe.org.co\/mapas-y-factores-de-riesgo-electoral-elecciones-nacionales-2026\/\" target=\"_blank\" rel=\"noreferrer noopener\">algunos de&nbsp;los riesgos identificados&nbsp;por&nbsp;la&nbsp;Misi\u00f3n de Observaci\u00f3n Electoral (MOE)&nbsp;<\/a>para este 2026,&nbsp;como la extrema&nbsp;polarizaci\u00f3n,&nbsp;las&nbsp;campa\u00f1as de desprestigio digital,&nbsp;los&nbsp;discursos estigmatizantes,&nbsp;las&nbsp;noticias falsas, la desinformaci\u00f3n&nbsp;y&nbsp;el&nbsp;uso de inteligencia artificial, junto a otros que hemos observado, como el desencanto de los j\u00f3venes con la pol\u00edtica electoral.&nbsp;Todos estos temas los&nbsp;abordaremos con una perspectiva interdisciplinar y bas\u00e1ndonos&nbsp;en investigaciones cient\u00edficas javerianas, en diferentes formatos.&nbsp;<\/p>\n\n\n\n<h4 class=\"wp-block-heading\"><strong>Podcast \u2018Poder Conectado\u2019<\/strong>&nbsp;<\/h4>\n\n\n\n<p>Pesquisa Javeriana&nbsp;co-producir\u00e1&nbsp;una nueva temporada del podcast&nbsp;<em>Poder Conectado,&nbsp;<\/em>producido por los profesores javerianos&nbsp;<a href=\"https:\/\/perfilesycapacidades.javeriana.edu.co\/es\/persons\/lilianagomezc\/publications\/\" target=\"_blank\" rel=\"noreferrer noopener\">Liliana G\u00f3mez<\/a>, Carlos Arias y Juan Carlos Valencia.&nbsp;G\u00f3mez, nueva directora de la&nbsp;<a href=\"https:\/\/www.javeriana.edu.co\/unesco\/\" target=\"_blank\" rel=\"noreferrer noopener\">c\u00e1tedra Unesco de Comunicaci\u00f3n<\/a>, ha volcado su carrera acad\u00e9mica&nbsp;a estudiar la comunicaci\u00f3n pol\u00edtica&nbsp;y los discursos medi\u00e1ticos&nbsp;en la era digital.&nbsp;&nbsp;<\/p>\n\n\n\n<p>Luego de dos temporadas&nbsp;<a href=\"https:\/\/open.spotify.com\/show\/7kR2Egnlmd0cBMelZDDJrI?si=76a83ddba747487b\" target=\"_blank\" rel=\"noreferrer noopener\">publicadas en Spotify<\/a>,&nbsp;esta nueva serie&nbsp;ser\u00e1&nbsp;un video podcast,&nbsp;en el que, de la mano de acad\u00e9micos de distintas disciplinas abordaremos temas como la mentira en la pol\u00edtica, las emociones en&nbsp;la pol\u00edtica mediatizada, la soberan\u00eda digital&nbsp;y la&nbsp;desinformaci\u00f3n.&nbsp;&nbsp;<\/p>\n\n\n\n<iframe data-testid=\"embed-iframe\" style=\"border-radius:12px\" src=\"https:\/\/open.spotify.com\/embed\/show\/7kR2Egnlmd0cBMelZDDJrI?utm_source=generator\" width=\"100%\" height=\"352\" frameBorder=\"0\" allowfullscreen=\"\" allow=\"autoplay; clipboard-write; encrypted-media; fullscreen; picture-in-picture\" loading=\"lazy\"><\/iframe>\n\n\n\n<p>El primer episodio de este video podcast\u00a0tendr\u00e1 como invitado al profesor Juan Samuel Santos, fil\u00f3sofo y autor del libro \u2018<a href=\"https:\/\/perfilesycapacidades.javeriana.edu.co\/es\/publications\/forzados-a-creer-una-mirada-filos%C3%B3fica-a-la-naturaleza-del-enga%C3%B1o\/\" target=\"_blank\" rel=\"noreferrer noopener\">Forzados a creer: Una mirada filos\u00f3fica a la naturaleza del enga\u00f1o\u2019.<\/a>\u00a0Santos conversar\u00e1 con G\u00f3mez sobre\u00a0los autores \u2013de Derrida a Hanna Arendt\u2013 que han reflexionado sobre la mentira en la pol\u00edtica y expondr\u00e1\u00a0la tesis que defiende en su libro: que el enga\u00f1o es mucho m\u00e1s que el simple acto de mentir, pues es un dispositivo social que socava la autonom\u00eda y la posibilidad de la acci\u00f3n pol\u00edtica. <\/p>\n\n\n\n<p>Este primer episodio ser\u00e1\u00a0publicado\u00a0en la semana del\u00a016 de marzo\u00a0en el portal web de Pesquisa, en los canales de Spotofy de UniJaveriana y de Pesquisa,\u00a0y en\u00a0<a href=\"https:\/\/www.youtube.com\/@pesquisajaveriana\" target=\"_blank\" rel=\"noreferrer noopener\">nuestro canal de Youtube<\/a>.\u00a0<\/p>\n\n\n\n<h4 class=\"wp-block-heading\"><strong>Term\u00f3metros de emociones<\/strong>&nbsp;<\/h4>\n\n\n\n<p>Adem\u00e1s, de la mano del profesor&nbsp;<a href=\"https:\/\/perfilesycapacidades.javeriana.edu.co\/es\/persons\/morenoluis\/\" target=\"_blank\" rel=\"noreferrer noopener\">Luis Gabriel Moreno<\/a>, haremos una medici\u00f3n&nbsp;de las emociones en redes sociales en torno al debate electoral. Moreno&nbsp;ha utilizado la&nbsp;inteligencia artificial&nbsp;para analizar&nbsp;<a href=\"https:\/\/www.javeriana.edu.co\/pesquisa\/inteligencia-artificial-red-social\/\" target=\"_blank\" rel=\"noreferrer noopener\">discursos de odio en redes sociales<\/a>&nbsp;y para generar un&nbsp;<em>chatbot&nbsp;<\/em>que recoge los hallazgos del Informe Final de la Comisi\u00f3n de la Verdad&nbsp;<a href=\"https:\/\/www.javeriana.edu.co\/pesquisa\/inteligencia-artificial-conflicto-2\/\" target=\"_blank\" rel=\"noreferrer noopener\">sobre&nbsp;el conflicto armado en Colombia<\/a>.&nbsp;&nbsp;<\/p>\n\n\n\n<p>En&nbsp;las&nbsp;mediciones&nbsp;de este proyecto, Moreno utilizar\u00e1 algoritmos dise\u00f1ados por \u00e9l y sus estudiantes para&nbsp;analizar los mensajes m\u00e1s compartidos en redes sociales sobre la contienda electoral y desentra\u00f1ar qu\u00e9&nbsp;emociones&nbsp;pretenden despertar en la audiencia. Esp\u00e9relos a partir de finales&nbsp;de marzo en todos los canales de Pesquisa Javeriana.&nbsp;<\/p>\n\n\n\n<h4 class=\"wp-block-heading\"><strong>Laboratorios con estudiantes<\/strong>&nbsp;<\/h4>\n\n\n\n<p>Finalmente, el profesor Santos conducir\u00e1&nbsp;unos laboratorios con estudiantes orientados a reflexionar sobre la agencia de los ciudadanos a la hora de tomar decisiones en el proceso electoral.&nbsp;Junto a&nbsp;grupos de distintos pregrados, el profesor&nbsp;recoger\u00e1 sus percepciones sobre los&nbsp;programas de gobierno&nbsp;de los candidatos a la Presidencia, las narrativas que han posicionado y las emociones que movilizan en sus discursos.&nbsp;&nbsp;<\/p>\n\n\n\n<p>Con esta alianza transdisciplinar, Pesquisa Javeriana le apuesta a&nbsp;cualificar&nbsp;el debate&nbsp;electoral con conceptos necesarios para un mundo hiperconectado y a&nbsp;promover&nbsp;el&nbsp;pensamiento cr\u00edtico en&nbsp;nuestras&nbsp;audiencias sobre la manera en la que toman decisiones electorales.&nbsp;Igualmente, a promover la conversaci\u00f3n entre diferentes saberes acad\u00e9micos para enriquecer la toma de decisiones de la sociedad.&nbsp;<\/p>\n\n\n\n<p>Sigue nuestras redes sociales para que te enteres de las pr\u00f3ximas publicaciones.&nbsp;&nbsp;<\/p>\n","protected":false},"excerpt":{"rendered":"<p>Investigadores javerianos se unen al equipo period\u00edstico de Pesquisa Javeriana para analizar con evidencia cient\u00edfica la manera en la que interact\u00faan la tecnolog\u00eda, las emociones y algunas pr\u00e1cticas pol\u00edticas en las elecciones de Colombia.  <\/p>\n","protected":false},"author":164,"featured_media":49998,"comment_status":"open","ping_status":"open","sticky":false,"template":"","format":"standard","meta":{"footnotes":""},"categories":[373,1157,4594],"tags":[371,1172,97],"class_list":{"0":"post-49994","1":"post","2":"type-post","3":"status-publish","4":"format-standard","5":"has-post-thumbnail","7":"category-sociedad","8":"category-destacadas","9":"category-inteligencia-artificial","10":"tag-colombia","11":"tag-elecciones","12":"tag-investigacion"},"_links":{"self":[{"href":"http:\/\/www.javeriana.edu.co\/pesquisa\/wp-json\/wp\/v2\/posts\/49994","targetHints":{"allow":["GET"]}}],"collection":[{"href":"http:\/\/www.javeriana.edu.co\/pesquisa\/wp-json\/wp\/v2\/posts"}],"about":[{"href":"http:\/\/www.javeriana.edu.co\/pesquisa\/wp-json\/wp\/v2\/types\/post"}],"author":[{"embeddable":true,"href":"http:\/\/www.javeriana.edu.co\/pesquisa\/wp-json\/wp\/v2\/users\/164"}],"replies":[{"embeddable":true,"href":"http:\/\/www.javeriana.edu.co\/pesquisa\/wp-json\/wp\/v2\/comments?post=49994"}],"version-history":[{"count":2,"href":"http:\/\/www.javeriana.edu.co\/pesquisa\/wp-json\/wp\/v2\/posts\/49994\/revisions"}],"predecessor-version":[{"id":49996,"href":"http:\/\/www.javeriana.edu.co\/pesquisa\/wp-json\/wp\/v2\/posts\/49994\/revisions\/49996"}],"wp:featuredmedia":[{"embeddable":true,"href":"http:\/\/www.javeriana.edu.co\/pesquisa\/wp-json\/wp\/v2\/media\/49998"}],"wp:attachment":[{"href":"http:\/\/www.javeriana.edu.co\/pesquisa\/wp-json\/wp\/v2\/media?parent=49994"}],"wp:term":[{"taxonomy":"category","embeddable":true,"href":"http:\/\/www.javeriana.edu.co\/pesquisa\/wp-json\/wp\/v2\/categories?post=49994"},{"taxonomy":"post_tag","embeddable":true,"href":"http:\/\/www.javeriana.edu.co\/pesquisa\/wp-json\/wp\/v2\/tags?post=49994"}],"curies":[{"name":"wp","href":"https:\/\/api.w.org\/{rel}","templated":true}]}}