{"id":50163,"date":"2026-03-27T14:36:40","date_gmt":"2026-03-27T19:36:40","guid":{"rendered":"http:\/\/www.javeriana.edu.co\/pesquisa\/?p=50163"},"modified":"2026-04-03T11:04:09","modified_gmt":"2026-04-03T16:04:09","slug":"ecosistema-salud-bogota","status":"publish","type":"post","link":"http:\/\/www.javeriana.edu.co\/pesquisa\/ecosistema-salud-bogota\/","title":{"rendered":"Bogot\u00e1\u00a0da un paso hacia la\u00a0soberan\u00eda sanitaria, de la mano de Estado, universidades y empresas\u00a0"},"content":{"rendered":"\n<p>Durante los&nbsp;momentos&nbsp;m\u00e1s&nbsp;dif\u00edciles&nbsp;de la pandemia de COVID-19,&nbsp;vimos como pa\u00eds que no est\u00e1bamos listos para enfrentar&nbsp;una presi\u00f3n as\u00ed en el sistema de salud.&nbsp;Como muchos&nbsp;otros&nbsp;pa\u00edses,&nbsp;tuvimos que&nbsp;esperar&nbsp;nuestro turno en la fila&nbsp;para&nbsp;comprar&nbsp;capacidades diagn\u00f3sticas, tratamientos y vacunas&nbsp;que permitiera el manejo de una crisis sin precedentes en los \u00faltimos 500 a\u00f1os.&nbsp;<\/p>\n\n\n\n<p>Esa espera revel\u00f3&nbsp;el peligro de&nbsp;depender cient\u00edfica&nbsp;y tecnol\u00f3gicamente&nbsp;de otros pa\u00edses&nbsp;y qued\u00f3&nbsp;claro que,&nbsp;ante la crisis,&nbsp;Colombia no&nbsp;es due\u00f1o&nbsp;ni de su tiempo ni de sus soluciones.&nbsp;Con el fin de&nbsp;evitar que algo as\u00ed suceda de nuevo&nbsp;y fortalecer las capacidades de la ciudad para gestionar sus propias soluciones en salud&nbsp;nace&nbsp;el\u202f<strong>Ecosistema Distrital de Innovaci\u00f3n en Biotecnolog\u00eda y Salud Digital.&nbsp;<\/strong>&nbsp;<\/p>\n\n\n\n<p>Se trata de&nbsp;una iniciativa liderada por la Pontificia Universidad Javeriana en alianza con la&nbsp;<a href=\"https:\/\/www.agenciaatenea.gov.co\/\" target=\"_blank\" rel=\"noreferrer noopener\">Agencia ATENEA<\/a>&nbsp;y la&nbsp;<a href=\"https:\/\/www.saludcapital.gov.co\/Paginas2\/Inicio.aspx\" target=\"_blank\" rel=\"noreferrer noopener\">Secretar\u00eda Distrital de Salud<\/a>&nbsp;que busca construir&nbsp;soberan\u00eda sanitaria en Bogot\u00e1&nbsp;y cuyo lanzamiento ser\u00e1 el&nbsp;pr\u00f3ximo&nbsp;13 de abril. Esta red&nbsp;no busca&nbsp;aglomerar&nbsp;ser una serie de&nbsp;proyectos&nbsp;de investigaci\u00f3n aislados,&nbsp;sino&nbsp;construir&nbsp;un ecosistema vivo cuyos actores (universidades,&nbsp;<em>startups<\/em>, hospitales y&nbsp;la administraci\u00f3n distrital)&nbsp;construyan&nbsp;un sistema de defensa para la salud de la ciudad&nbsp;y el pa\u00eds.&nbsp;<\/p>\n\n\n\n<h3 class=\"wp-block-heading\"><strong>\u00bfQu\u00e9 es la soberan\u00eda sanitaria?<\/strong>&nbsp;<\/h3>\n\n\n\n<p>Cuando hablamos de&nbsp;soberan\u00eda solemos pensar en&nbsp;fronteras,&nbsp;en balanza&nbsp;comercial&nbsp;o&nbsp;en&nbsp;recursos energ\u00e9ticos. Pero cuando lo consideramos en clave de salud, tiene que ver con&nbsp;la capacidad cient\u00edfica y t\u00e9cnica de cuidarnos y construir nuestras propias soluciones, explica&nbsp;<a href=\"https:\/\/perfilesycapacidades.javeriana.edu.co\/es\/persons\/cjalmeciga\/\" target=\"_blank\" rel=\"noreferrer noopener\">Carlos Javier Alm\u00e9ciga D\u00edaz<\/a>,&nbsp;profesor titular del&nbsp;<a href=\"https:\/\/perfilesycapacidades.javeriana.edu.co\/es\/organisations\/instituto-de-errores-innatos-del-metabolismo\/\" target=\"_blank\" rel=\"noreferrer noopener\">Instituto de Errores Innatos del Metabolismo<\/a>&nbsp;y&nbsp;director cient\u00edfico del&nbsp;Ecosistema.&nbsp;<\/p>\n\n\n\n<blockquote class=\"wp-block-quote is-layout-flow wp-block-quote-is-layout-flow\">\n<p><em>\u201cNo es solo c\u00f3mo hago un medicamento, sino c\u00f3mo puedo tomar decisiones para mi poblaci\u00f3n con base en mis propios datos\u201d Carlos&nbsp;Alm\u00e9ciga.<\/em>&nbsp;<\/p>\n<\/blockquote>\n\n\n\n<p>La idea es&nbsp;que,&nbsp;en el futuro, Bogot\u00e1 tenga&nbsp;la capacidad real de ofrecer tecnolog\u00edas sanitarias (medicamentos, datos&nbsp;e&nbsp;intervenciones) sin depender de mercados internacionales o la disponibilidad de inventarios en&nbsp;pa\u00edses productores de estos recursos, explica el investigador javeriano.&nbsp;\u201cNo es solo c\u00f3mo hago un medicamento, sino c\u00f3mo puedo tomar decisiones para mi poblaci\u00f3n con base en mis propios datos\u201d, a\u00f1ade&nbsp;el investigador.&nbsp;<\/p>\n\n\n\n<p>Seg\u00fan el experto, Colombia tiene una industria farmac\u00e9utica robusta en la producci\u00f3n de\u202fgen\u00e9ricos,&nbsp;medicamentos cuya patente ya venci\u00f3 y de los cuales ya conocemos la&nbsp;\u201creceta\u201d,&nbsp;pero estamos atrasados en la innovaci\u00f3n&nbsp;biotecnol\u00f3gica. Hoy, el pa\u00eds es un experto cocinero de platos ajenos, pero el ecosistema quiere que Bogot\u00e1&nbsp;comience a escribir su propio libro de&nbsp;recetas. El reto, comenta el investigador,&nbsp;es pasar de la manufactura&nbsp;y el&nbsp;ensamblaje de mol\u00e9culas al dise\u00f1o de soluciones originales.&nbsp;<\/p>\n\n\n\n<p>Para hacer realidad las soluciones en salud que proyecta el ecosistema la trayectoria&nbsp;y las capacidades&nbsp;de la Javeriana&nbsp;son fundamentales.&nbsp;La Universidad&nbsp;ha venido construyendo fortalezas en salud, biotecnolog\u00eda y transferencia,&nbsp;as\u00ed como en&nbsp;salud digital, pruebas diagn\u00f3sticas, biodiversidad aplicada a la salud,&nbsp;bioterap\u00e9uticos&nbsp;y terapias avanzadas. \u201cEsto le permite entender c\u00f3mo conectar&nbsp;tecnolog\u00eda, informaci\u00f3n y necesidades reales del sistema de salud\u201d,&nbsp;as\u00ed lo explica&nbsp;<a href=\"https:\/\/perfilesycapacidades.javeriana.edu.co\/es\/persons\/alexandra-pomares-quimbaya\/\" target=\"_blank\" rel=\"noreferrer noopener\">Alexandra Pomares<\/a>,&nbsp;directora&nbsp;de&nbsp;investigaci\u00f3n y&nbsp;profesora&nbsp;titular&nbsp;en&nbsp;la&nbsp;Pontificia Universidad&nbsp;Javeriana.&nbsp;&nbsp;<\/p>\n\n\n\n<figure class=\"wp-block-image size-large\"><img fetchpriority=\"high\" decoding=\"async\" width=\"1024\" height=\"436\" src=\"http:\/\/www.javeriana.edu.co\/pesquisa\/wp-content\/uploads\/2026\/03\/Investgiadores-laboratorio-1024x436.jpg\" alt=\"Dos investigadores trabajando en un laboratorio con microscopios y reactivos en un entorno cient\u00edfico moderno\" class=\"wp-image-50165\" srcset=\"http:\/\/www.javeriana.edu.co\/pesquisa\/wp-content\/uploads\/2026\/03\/Investgiadores-laboratorio-1024x436.jpg 1024w, http:\/\/www.javeriana.edu.co\/pesquisa\/wp-content\/uploads\/2026\/03\/Investgiadores-laboratorio-300x128.jpg 300w, http:\/\/www.javeriana.edu.co\/pesquisa\/wp-content\/uploads\/2026\/03\/Investgiadores-laboratorio-1536x654.jpg 1536w, http:\/\/www.javeriana.edu.co\/pesquisa\/wp-content\/uploads\/2026\/03\/Investgiadores-laboratorio-2048x871.jpg 2048w, http:\/\/www.javeriana.edu.co\/pesquisa\/wp-content\/uploads\/2026\/03\/Investgiadores-laboratorio-150x64.jpg 150w, http:\/\/www.javeriana.edu.co\/pesquisa\/wp-content\/uploads\/2026\/03\/Investgiadores-laboratorio-450x191.jpg 450w, http:\/\/www.javeriana.edu.co\/pesquisa\/wp-content\/uploads\/2026\/03\/Investgiadores-laboratorio-1200x511.jpg 1200w, http:\/\/www.javeriana.edu.co\/pesquisa\/wp-content\/uploads\/2026\/03\/Investgiadores-laboratorio-768x327.jpg 768w\" sizes=\"(max-width: 1024px) 100vw, 1024px\" \/><figcaption class=\"wp-element-caption\">La investigaci\u00f3n cient\u00edfica es uno de los pilares del ecosistema para el desarrollo de soluciones en salud.<\/figcaption><\/figure>\n\n\n\n<h3 class=\"wp-block-heading\"><strong>Tres frentes para una ciudad&nbsp;biotecnol\u00f3gica&nbsp;<\/strong>&nbsp;<\/h3>\n\n\n\n<p>El ecosistema&nbsp;est\u00e1 formado por tres&nbsp;ejes&nbsp;tem\u00e1ticos&nbsp;que funcionan como los pilares de una casa&nbsp;y responden a necesidades importantes de la ciudad. Estos pilares, a su vez, est\u00e1n&nbsp;integrados por 9 proyectos&nbsp;que&nbsp;aprovechan&nbsp;entre s\u00ed&nbsp;las capacidades t\u00e9cnicas y cient\u00edficas que&nbsp;aporta&nbsp;cada uno.&nbsp;&nbsp;<\/p>\n\n\n\n<p>El primer pilar es el de&nbsp;<strong>Salud Digital e Inteligencia Epidemiol\u00f3gica<\/strong>&nbsp;y est\u00e1&nbsp;focalizado en la soberan\u00eda&nbsp;y seguridad&nbsp;de los datos para agilizar la toma de decisiones de salud p\u00fablica&nbsp;y el desarrollo de capacidades diagn\u00f3sticas en la ciudad. El segundo pilar es el de&nbsp;<strong>Biodiversidad en Salud<\/strong>, una apuesta para el aprovechamiento de recursos biol\u00f3gicos locales,&nbsp;que,&nbsp;a trav\u00e9s de una comprensi\u00f3n profunda de las plantas, permita&nbsp;transformarlas en medicina de precisi\u00f3n&nbsp;con resultados finales como, por ejemplo, en&nbsp;adyuvantes para&nbsp;vacunas o tratamientos contra el c\u00e1ncer.&nbsp;&nbsp;<\/p>\n\n\n\n<p>El tercer pilar apunta al desarrollo&nbsp;de&nbsp;<strong>Terapias Avanzadas<\/strong>, reduciendo as\u00ed la&nbsp;dependencia de importaciones de productos de alto costo.&nbsp;Este pilar busca&nbsp;atender enfermedades&nbsp;raras o cr\u00f3nicas que no responden a tratamientos tradicionales y reparar el origen de la enfermedad desde su base gen\u00e9tica.&nbsp;<\/p>\n\n\n\n<p>Construir este ecosistema ha requerido una apuesta importante,&nbsp;lograr que investigadores que antes compet\u00edan&nbsp;se conecten,&nbsp;colaboren y sumen capacidades&nbsp;en un&nbsp;objetivo&nbsp;com\u00fan: consolidar una&nbsp;pol\u00edtica de ciudad&nbsp;que&nbsp;pueda atraer&nbsp;recursos internacionales y privados, manteniendo su enfoque de salud p\u00fablica.&nbsp;<\/p>\n\n\n\n<h3 class=\"wp-block-heading\"><strong>De la probeta al paciente: El puente ATLAS<\/strong>&nbsp;<\/h3>\n\n\n\n<p>Para&nbsp;asegurar que los hallazgos cient\u00edficos lleguen a las personas, el ecosistema integra el componente\u202f<strong>ATLAS<\/strong>\u202f(Articulaci\u00f3n, Transferencia, Liderazgo, Apropiaci\u00f3n y Sostenibilidad). Este eje&nbsp;trabaja para&nbsp;asegurar&nbsp;que el conocimiento circule y se convierta en bienestar social. Su funci\u00f3n es trascender la temporalidad del periodo financiado y garantizar la transferencia tecnol\u00f3gica a actores estrat\u00e9gicos del ecosistema.&nbsp;<\/p>\n\n\n\n<p>Un&nbsp;ejemplo es&nbsp;el&nbsp;proyecto&nbsp;<strong>PRETEP<\/strong>,&nbsp;una prueba&nbsp;para detectar el riesgo de preeclampsia antes de la semana 20 de gestaci\u00f3n. Cuando&nbsp;alcance su madurez&nbsp;se busca que&nbsp;pueda ser transferido a&nbsp;una&nbsp;<em>startup<\/em>&nbsp;o&nbsp;un actor del sector de salud<strong>,&nbsp;<\/strong>permitiendo que&nbsp;una persona gestante en cualquier hospital de la ciudad reciba un diagn\u00f3stico&nbsp;temprano y sea posible prevenir&nbsp;una de las principales causas de muerte materna en Colombia.&nbsp;<\/p>\n\n\n\n<blockquote class=\"wp-block-quote is-layout-flow wp-block-quote-is-layout-flow\">\n<p><em>\u201cNuestro sue\u00f1o es que podamos ser un&nbsp;hub&nbsp;de innovaci\u00f3n en biotecnolog\u00eda&nbsp;y&nbsp;salud para Colombia y para la regi\u00f3n\u201d&nbsp;Carlos&nbsp;Alm\u00e9ciga.<\/em>&nbsp;<\/p>\n<\/blockquote>\n\n\n\n<p>El proyecto tiene una hoja de ruta de 60 meses&nbsp;y&nbsp;le apuntan&nbsp;a que,&nbsp;en menos de&nbsp;cinco a\u00f1os, los primeros frutos de este ecosistema ya estar\u00e1n en los consultorios&nbsp;cl\u00ednicos.&nbsp;Entre los resultados que esperan traer para Bogot\u00e1 est\u00e1n&nbsp;la reducci\u00f3n de costos&nbsp;y tiempos&nbsp;de los diagn\u00f3sticos,&nbsp;el acceso a mejores tratamientos,&nbsp;y, en \u00faltimas,&nbsp;producir&nbsp;soluciones a los retos de salud del futuro&nbsp;que&nbsp;atiendan&nbsp;el contexto y las necesidades de&nbsp;los&nbsp;habitantes de la ciudad.&nbsp;<\/p>\n\n\n\n<figure class=\"wp-block-gallery has-nested-images columns-default is-cropped wp-block-gallery-1 is-layout-flex wp-block-gallery-is-layout-flex\">\n<figure class=\"wp-block-image size-large\"><img decoding=\"async\" width=\"1024\" height=\"392\" data-id=\"50166\" src=\"http:\/\/www.javeriana.edu.co\/pesquisa\/wp-content\/uploads\/2026\/03\/personas-y-estetoscopio-1024x392.jpg\" alt=\"Estetoscopio sobre superficie junto a figuras humanas recortadas que simbolizan comunidad y atenci\u00f3n en salud\" class=\"wp-image-50166\" srcset=\"http:\/\/www.javeriana.edu.co\/pesquisa\/wp-content\/uploads\/2026\/03\/personas-y-estetoscopio-1024x392.jpg 1024w, http:\/\/www.javeriana.edu.co\/pesquisa\/wp-content\/uploads\/2026\/03\/personas-y-estetoscopio-300x115.jpg 300w, http:\/\/www.javeriana.edu.co\/pesquisa\/wp-content\/uploads\/2026\/03\/personas-y-estetoscopio-1536x589.jpg 1536w, http:\/\/www.javeriana.edu.co\/pesquisa\/wp-content\/uploads\/2026\/03\/personas-y-estetoscopio-2048x785.jpg 2048w, http:\/\/www.javeriana.edu.co\/pesquisa\/wp-content\/uploads\/2026\/03\/personas-y-estetoscopio-150x57.jpg 150w, http:\/\/www.javeriana.edu.co\/pesquisa\/wp-content\/uploads\/2026\/03\/personas-y-estetoscopio-450x172.jpg 450w, http:\/\/www.javeriana.edu.co\/pesquisa\/wp-content\/uploads\/2026\/03\/personas-y-estetoscopio-1200x460.jpg 1200w, http:\/\/www.javeriana.edu.co\/pesquisa\/wp-content\/uploads\/2026\/03\/personas-y-estetoscopio-768x294.jpg 768w\" sizes=\"(max-width: 1024px) 100vw, 1024px\" \/><figcaption class=\"wp-element-caption\">El ecosistema busca impactar la calidad de vida de las personas a trav\u00e9s de la innovaci\u00f3n en salud.<\/figcaption><\/figure>\n<\/figure>\n\n\n\n<h3 class=\"wp-block-heading\"><strong>La arquitectura de un ecosistema<\/strong>&nbsp;<\/h3>\n\n\n\n<p>Para alcanzar&nbsp;la soberan\u00eda sanitaria&nbsp;se&nbsp;requiere una articulaci\u00f3n estrat\u00e9gica bajo el&nbsp;modelo de triple&nbsp;h\u00e9lice, una colaboraci\u00f3n estrecha entre la academia, la industria y el gobierno.&nbsp;En este ecosistema, la Pontificia Universidad Javeriana funge como la&nbsp;Instituci\u00f3n de&nbsp;Educaci\u00f3n&nbsp;Superior&nbsp;ancla, liderando una red&nbsp;de 13 entidades&nbsp;participantes&nbsp;que garantizan la viabilidad cient\u00edfica y comercial de cada proyecto.&nbsp;<\/p>\n\n\n\n<p>El rol de la Javeriana como instituci\u00f3n l\u00edder responde a la manera como cambia&nbsp;la empresa del conocimiento en el mundo,&nbsp;pues como explica Alexandra Pomares \u201choy no basta con investigar\u201d, hay que&nbsp;lograr que el conocimiento que se produce se traduzca en herramientas \u00fatiles para la sociedad&nbsp;y esa es justamente una de las fortalezas de la Javeriana, precisa Pomares.&nbsp;&nbsp;<\/p>\n\n\n\n<p>Este ecosistema se sustenta en una inversi\u00f3n total de $9.232.824.394 COP, respaldada por la Secretar\u00eda&nbsp;Distrital&nbsp;de Salud (SDS) y la agencia Atenea, y da lugar a una&nbsp;estructura colaborativa integra diversos sectores:&nbsp;<\/p>\n\n\n\n<ul class=\"wp-block-list\">\n<li><strong>Academia:<\/strong>&nbsp;Universidad&nbsp;de los Andes (enfoque en Metabol\u00f3mica y Gen\u00f3mica) y&nbsp;Universidad&nbsp;Nacional&nbsp;de Colombia&nbsp;(especializada en S\u00edntesis de p\u00e9ptidos).&nbsp;<\/li>\n<\/ul>\n\n\n\n<ul class=\"wp-block-list\">\n<li><strong>Sector Productivo y Cl\u00ednico<\/strong>:&nbsp;Bogot\u00e1Bio&nbsp;para el escalamiento industrial,&nbsp;el Instituto Distrital de Ciencia, Biotecnolog\u00eda e Innovaci\u00f3n en Salud (IDCBIS)&nbsp;en el desarrollo de productos de medicina regenerativa,&nbsp;junto con&nbsp;el&nbsp;Laboratorio de Salud P\u00fablica (Secretar\u00eda Distrital de Salud),&nbsp;la IPS&nbsp;Javesalud, el Hospital Universitario San Ignacio y el Instituto Nacional de Cancerolog\u00eda (INC).&nbsp;<\/li>\n<\/ul>\n\n\n\n<ul class=\"wp-block-list\">\n<li><strong>Startups y Spin-offs:<\/strong>&nbsp;<a href=\"https:\/\/dreembio.com\/\" target=\"_blank\" rel=\"noreferrer noopener\">DreamBio<\/a>&nbsp;y&nbsp;<a href=\"https:\/\/cellrep.bio\/\" target=\"_blank\" rel=\"noreferrer noopener\">CellRep<\/a>, que act\u00faan como los receptores naturales de la transferencia tecnol\u00f3gica para&nbsp;la&nbsp;escala&nbsp;y comercializaci\u00f3n de las terapias.&nbsp;<\/li>\n<\/ul>\n\n\n\n<ul class=\"wp-block-list\">\n<li><strong>Aliados Internacionales:<\/strong>&nbsp;<em>Harvard Data&nbsp;Science&nbsp;Institute&nbsp;<\/em>y la Universidad Federal de Rio Grande del Sur (UFRGS &#8211; Brasil), esta \u00faltima fundamental para la validaci\u00f3n de terapias en modelos de primates no humanos.&nbsp;<\/li>\n<\/ul>\n\n\n\n<p>Al construir las alianzas para este ecosistema, explica Alexandra Pomares, la intenci\u00f3n fue la complementariedad. Por&nbsp;ello&nbsp;se sumaron&nbsp;instituciones&nbsp;que aportan capacidades distintas y&nbsp;hacen&nbsp;que el ecosistema sea mucho m\u00e1s robusto.&nbsp;<\/p>\n\n\n\n<p>La expectativa es&nbsp;producir&nbsp;cambios en la salud de&nbsp;Bogot\u00e1&nbsp;en la pr\u00f3xima d\u00e9cada.&nbsp;Carlos&nbsp;Alm\u00e9ciga&nbsp;cita&nbsp;la pel\u00edcula <em>En un abrir y cerrar de ojos<\/em>\u202f para ilustrar su visi\u00f3n:&nbsp;\u201cimagine un ni\u00f1o que nazca en el 2030 en Bogot\u00e1. Gracias a este ecosistema, su madre habr\u00e1 pasado por un tamizaje de preeclampsia que salv\u00f3 ambas vidas; sus datos de nacimiento ayudar\u00e1n a prevenir&nbsp;brotes de enfermedades&nbsp;en su barrio y, si alguna vez&nbsp;lo aqueja el c\u00e1ncer, la ciudad tendr\u00e1 la capacidad de ofrecerle terapias celulares hechas aqu\u00ed\u201d.&nbsp;&nbsp;<\/p>\n\n\n\n<p>As\u00ed, cuando llegue <a href=\"https:\/\/www.javeriana.edu.co\/pesquisa\/no-es-si-habra-pandemia-sino-cuando\/\" data-type=\"link\" data-id=\"https:\/\/www.javeriana.edu.co\/pesquisa\/no-es-si-habra-pandemia-sino-cuando\/\">el pr\u00f3ximo desaf\u00edo sanitario<\/a>,\u00a0porque\u00a0seguramente\u00a0llegar\u00e1, insiste el director cient\u00edfico, la ciudad no estar\u00e1 de nuevo al final de la fila.\u00a0Tendr\u00e1\u00a0una red de\u00a0laboratorios,\u00a0universidades, centros de datos\u00a0e\u00a0industria\u00a0que\u00a0con sus propias herramientas y recetas\u00a0podr\u00e1n trabajar juntos para\u00a0proteger\u00a0la vida de\u00a0todos sus habitantes.\u00a0\u00a0<\/p>\n\n\n\n<figure class=\"wp-block-image size-large is-style-default\"><a href=\"https:\/\/redcap.link\/lfmup4st\" target=\"_blank\" rel=\"noopener\"><img decoding=\"async\" width=\"819\" height=\"1024\" src=\"http:\/\/www.javeriana.edu.co\/pesquisa\/wp-content\/uploads\/2026\/03\/ecosistema-819x1024.jpg\" alt=\"Pieza gr\u00e1fica del lanzamiento del ecosistema de innovaci\u00f3n en biotecnolog\u00eda y salud digital con fecha, lugar y representaci\u00f3n de ciudad, ciencia y territorio\" class=\"wp-image-50167\" srcset=\"http:\/\/www.javeriana.edu.co\/pesquisa\/wp-content\/uploads\/2026\/03\/ecosistema-819x1024.jpg 819w, http:\/\/www.javeriana.edu.co\/pesquisa\/wp-content\/uploads\/2026\/03\/ecosistema-240x300.jpg 240w, http:\/\/www.javeriana.edu.co\/pesquisa\/wp-content\/uploads\/2026\/03\/ecosistema-150x188.jpg 150w, http:\/\/www.javeriana.edu.co\/pesquisa\/wp-content\/uploads\/2026\/03\/ecosistema-450x563.jpg 450w, http:\/\/www.javeriana.edu.co\/pesquisa\/wp-content\/uploads\/2026\/03\/ecosistema-768x960.jpg 768w, http:\/\/www.javeriana.edu.co\/pesquisa\/wp-content\/uploads\/2026\/03\/ecosistema.jpg 1080w\" sizes=\"(max-width: 819px) 100vw, 819px\" \/><\/a><figcaption class=\"wp-element-caption\">El lanzamiento del ecosistema se realizar\u00e1 el 13 de abril en la Pontificia Universidad Javeriana.<\/figcaption><\/figure>\n\n\n\n<p><\/p>\n","protected":false},"excerpt":{"rendered":"<p>Bogot\u00e1 se prepara para el lanzamiento de un ecosistema que integra academia, Estado y empresas con un objetivo com\u00fan: que la ciudad cree sus propias soluciones en salud y se ponga a la vanguardia en el control del c\u00e1ncer, la preeclampsia, futuras pandemias y terapias avanzadas.  <\/p>\n","protected":false},"author":124,"featured_media":50164,"comment_status":"open","ping_status":"open","sticky":false,"template":"","format":"standard","meta":{"footnotes":""},"categories":[374,1157],"tags":[371,97,499],"class_list":{"0":"post-50163","1":"post","2":"type-post","3":"status-publish","4":"format-standard","5":"has-post-thumbnail","7":"category-salud","8":"category-destacadas","9":"tag-colombia","10":"tag-investigacion","11":"tag-javeriana"},"_links":{"self":[{"href":"http:\/\/www.javeriana.edu.co\/pesquisa\/wp-json\/wp\/v2\/posts\/50163","targetHints":{"allow":["GET"]}}],"collection":[{"href":"http:\/\/www.javeriana.edu.co\/pesquisa\/wp-json\/wp\/v2\/posts"}],"about":[{"href":"http:\/\/www.javeriana.edu.co\/pesquisa\/wp-json\/wp\/v2\/types\/post"}],"author":[{"embeddable":true,"href":"http:\/\/www.javeriana.edu.co\/pesquisa\/wp-json\/wp\/v2\/users\/124"}],"replies":[{"embeddable":true,"href":"http:\/\/www.javeriana.edu.co\/pesquisa\/wp-json\/wp\/v2\/comments?post=50163"}],"version-history":[{"count":4,"href":"http:\/\/www.javeriana.edu.co\/pesquisa\/wp-json\/wp\/v2\/posts\/50163\/revisions"}],"predecessor-version":[{"id":50196,"href":"http:\/\/www.javeriana.edu.co\/pesquisa\/wp-json\/wp\/v2\/posts\/50163\/revisions\/50196"}],"wp:featuredmedia":[{"embeddable":true,"href":"http:\/\/www.javeriana.edu.co\/pesquisa\/wp-json\/wp\/v2\/media\/50164"}],"wp:attachment":[{"href":"http:\/\/www.javeriana.edu.co\/pesquisa\/wp-json\/wp\/v2\/media?parent=50163"}],"wp:term":[{"taxonomy":"category","embeddable":true,"href":"http:\/\/www.javeriana.edu.co\/pesquisa\/wp-json\/wp\/v2\/categories?post=50163"},{"taxonomy":"post_tag","embeddable":true,"href":"http:\/\/www.javeriana.edu.co\/pesquisa\/wp-json\/wp\/v2\/tags?post=50163"}],"curies":[{"name":"wp","href":"https:\/\/api.w.org\/{rel}","templated":true}]}}