{"id":50242,"date":"2026-04-13T14:19:25","date_gmt":"2026-04-13T19:19:25","guid":{"rendered":"http:\/\/www.javeriana.edu.co\/pesquisa\/?p=50242"},"modified":"2026-04-13T15:12:11","modified_gmt":"2026-04-13T20:12:11","slug":"artemis-ii-y-la-luna-preguntas","status":"publish","type":"post","link":"http:\/\/www.javeriana.edu.co\/pesquisa\/artemis-ii-y-la-luna-preguntas\/","title":{"rendered":"Artemis II y las preguntas que muchos a\u00fan tienen sobre la Luna y el espacio\u00a0"},"content":{"rendered":"\n<p>Mucho se ha estado hablando de la misi\u00f3n Artemis II, que aterriz\u00f3 en la Tierra el pasado 10 de abril luego de completar un viaje tripulado alrededor de la Luna, en el que prob\u00f3 la nave, las trayectorias y las maniobras de ida y regreso. Lo cierto es que esta misi\u00f3n pone de nuevo a la humanidad en la \u00f3rbita lunar, algo que no ocurr\u00eda desde hace m\u00e1s de 50 a\u00f1os, y se convierte en un paso necesario dentro del plan de la <a href=\"https:\/\/www.nasa.gov\/\" target=\"_blank\" rel=\"noopener\">NASA<\/a> para volver a la Luna con m\u00e1s permanencia y preparar el camino hacia misiones m\u00e1s lejanas.\u00a0\u00a0<\/p>\n\n\n\n<p>Sobre\u00a0la mesa\u00a0quedaron\u00a0preguntas que no siempre est\u00e1n resueltas en el p\u00fablico general sobre algo tan desconocido como el espacio: desde c\u00f3mo se mueve la Luna hasta qu\u00e9 implica medir el tiempo fuera de la Tierra o incluso c\u00f3mo funciona un ba\u00f1o sin gravedad. Para abordar estos cuestionamientos,\u00a0entrevistamos\u00a0al <a href=\"https:\/\/perfilesycapacidades.javeriana.edu.co\/es\/persons\/navelandia\/\">astrof\u00edsico<\/a> y sacerdote jesuita <a href=\"https:\/\/nelsonvelandiasj.blogspot.com\/\" target=\"_blank\" rel=\"noopener\">Nelson Alonso Velandia Heredia\u00a0<\/a><\/p>\n\n\n\n<h4 class=\"wp-block-heading\"><strong>\u00bfLa Luna gira siempre o est\u00e1 est\u00e1tica?<\/strong>&nbsp;<\/h4>\n\n\n\n<p>Bueno, ella tiene su rotaci\u00f3n, demora 28 d\u00edas, y la traslaci\u00f3n alrededor de la Tierra tambi\u00e9n 28 d\u00edas. Por eso,&nbsp;siempre vemos la misma cara de la Luna, porque est\u00e1 rotando y traslad\u00e1ndose simult\u00e1neamente. Entonces, la respuesta es&nbsp;s\u00ed, ella&nbsp;rota sobre su propio eje. Nosotros tardamos 24 horas, ella demora 28&nbsp;d\u00edas.&nbsp;Esto implica que un d\u00eda para ellos ser\u00edan 14 d\u00edas de un d\u00eda solar, y la noche ser\u00edan 14 d\u00edas terrestres.&nbsp;<\/p>\n\n\n\n<h4 class=\"wp-block-heading\"><strong>\u00bfQu\u00e9 es el&nbsp;lado oscuro de la Luna? \u00bfExiste?<\/strong>&nbsp;<\/h4>\n\n\n\n<p>Pues el lado oscuro es porque esa cara nosotros nunca la vamos a ver desde la Tierra. Por eso le toc\u00f3 ir a Artemis II&nbsp;all\u00e1&nbsp;detr\u00e1s&nbsp;y tomar fotograf\u00edas.&nbsp;&nbsp;<\/p>\n\n\n\n<figure class=\"wp-block-image size-large\"><img fetchpriority=\"high\" decoding=\"async\" width=\"1024\" height=\"683\" src=\"http:\/\/www.javeriana.edu.co\/pesquisa\/wp-content\/uploads\/2026\/04\/art002e000192-1024x683.webp\" alt=\"Artemis II y las preguntas que muchos a\u00fan tienen sobre la Luna y el espacio  \" class=\"wp-image-50250\" srcset=\"http:\/\/www.javeriana.edu.co\/pesquisa\/wp-content\/uploads\/2026\/04\/art002e000192-1024x683.webp 1024w, http:\/\/www.javeriana.edu.co\/pesquisa\/wp-content\/uploads\/2026\/04\/art002e000192-300x200.webp 300w, http:\/\/www.javeriana.edu.co\/pesquisa\/wp-content\/uploads\/2026\/04\/art002e000192-150x100.webp 150w, http:\/\/www.javeriana.edu.co\/pesquisa\/wp-content\/uploads\/2026\/04\/art002e000192-450x300.webp 450w, http:\/\/www.javeriana.edu.co\/pesquisa\/wp-content\/uploads\/2026\/04\/art002e000192-1200x800.webp 1200w, http:\/\/www.javeriana.edu.co\/pesquisa\/wp-content\/uploads\/2026\/04\/art002e000192-768x512.webp 768w, http:\/\/www.javeriana.edu.co\/pesquisa\/wp-content\/uploads\/2026\/04\/art002e000192.webp 1536w\" sizes=\"(max-width: 1024px) 100vw, 1024px\" \/><figcaption class=\"wp-element-caption\">La Tierra vista desde la nave Orion. Foto:Nasa \/ Reid Wiseman<\/figcaption><\/figure>\n\n\n\n<h4 class=\"wp-block-heading\"><strong>\u00bfDe qu\u00e9 est\u00e1 hecha la Luna?<\/strong>&nbsp;<\/h4>\n\n\n\n<p>Cuando se form\u00f3 nuestro sistema solar, que era mucho polvo rotando muy r\u00e1pidamente, se forma el disco de acreci\u00f3n \u2014un disco de gas y polvo que gira y del que se forman los planetas\u2014. Las part\u00edculas se van juntando y de la misma Tierra sali\u00f3 una parte. Es muy importante nuestra Luna porque hace que el campo gravitacional se balancee. Si no fuese as\u00ed, nuestra Tierra estar\u00eda girando no solo en su propio eje, sino tambi\u00e9n en un eje acimutal \u2014un movimiento adicional que har\u00eda que el eje de la Tierra cambie de direcci\u00f3n\u2014. Entonces, para la vida es importante la Luna.&nbsp;<\/p>\n\n\n\n<h4 class=\"wp-block-heading\"><strong>\u00bfC\u00f3mo funciona el tiempo en el espacio?<\/strong>&nbsp;<\/h4>\n\n\n\n<p>Desde Albert Einstein hubo una&nbsp;idea muy interesante:&nbsp;juntar las tres dimensiones de espacio con el tiempo. Entonces, tendr\u00edamos que hablar de cuatro dimensiones. El tiempo va asociado al espacio, no funciona por separado. Se mide con los mismos relojes que tenemos ac\u00e1 en la Tierra, pero los astronautas est\u00e1n midiendo en otro espacio-tiempo, en condiciones distintas. Por eso hablan de f\u00edsica relativista, es decir, relativo a mi punto de referencia.&nbsp;<\/p>\n\n\n\n<h4 class=\"wp-block-heading\"><strong>\u00bfA qu\u00e9 suena el espacio?<\/strong>&nbsp;<\/h4>\n\n\n\n<p>Para que se d\u00e9 una onda tiene que haber un medio. Las ondas sonoras necesitan aire. En el espacio no se podr\u00eda dar el sonido. Entonces, no s\u00e9 si los voy a desencantar, pero cuando se escuchan explosiones en las pel\u00edculas, realmente eso no se puede escuchar, porque no hay manera de que el sonido viaje en el espacio.&nbsp;<\/p>\n\n\n\n<h4 class=\"wp-block-heading\"><strong>Si ya se hab\u00eda alunizado hace d\u00e9cadas, \u00bfpor qu\u00e9 Artemis II no lo hizo?<\/strong>&nbsp;<\/h4>\n\n\n\n<p>Lo que pasa es que es un proceso,&nbsp;ya se habla de tres o cuatro misiones Artemis. La Artemis I fue mandar la nave solamente para medir tiempo de salida y tiempo de entrada y la manera como iba a funcionar esa nave Ori\u00f3n, la m\u00e1s peque\u00f1ita. Esta segunda era simplemente mirar, a prop\u00f3sito del campo gravitacional de la Luna, c\u00f3mo pod\u00eda regresar y c\u00f3mo iban a llevar ese proceso. En Artemis III, que ser\u00e1 en tres o cuatro a\u00f1os, la propuesta es que s\u00ed alunicen y dejen incluso una base all\u00e1.&nbsp;<\/p>\n\n\n\n<figure class=\"wp-block-image size-large\"><img decoding=\"async\" width=\"1024\" height=\"683\" src=\"http:\/\/www.javeriana.edu.co\/pesquisa\/wp-content\/uploads\/2026\/04\/pexels-beth-fitzpatrick-742222899-27155048-1024x683.jpg\" alt=\"Artemis II volvi\u00f3 a poner humanos en la \u00f3rbita de la Luna, pero tambi\u00e9n dej\u00f3 al descubierto dudas muy b\u00e1sicas sobre el espacio. Un astrof\u00edsico jesuita responde lo que no muchos se atreven a preguntar. \" class=\"wp-image-50248\" srcset=\"http:\/\/www.javeriana.edu.co\/pesquisa\/wp-content\/uploads\/2026\/04\/pexels-beth-fitzpatrick-742222899-27155048-1024x683.jpg 1024w, http:\/\/www.javeriana.edu.co\/pesquisa\/wp-content\/uploads\/2026\/04\/pexels-beth-fitzpatrick-742222899-27155048-300x200.jpg 300w, http:\/\/www.javeriana.edu.co\/pesquisa\/wp-content\/uploads\/2026\/04\/pexels-beth-fitzpatrick-742222899-27155048-1536x1024.jpg 1536w, http:\/\/www.javeriana.edu.co\/pesquisa\/wp-content\/uploads\/2026\/04\/pexels-beth-fitzpatrick-742222899-27155048-2048x1365.jpg 2048w, http:\/\/www.javeriana.edu.co\/pesquisa\/wp-content\/uploads\/2026\/04\/pexels-beth-fitzpatrick-742222899-27155048-150x100.jpg 150w, http:\/\/www.javeriana.edu.co\/pesquisa\/wp-content\/uploads\/2026\/04\/pexels-beth-fitzpatrick-742222899-27155048-450x300.jpg 450w, http:\/\/www.javeriana.edu.co\/pesquisa\/wp-content\/uploads\/2026\/04\/pexels-beth-fitzpatrick-742222899-27155048-1200x800.jpg 1200w, http:\/\/www.javeriana.edu.co\/pesquisa\/wp-content\/uploads\/2026\/04\/pexels-beth-fitzpatrick-742222899-27155048-768x512.jpg 768w\" sizes=\"(max-width: 1024px) 100vw, 1024px\" \/><figcaption class=\"wp-element-caption\">Foto: Pexels<\/figcaption><\/figure>\n\n\n\n<h4 class=\"wp-block-heading\"><strong>\u00bfC\u00f3mo funciona una nave espacial? \u00bfC\u00f3mo se mueve?<\/strong>&nbsp;<\/h4>\n\n\n\n<p>Para salir de la Tierra hay un fen\u00f3meno que se llama velocidad de escape, que es de 11 km\/s, es decir, unos 40.000 km\/h \u2014la velocidad m\u00ednima necesaria para escapar de la gravedad de la Tierra sin que el planeta \u201clo jale\u201d de vuelta\u2014. Cuando Artemis sali\u00f3, hizo un recorrido tipo \u201cboomerang\u201d, aprovecha la gravedad de la Tierra y la Luna para ganar impulso y cambiar su trayectoria sin gastar tanto combustible. Con un solo impulso logr\u00f3 alcanzar esa velocidad. Cuando regresen, entrar\u00e1n a la Tierra con esa misma velocidad.&nbsp;<\/p>\n\n\n\n<h4 class=\"wp-block-heading\"><strong>\u00bfC\u00f3mo funciona un ba\u00f1o en el espacio?<\/strong>&nbsp;<\/h4>\n\n\n\n<p>Ellos y&nbsp;nosotros estamos en ca\u00edda libre, lo que pasa es que hay piso que nos sostiene y por eso no nos deja caer. En la nave necesitan una fuerza extra. Entonces, en un ba\u00f1o ponen un tubo ah\u00ed para succionar las cosas. Tiene que haber un mecanismo externo para poder hacer ese proceso.&nbsp;<\/p>\n\n\n\n<h4 class=\"wp-block-heading\"><strong>\u00bfPor qu\u00e9 seguimos yendo a la Luna?<\/strong>&nbsp;<\/h4>\n\n\n\n<p>Bueno, siempre ha habido un deseo de los hombres y las mujeres de estudiar el espacio. La propuesta aqu\u00ed es estudiar a Marte. Entonces, lo que han pensado con Artemis es dejar una base y\u00a0que sea\u00a0como un paso intermedio, pero la misi\u00f3n realmente es ir a Marte, <a href=\"https:\/\/www.youtube.com\/watch?v=e9DK_MNlbRw\" target=\"_blank\" rel=\"noopener\">por eso el inter\u00e9s de quedarse en la Luna\u00a0y\u00a0alunizar all\u00e1.\u00a0<\/a><\/p>\n\n\n\n<figure class=\"wp-block-embed is-type-video is-provider-youtube wp-block-embed-youtube wp-embed-aspect-9-16 wp-has-aspect-ratio\"><div class=\"wp-block-embed__wrapper\">\n<iframe title=\"Pocos conocen las respuestas a estas preguntas sobre Artemis 2 y el espacio\" width=\"563\" height=\"1000\" src=\"https:\/\/www.youtube.com\/embed\/_npujLxn-TE?feature=oembed\" frameborder=\"0\" allow=\"accelerometer; autoplay; clipboard-write; encrypted-media; gyroscope; picture-in-picture; web-share\" referrerpolicy=\"strict-origin-when-cross-origin\" allowfullscreen><\/iframe>\n<\/div><\/figure>\n","protected":false},"excerpt":{"rendered":"<p>La misi\u00f3n que volvi\u00f3 a poner humanos en la \u00f3rbita de la Luna nos dej\u00f3 im\u00e1genes fascinantes y muchas dudas. Un astrof\u00edsico jesuita responde lo que muchos no se atreven a preguntar. <\/p>\n","protected":false},"author":160,"featured_media":50247,"comment_status":"open","ping_status":"open","sticky":false,"template":"","format":"standard","meta":{"footnotes":""},"categories":[373,376,1157],"tags":[4843,4844,460,1227],"class_list":{"0":"post-50242","1":"post","2":"type-post","3":"status-publish","4":"format-standard","5":"has-post-thumbnail","7":"category-sociedad","8":"category-ambiente","9":"category-destacadas","10":"tag-artemis","11":"tag-astrofisica","12":"tag-ciencia","13":"tag-nasa"},"_links":{"self":[{"href":"http:\/\/www.javeriana.edu.co\/pesquisa\/wp-json\/wp\/v2\/posts\/50242","targetHints":{"allow":["GET"]}}],"collection":[{"href":"http:\/\/www.javeriana.edu.co\/pesquisa\/wp-json\/wp\/v2\/posts"}],"about":[{"href":"http:\/\/www.javeriana.edu.co\/pesquisa\/wp-json\/wp\/v2\/types\/post"}],"author":[{"embeddable":true,"href":"http:\/\/www.javeriana.edu.co\/pesquisa\/wp-json\/wp\/v2\/users\/160"}],"replies":[{"embeddable":true,"href":"http:\/\/www.javeriana.edu.co\/pesquisa\/wp-json\/wp\/v2\/comments?post=50242"}],"version-history":[{"count":7,"href":"http:\/\/www.javeriana.edu.co\/pesquisa\/wp-json\/wp\/v2\/posts\/50242\/revisions"}],"predecessor-version":[{"id":50252,"href":"http:\/\/www.javeriana.edu.co\/pesquisa\/wp-json\/wp\/v2\/posts\/50242\/revisions\/50252"}],"wp:featuredmedia":[{"embeddable":true,"href":"http:\/\/www.javeriana.edu.co\/pesquisa\/wp-json\/wp\/v2\/media\/50247"}],"wp:attachment":[{"href":"http:\/\/www.javeriana.edu.co\/pesquisa\/wp-json\/wp\/v2\/media?parent=50242"}],"wp:term":[{"taxonomy":"category","embeddable":true,"href":"http:\/\/www.javeriana.edu.co\/pesquisa\/wp-json\/wp\/v2\/categories?post=50242"},{"taxonomy":"post_tag","embeddable":true,"href":"http:\/\/www.javeriana.edu.co\/pesquisa\/wp-json\/wp\/v2\/tags?post=50242"}],"curies":[{"name":"wp","href":"https:\/\/api.w.org\/{rel}","templated":true}]}}