{"id":50311,"date":"2026-04-16T10:00:00","date_gmt":"2026-04-16T15:00:00","guid":{"rendered":"http:\/\/www.javeriana.edu.co\/pesquisa\/?p=50311"},"modified":"2026-04-16T09:53:27","modified_gmt":"2026-04-16T14:53:27","slug":"engano-politica-elecciones-colombia","status":"publish","type":"post","link":"http:\/\/www.javeriana.edu.co\/pesquisa\/engano-politica-elecciones-colombia\/","title":{"rendered":"Qu\u00e9 hacer con el enga\u00f1o en la pol\u00edtica: las propuestas de un fil\u00f3sofo en \u00e9poca electoral"},"content":{"rendered":"\n<p>En estas elecciones,&nbsp;candidatos de una y otra orilla pol\u00edtica se han acusado entre ellos de mentir. \u00bfY si dej\u00e1ramos de prestarle atenci\u00f3n a&nbsp;esas acusaciones y nos hici\u00e9ramos otras preguntas?&nbsp;Faltar a la verdad en pol\u00edtica no es algo nuevo, pero qu\u00e9 tal si comenz\u00e1ramos a prestarle m\u00e1s atenci\u00f3n a los efectos que produce ese enga\u00f1o,&nbsp;en lugar de&nbsp;pensar que&nbsp;la etiqueta de \u2018mentiroso\u2019 puede cambiar algo.&nbsp;&nbsp;<\/p>\n\n\n\n<p>Con esta idea provocadora\u00a0comienza\u00a0<a href=\"https:\/\/perfilesycapacidades.javeriana.edu.co\/es\/persons\/juan.santos\/\" target=\"_blank\" rel=\"noreferrer noopener\">Juan Samuel Santos<\/a>, profesor de Filosof\u00eda de la Pontificia Universidad Javeriana,\u00a0su explicaci\u00f3n del concepto del enga\u00f1o en el segundo episodio de la tercera temporada de\u00a0<em>Poder Conectado.\u00a0<\/em>Este\u00a0videopodcast\u00a0sobre comunicaci\u00f3n pol\u00edtica presentado por los profesores de Comunicaci\u00f3n, Liliana G\u00f3mez, Juan Carlos Valencia y Carlos Arias, producido en\u00a0alianza con Pesquisa Javeriana\u00a0lo puede\u00a0ver\u00a0completo\u00a0aqu\u00ed:\u00a0<\/p>\n\n\n\n<figure class=\"wp-block-embed is-type-video is-provider-youtube wp-block-embed-youtube wp-embed-aspect-16-9 wp-has-aspect-ratio\"><div class=\"wp-block-embed__wrapper\">\n<iframe title=\"El enga\u00f1o en la pol\u00edtica\" width=\"814\" height=\"458\" src=\"https:\/\/www.youtube.com\/embed\/HrsDaqT9RfE?feature=oembed\" frameborder=\"0\" allow=\"accelerometer; autoplay; clipboard-write; encrypted-media; gyroscope; picture-in-picture; web-share\" referrerpolicy=\"strict-origin-when-cross-origin\" allowfullscreen><\/iframe>\n<\/div><\/figure>\n\n\n\n<p>El concepto del enga\u00f1o, particularmente sus usos en la pol\u00edtica, es el centro del libro de&nbsp;Santos,&nbsp;<a href=\"https:\/\/www.javeriana.edu.co\/web\/editorial\/w\/forzados-creer\" target=\"_blank\" rel=\"noreferrer noopener\"><em>Forzados a creer: una mirada filos\u00f3fica a la naturaleza del enga\u00f1o.<\/em><\/a><em>&nbsp;<\/em>Su propuesta te\u00f3rica, entonces,&nbsp;rompe con lo que tradicionalmente se ha estudiado en su campo.&nbsp;\u00c9l no est\u00e1 tan interesado en las&nbsp;intenciones&nbsp;de&nbsp;quien&nbsp;enga\u00f1a,&nbsp;tampoco en las maniobras que usa,&nbsp;ni en la concepci\u00f3n de&nbsp;verdad&nbsp;que est\u00e1 en juego.&nbsp;&nbsp;<\/p>\n\n\n\n<p>\u201cUno de los problemas que yo quiero se\u00f1alar en este libro es que nos fijemos tanto en las intenciones de quien enga\u00f1a. Las intenciones en \u00faltimas importan muy poco porque hay actores que jugando con las reglas que existen terminan enga\u00f1ando qui\u00e9ranlo o no\u201d, explica Santos en la entrevista.&nbsp;&nbsp;<\/p>\n\n\n\n<p>En otras palabras, al profesor javeriano le intrigan las estructuras que permiten que&nbsp;se&nbsp;enga\u00f1e, que en muchas ocasiones llevan a que se enga\u00f1e&nbsp;y los efectos que&nbsp;este&nbsp;produce.&nbsp;Se pregunta, por ejemplo, por qu\u00e9 si bien muchos ciudadanos no creen las mentiras de empresas y pol\u00edticos, terminan actuando en consecuencia con lo que buscan estos enga\u00f1os.&nbsp;&nbsp;<\/p>\n\n\n\n<p>La profesora G\u00f3mez puso un ejemplo con el\u00a0<a href=\"https:\/\/federacioncolombianadeciclismo.com\/lista-sanciones\/\" target=\"_blank\" rel=\"noreferrer noopener\"><em>doping\u00a0<\/em>en el ciclismo<\/a>: est\u00e1 prohibido consumir cierto tipo de sustancias, pero muchos deportistas enga\u00f1an al sistema de distintas maneras. En lugar de preguntarse por las razones que llevan a los atletas a cometer estas faltas, Santos invita a que cuestionemos la estructura misma del deporte de alto rendimiento que los lleva a una situaci\u00f3n en la que, pr\u00e1cticamente, si no enga\u00f1an, pierden.\u00a0\u00a0<\/p>\n\n\n\n<figure class=\"wp-block-image size-large\"><img fetchpriority=\"high\" decoding=\"async\" width=\"1024\" height=\"577\" src=\"http:\/\/www.javeriana.edu.co\/pesquisa\/wp-content\/uploads\/2025\/12\/libroforzadosacreer-web-1024x577.png\" alt=\"El libro Forzados a creer explora el enga\u00f1o en la pol\u00edtica.\" class=\"wp-image-48595\" srcset=\"http:\/\/www.javeriana.edu.co\/pesquisa\/wp-content\/uploads\/2025\/12\/libroforzadosacreer-web-1024x577.png 1024w, http:\/\/www.javeriana.edu.co\/pesquisa\/wp-content\/uploads\/2025\/12\/libroforzadosacreer-web-300x169.png 300w, http:\/\/www.javeriana.edu.co\/pesquisa\/wp-content\/uploads\/2025\/12\/libroforzadosacreer-web-1536x865.png 1536w, http:\/\/www.javeriana.edu.co\/pesquisa\/wp-content\/uploads\/2025\/12\/libroforzadosacreer-web-150x84.png 150w, http:\/\/www.javeriana.edu.co\/pesquisa\/wp-content\/uploads\/2025\/12\/libroforzadosacreer-web-450x253.png 450w, http:\/\/www.javeriana.edu.co\/pesquisa\/wp-content\/uploads\/2025\/12\/libroforzadosacreer-web-1200x676.png 1200w, http:\/\/www.javeriana.edu.co\/pesquisa\/wp-content\/uploads\/2025\/12\/libroforzadosacreer-web-768x432.png 768w, http:\/\/www.javeriana.edu.co\/pesquisa\/wp-content\/uploads\/2025\/12\/libroforzadosacreer-web.png 1920w\" sizes=\"(max-width: 1024px) 100vw, 1024px\" \/><figcaption class=\"wp-element-caption\">El libro Forzados a creer explora el enga\u00f1o en la pol\u00edtica.<\/figcaption><\/figure>\n\n\n\n<h4 class=\"wp-block-heading\"><strong>\u00bfQu\u00e9 hacer frente al enga\u00f1o en la pol\u00edtica?&nbsp;<\/strong>&nbsp;<\/h4>\n\n\n\n<p>Ante este escenario, podr\u00eda haber fatalismos, pues el enga\u00f1o en la pol\u00edtica es una herramienta usual y, adem\u00e1s, en la que caen incluso muchos que no pretenden hacerlo.&nbsp;Santos, sin embargo,&nbsp;no&nbsp;propone&nbsp;buscar soluciones f\u00e1ciles que se puedan aplicar en un pr\u00f3ximo proceso electoral.&nbsp;Sus postulados no son a corto plazo,&nbsp;sino&nbsp;que \u00e9l busca&nbsp;demostrar que el enga\u00f1o es \u201cun fen\u00f3meno profundo, estructural, dif\u00edcil de erradicar y que, por tanto, requiere medidas de muy largo plazo\u201d.&nbsp;&nbsp;<\/p>\n\n\n\n<p>Para&nbsp;el profesor javeriano, no&nbsp;es posible elaborar&nbsp;una receta&nbsp;con la que se pueda&nbsp;identificar siempre el enga\u00f1o&nbsp;o un dec\u00e1logo de recomendaciones para la ciudadan\u00eda. Su propuesta de lo que podemos hacer para cambiar el peso del enga\u00f1o en nuestra vida pol\u00edtica, es propiciar una esfera p\u00fablica en la que sea posible que haya encuentros entre personas que piensan distinto,&nbsp;para que haya \u201cresistencia\u201d, en lugar de la falsa fluidez que producen los algoritmos, con sus c\u00e1maras de eco que solo nos exponen a personas que piensan igual a nosotros mismos.&nbsp;&nbsp;<\/p>\n\n\n\n<p>\u201cLo que pueden hacer los ciudadanos es dejar de ligar la acusaci\u00f3n de enga\u00f1o a&nbsp;las intenciones de cada persona, a los prop\u00f3sitos de cada individuo, porque eso es distractor. Decir, \u2018es Uribe quien se la pasa enga\u00f1ando\u2019, o \u2018es Petro quien se la pasa mintiendo\u2019, es&nbsp;un gran descache porque toda la energ\u00eda que se podr\u00eda usar en otras cosas se gasta en acusar a estas personas\u201d, remat\u00f3 Santos.&nbsp;&nbsp;<\/p>\n\n\n\n<p>Esta temporada del video-podcast Poder Conectado hace parte del cubrimiento especial de Pesquisa Javeriana para las elecciones presidenciales de 2026. Este episodio inaugura un espacio para discutir, desde la evidencia y la producci\u00f3n acad\u00e9mica, los conceptos que rondan esta jornada electoral, los discursos que los movilizan y las emociones que buscan despertar.&nbsp;&nbsp;&nbsp;&nbsp;<\/p>\n\n\n\n<p>Junto a profesores de Comunicaci\u00f3n, Filosof\u00eda e Ingenier\u00eda, que han investigado sobre estas preguntas en sus respectivas disciplinas, brindaremos a nuestra audiencia herramientas de an\u00e1lisis sobre los fen\u00f3menos pol\u00edticos, tecnol\u00f3gicos y comunicacionales que observamos. En las pr\u00f3ximas semanas publicaremos m\u00e1s contenidos, entre art\u00edculos, infograf\u00edas y otros episodios de Poder Conectado para ayudarte a navegar estas elecciones.&nbsp;&nbsp;&nbsp;<\/p>\n","protected":false},"excerpt":{"rendered":"<p>El profesor de Filosof\u00eda Juan Samuel Santos explica en el video-podcast \u2018Poder Conectado\u2019 por qu\u00e9 no es tan \u00fatil tildar al oponente pol\u00edtico de mentiroso, una de las premisas de su libro \u2018Forzados a creer\u2019.  <\/p>\n","protected":false},"author":164,"featured_media":50310,"comment_status":"open","ping_status":"open","sticky":false,"template":"","format":"standard","meta":{"footnotes":""},"categories":[373,1157,3515],"tags":[371,1172,97,499],"class_list":{"0":"post-50311","1":"post","2":"type-post","3":"status-publish","4":"format-standard","5":"has-post-thumbnail","7":"category-sociedad","8":"category-destacadas","9":"category-investigadores","10":"tag-colombia","11":"tag-elecciones","12":"tag-investigacion","13":"tag-javeriana"},"_links":{"self":[{"href":"http:\/\/www.javeriana.edu.co\/pesquisa\/wp-json\/wp\/v2\/posts\/50311","targetHints":{"allow":["GET"]}}],"collection":[{"href":"http:\/\/www.javeriana.edu.co\/pesquisa\/wp-json\/wp\/v2\/posts"}],"about":[{"href":"http:\/\/www.javeriana.edu.co\/pesquisa\/wp-json\/wp\/v2\/types\/post"}],"author":[{"embeddable":true,"href":"http:\/\/www.javeriana.edu.co\/pesquisa\/wp-json\/wp\/v2\/users\/164"}],"replies":[{"embeddable":true,"href":"http:\/\/www.javeriana.edu.co\/pesquisa\/wp-json\/wp\/v2\/comments?post=50311"}],"version-history":[{"count":1,"href":"http:\/\/www.javeriana.edu.co\/pesquisa\/wp-json\/wp\/v2\/posts\/50311\/revisions"}],"predecessor-version":[{"id":50312,"href":"http:\/\/www.javeriana.edu.co\/pesquisa\/wp-json\/wp\/v2\/posts\/50311\/revisions\/50312"}],"wp:featuredmedia":[{"embeddable":true,"href":"http:\/\/www.javeriana.edu.co\/pesquisa\/wp-json\/wp\/v2\/media\/50310"}],"wp:attachment":[{"href":"http:\/\/www.javeriana.edu.co\/pesquisa\/wp-json\/wp\/v2\/media?parent=50311"}],"wp:term":[{"taxonomy":"category","embeddable":true,"href":"http:\/\/www.javeriana.edu.co\/pesquisa\/wp-json\/wp\/v2\/categories?post=50311"},{"taxonomy":"post_tag","embeddable":true,"href":"http:\/\/www.javeriana.edu.co\/pesquisa\/wp-json\/wp\/v2\/tags?post=50311"}],"curies":[{"name":"wp","href":"https:\/\/api.w.org\/{rel}","templated":true}]}}