{"id":53,"date":"2022-06-28T00:03:00","date_gmt":"2022-06-28T05:03:00","guid":{"rendered":"http:\/\/www.javeriana.edu.co\/pesquisa\/?p=53"},"modified":"2022-07-15T10:45:41","modified_gmt":"2022-07-15T15:45:41","slug":"el-agua-esta-herida","status":"publish","type":"post","link":"http:\/\/www.javeriana.edu.co\/pesquisa\/el-agua-esta-herida\/","title":{"rendered":"El agua est\u00e1 herida en La Mojana"},"content":{"rendered":"\n<p><em><strong>Esta nota titulada \u201cEl agua est\u00e1 herida en La Mojana\u201d fue publicada en la edici\u00f3n 5 de Pesquisa Javeriana (enero de 2008), y se reproduce tal como circul\u00f3 originalmente.<\/strong><\/em><\/p>\n\n\n\n<p>Una admirable obra de ingenier\u00eda hidr\u00e1ulica precolombina trazada a lo largo y ancho de m\u00e1s de medio mill\u00f3n de hect\u00e1reas en los valles de los r\u00edos Sin\u00fa y San Jorge, da cuenta de una civilizaci\u00f3n pr\u00f3spera, rica y sostenible. Su gigantesca red de canales, camellones y diques estructurados en forma perpendicular al torrente fluvial, permiten aprovechar las corrientes anuales y lograr la fertilizaci\u00f3n de las tierras.<\/p>\n\n\n\n<p>La antigua cultura ind\u00edgena zen\u00fa que habit\u00f3 la zona forj\u00f3 un notable sistema social y econ\u00f3mico, vers\u00e1til para combinar actividades productivas alrededor de la pesca, la caza y la agricultura, y art\u00edsticas en cer\u00e1mica, alfarer\u00eda y orfebrer\u00eda que, sin lugar a dudas, hacen parte del m\u00e1s rico patrimonio expresivo de Colombia.<\/p>\n\n\n\n<p>Llaman la atenci\u00f3n los rasgos de esta cultura anfibia: relaciones sociales y culturales basadas en la confianza, la solidaridad y el desarrollo de formas arm\u00f3nicas de contacto con el medio ambiente y de uso de los recursos naturales.<\/p>\n\n\n\n<p>\u00bfQu\u00e9 trajo consigo el curso de la historia para encontrar hoy, en esos mismos f\u00e9rtiles valles, un panorama de violencia, desplazamiento y presi\u00f3n sobre la propiedad de la tierra en \u00e1reas de alto inter\u00e9s econ\u00f3mico?, \u00bfpor qu\u00e9 la degradaci\u00f3n de los suelos, la sedimentaci\u00f3n de los r\u00edos y de las ci\u00e9nagas?, \u00bfpor qu\u00e9 el detrimento de la calidad y disponibilidad del agua potable, los cambios severos en las caracter\u00edsticas de los humedales y la p\u00e9rdida paulatina de la biodiversidad en la flora y en la fauna?<\/p>\n\n\n\n<p>La voz de Pablo Fl\u00f3rez, el poeta del Sin\u00fa, lo describe de otra manera con su m\u00fasica: \u201cMis campos eran sanos, no estaban manchados. [\u2026] La luna est\u00e1 roja ser\u00e1 porque sufre, como ave en congoja, se sube, se sube. Al o\u00edr c\u00f3mo suenan, las metralletas, al inocente condenan y nadie protesta. Lloran las madres y nadie protesta, los ranchos est\u00e1n solos y nadie protesta, no suenan tambores, temen por sus vidas, hay luto hay temores, la cumbia est\u00e1 herida\u201d.<\/p>\n\n\n\n<h4 class=\"wp-block-heading\">La mojana: un enclave estrat\u00e9gico<\/h4>\n\n\n\n<p>Precisamente en el estudio y el an\u00e1lisis del curso de la historia est\u00e1n muchas de las claves para aproximarse a las respuestas.<\/p>\n\n\n\n<p>Tres investigadores colombianos del Departamento de Desarrollo Rural y Regional de la Facultad de Estudios Ambientales y Rurales de la Pontificia Universidad Javeriana aportan a la comprensi\u00f3n de los complejos fen\u00f3menos que vive este territorio con su trabajo \u201c<em>Los cambios institucionales y el conflicto ambiental en La Mojana: un an\u00e1lisis desde la historia econ\u00f3mica y la ecolog\u00eda pol\u00edtica<\/em>\u201d, financiado por la Vicerrector\u00eda Acad\u00e9mica de la Universidad.<\/p>\n\n\n\n<p>Lu\u00eds Alfredo Mu\u00f1oz, C\u00e9sar Enrique Ortiz y Manuel Enrique P\u00e9rez encontraron en la metodolog\u00eda del An\u00e1lisis Hist\u00f3rico Institucional Comparativo y Adaptativo un acercamiento valioso a la esencia de los conflictos sociales y ambientales. Optaron, tambi\u00e9n, por una mirada desde la ecolog\u00eda pol\u00edtica para ofrecer un \u00e1ngulo que contribuye a entender, seg\u00fan su perspectiva, \u201clas causas estructurales del deterioro del medio biof\u00edsico y de las transformaciones de las instituciones que hist\u00f3ricamente han demostrado fallas en las reglas de uso y conservaci\u00f3n de los recursos sociales y naturales de la regi\u00f3n\u201d.<\/p>\n\n\n\n<p>La investigaci\u00f3n, que se desarroll\u00f3 en 2004, cont\u00f3 con el acompa\u00f1amiento de pobladores de cuatro municipios de la zona y de organizaciones comunitarias como la Asociaci\u00f3n de Productores de la Ci\u00e9naga Grande de Lorica (Asprosig), que agrupa a campesinos, pescadores e ind\u00edgenas de la cuenca baja del Sin\u00fa, y la Corporaci\u00f3n para el Desarrollo Sostenible de La Mojana y el San Jorge (Corpomojana) en la regi\u00f3n de San Marcos.<\/p>\n\n\n\n<p>Los profesores, tal como lo narr\u00f3 Manuel Enrique P\u00e9rez a Pesquisa, se adentraron en cinco periodos hist\u00f3ricos \u2013prehisp\u00e1nico, conquista, colonia, rep\u00fablica y siglo XX\u2013 con dos premisas.<\/p>\n\n\n\n<p>La primera: \u201ccada per\u00edodo representa sistemas institucionales que se consolidan temporalmente y revelan conflictos que act\u00faan como dinamizadores del cambio\u201d. Y, la segunda, \u201cuna d\u00e9bil comprensi\u00f3n de los or\u00edgenes, naturaleza y formas de manifestaci\u00f3n de los conflictos genera hitos de transformaci\u00f3n negativa que conducen al debilitamiento de las solidaridades colectivas en la sociedad rural y a la consolidaci\u00f3n de factores de desintegraci\u00f3n territorial y social\u201d.<\/p>\n\n\n\n<p>El an\u00e1lisis comparativo les permiti\u00f3 reconocer c\u00f3mo la mayor\u00eda de los habitantes rurales se encuentra atrapada en un equilibrio donde las estructuras de tenencia de la tierra y las relaciones productivas son gobernadas por un sistema de instituciones e incentivos que dificulta el cambio hacia un modo de propiedad socialmente m\u00e1s eficiente.<\/p>\n\n\n\n<h4 class=\"wp-block-heading\">Transformar los conflictos en La mojana<\/h4>\n\n\n\n<p>El estudio es un recorrido rico en datos y organizaci\u00f3n de documentos e investigaciones, lleno de cruces y enlaces para entender qu\u00e9 significa este enclave estrat\u00e9gico de la geograf\u00eda colombiana y, cu\u00e1l es, en esencia, la dimensi\u00f3n del conflicto ambiental del territorio que acoge una de las cuencas con mayor biodiversidad en el mundo por interrelacionar p\u00e1ramos, bosques h\u00famedos, bosques secos, ci\u00e9nagas y manglares.<\/p>\n\n\n\n<p>En el paso por la \u00e9poca prehisp\u00e1nica se enfatiza en c\u00f3mo y qui\u00e9nes poblaron las tierras, cu\u00e1les fueron los usos del suelo, c\u00f3mo se dio la regulaci\u00f3n del sistema h\u00eddrico y cu\u00e1l fue el modelo de desarrollo \u2013donde es contundente el uso y <a href=\"https:\/\/www.javeriana.edu.co\/pesquisa\/transparente-como-el-agua-una-mirada-mas-profunda-al-agua-que-consumimos\/\">aprovechamiento sostenible del agua<\/a>\u2013. Una verdadera lecci\u00f3n para quienes habitamos hoy la tierra.<\/p>\n\n\n\n<p>La conquista espa\u00f1ola representa violentas rupturas en la organizaci\u00f3n social prehisp\u00e1nica y la implantaci\u00f3n de instituciones orientadas a ejercer un fuerte control territorial y \u201ca garantizar la provisi\u00f3n de alimentos para las poblaciones blancas, tributos para la Corona y flujo comercial significativo\u201d, explica P\u00e9rez.<\/p>\n\n\n\n<p>Detr\u00e1s de ella, y en su tr\u00e1nsito hacia la rep\u00fablica, vinieron formas de corrupci\u00f3n, nuevos usos de la tierra, incursi\u00f3n de la ganader\u00eda extensiva, migraciones, desarrollo agroindustrial y relaciones de dominio que favorecen la obtenci\u00f3n de rentas especulativas y profundizan el desequilibrio distributivo. La investigaci\u00f3n logra un an\u00e1lisis minucioso del comportamiento institucional y devela el curso de los conflictos que empezaron a echar ra\u00edces en este per\u00edodo.<\/p>\n\n\n\n<p>Ortiz, P\u00e9rez y Mu\u00f1oz hacen una larga estaci\u00f3n en el siglo XX, y nos enfrentan a la vertiginosa expansi\u00f3n y profundizaci\u00f3n de los problemas ambientales. De los impactos del Canal de Morrohermoso nos llevan a los de la represa de Urr\u00e1; y de los articulados con la violencia pol\u00edtica y la concentraci\u00f3n de la tierra a los derivados de la construcci\u00f3n de macroproyectos viales, portuarios, agroindustriales y acu\u00edcolas. Aqu\u00ed muestran y explican el peso de un modelo de explotaci\u00f3n que privilegia la rentabilidad del capital sobre la naturaleza.<\/p>\n\n\n\n<p>El panorama, dicen, es desalentador: los conflictos tienden a agudizarse y afectan gravemente a las comunidades m\u00e1s vulnerables. Su llamado es al Estado y a sus pol\u00edticas p\u00fablicas para que \u201cact\u00faen mancomunadamente con los actores del territorio en el proceso de creaci\u00f3n de una plataforma social para la transformaci\u00f3n positiva de los conflictos y el incremento del bienestar de los pobladores del antiguo territorio zen\u00fa\u201d.<\/p>\n\n\n\n<p>Consideran que un nuevo pacto \u00e9tico y pol\u00edtico, basado en el conocimiento de la historia, las fallas institucionales y los efectos ambientales de la guerra, puede empezar a modificar un escenario amargo en cuyo centro est\u00e1 el deterioro y la p\u00e9rdida del recurso vital del agua. Un ind\u00edgena ember\u00e1 lo explica llanamente: \u201cnos oponemos al desarrollo ciego porque tenemos claro que un desarrollo sin alternativas y que no piensa en la gente, no sirve\u201d.<\/p>\n\n\n\n<p>Si no se act\u00faa, seremos presas del Bracamonte, que con sus bramidos y baladros terror\u00edficos har\u00e1 correr a las gentes y a los animales lejos de sus r\u00edos. Y la luna seguir\u00e1 roja porque sufre.<\/p>\n\n\n\n<hr class=\"wp-block-separator\"\/>\n\n\n\n<h5 class=\"wp-block-heading\">Para leer m\u00e1s&#8230;<\/h5>\n\n\n\n<address><span style=\"color: #999999;\">Ortiz Guerrero, C\u00e9sar; P\u00e9rez Mart\u00ednez, Manuel; Mu\u00f1oz Wilches, Lu\u00eds Alfredo. <a href=\"https:\/\/unilibros.co\/gpd-los-cambios-institucionales-y-el-conflicto-ambiental-el-caso-de-los-valles-del-rio-sinu-y-san-jorge.html\" target=\"_blank\" rel=\"noopener\">Los cambios institucionales y el conflicto ambiental. El caso de los valles del r\u00edo Sin\u00fa y San Jorge<\/a>. Colecci\u00f3n Libros de Investigaci\u00f3n. Vicerrector\u00eda Acad\u00e9mica. Pontificia Universidad Javeriana. Bogot\u00e1, 2007.<\/span><\/address>\n\n\n\n<address>&nbsp;<\/address>\n\n\n\n<h5 class=\"wp-block-heading\">&nbsp;<\/h5>\n","protected":false},"excerpt":{"rendered":"<p>En d\u00edas pasados se conocieron nuevas inundaciones en La Mojana. En este texto de 2008, Marisol Cano cuenta c\u00f3mo era la realidad ambiental de la \u00e9poca.<\/p>\n","protected":false},"author":98,"featured_media":22602,"comment_status":"open","ping_status":"open","sticky":false,"template":"","format":"standard","meta":{"footnotes":""},"categories":[380,376,3688,47],"tags":[3218,367,1392,3879,3878,792,3880,605],"class_list":{"0":"post-53","1":"post","2":"type-post","3":"status-publish","4":"format-standard","5":"has-post-thumbnail","7":"category-pesquisa-impresa","8":"category-ambiente","9":"category-en-colombia","10":"category-pesquisa-5","11":"tag-agua-en-colombia","12":"tag-conflicto-armado","13":"tag-desarrollo-sostenible","14":"tag-el-agua-en-la-mojana","15":"tag-la-mojana","16":"tag-proteccion","17":"tag-region-de-la-mojana","18":"tag-violencia"},"_links":{"self":[{"href":"http:\/\/www.javeriana.edu.co\/pesquisa\/wp-json\/wp\/v2\/posts\/53","targetHints":{"allow":["GET"]}}],"collection":[{"href":"http:\/\/www.javeriana.edu.co\/pesquisa\/wp-json\/wp\/v2\/posts"}],"about":[{"href":"http:\/\/www.javeriana.edu.co\/pesquisa\/wp-json\/wp\/v2\/types\/post"}],"author":[{"embeddable":true,"href":"http:\/\/www.javeriana.edu.co\/pesquisa\/wp-json\/wp\/v2\/users\/98"}],"replies":[{"embeddable":true,"href":"http:\/\/www.javeriana.edu.co\/pesquisa\/wp-json\/wp\/v2\/comments?post=53"}],"version-history":[{"count":11,"href":"http:\/\/www.javeriana.edu.co\/pesquisa\/wp-json\/wp\/v2\/posts\/53\/revisions"}],"predecessor-version":[{"id":33794,"href":"http:\/\/www.javeriana.edu.co\/pesquisa\/wp-json\/wp\/v2\/posts\/53\/revisions\/33794"}],"wp:featuredmedia":[{"embeddable":true,"href":"http:\/\/www.javeriana.edu.co\/pesquisa\/wp-json\/wp\/v2\/media\/22602"}],"wp:attachment":[{"href":"http:\/\/www.javeriana.edu.co\/pesquisa\/wp-json\/wp\/v2\/media?parent=53"}],"wp:term":[{"taxonomy":"category","embeddable":true,"href":"http:\/\/www.javeriana.edu.co\/pesquisa\/wp-json\/wp\/v2\/categories?post=53"},{"taxonomy":"post_tag","embeddable":true,"href":"http:\/\/www.javeriana.edu.co\/pesquisa\/wp-json\/wp\/v2\/tags?post=53"}],"curies":[{"name":"wp","href":"https:\/\/api.w.org\/{rel}","templated":true}]}}