{"id":6304,"date":"2016-06-12T12:00:24","date_gmt":"2016-06-12T17:00:24","guid":{"rendered":"http:\/\/www.javeriana.edu.co\/pesquisa\/?p=6304"},"modified":"2022-05-13T13:19:04","modified_gmt":"2022-05-13T18:19:04","slug":"juan-gabriel-ruiz-el-cientifico-que-sabe-de-amistad","status":"publish","type":"post","link":"http:\/\/www.javeriana.edu.co\/pesquisa\/juan-gabriel-ruiz-el-cientifico-que-sabe-de-amistad\/","title":{"rendered":"Juan Gabriel Ruiz: el cient\u00edfico que sabe de amistad"},"content":{"rendered":"<p>En su trayectoria profesional ha logrado algo fuera de lo com\u00fan: conciliar al m\u00e9dico cl\u00ednico, al \u2018de las trincheras\u2019, con el cient\u00edfico, y evitar su desencuentro; \u2018meterle ciencia\u2019 al d\u00eda a d\u00eda de una profesi\u00f3n que f\u00e1cilmente cae en la rutina y en las soluciones mec\u00e1nicas. Tal vez este es su mayor aporte a la profesi\u00f3n por la que opt\u00f3 a los 16 a\u00f1os de edad.<\/p>\n<p>Esa f\u00f3rmula se aplica en numerosos proyectos en los que ha estado comprometido Juan Gabriel Ruiz Pel\u00e1ez, pediatra, epidemi\u00f3logo cl\u00ednico, docente, m\u00e9dico cl\u00ednico e investigador.<\/p>\n<p>Durante la rotaci\u00f3n en Pediatr\u00eda en la Universidad Javeriana lo sedujo la rama que se ocupa de los \u201clocos bajitos\u201d \u2014como dir\u00eda el cantautor catal\u00e1n Joan Manuel Serrat\u2014, cuando hall\u00f3 en dos de sus maestros una mezcla ideal de ciencia y humanismo. \u201cLos profesores Eduardo Borda y Ernesto Sabogal combinaban el rigor cient\u00edfico con su tremenda responsabilidad, su sano escepticismo, su duda met\u00f3dica cartesiana y un sentido de humanidad inigualable\u201d, explica Ruiz. Considerar el contexto familiar, social y cultural del paciente, porque este determina en gran medida las decisiones cl\u00ednicas que se adoptan, se convirti\u00f3 desde entonces en un axioma para \u00e9l.<\/p>\n<h4><span style=\"color: #ff9900;\">Epidemiolog\u00eda cl\u00ednica: base te\u00f3rica de la revoluci\u00f3n<\/span><\/h4>\n<p>La vida le ofreci\u00f3 a este profesional una oportunidad para perseguir esa idea compleja del m\u00e9dico: una beca de la Fundaci\u00f3n Rockefeller para entrenarse en Epidemiolog\u00eda Cl\u00ednica en la Universidad de Newcastle (Australia). Hacia all\u00e1 parti\u00f3, reci\u00e9n casado.<\/p>\n<p>Poco entend\u00eda entonces de qu\u00e9 se trataba esta \u00e1rea, que se asociaba a la ligera con la epidemiolog\u00eda general, af\u00edn a la salud p\u00fablica y a la estad\u00edstica, pero que era algo diferente. Ruiz la define como aquella rama del conocimiento que \u201centrena al m\u00e9dico cl\u00ednico en el m\u00e9todo cient\u00edfico, para tomar mejores decisiones al lado de la cama del paciente\u201d.<\/p>\n<p>Como resultado de la necesidad de diseminar los principios de la epidemiolog\u00eda cl\u00ednica \u2014que este investigador compara con el Evangelio\u2014 surge en varios centros acad\u00e9micos mundiales la medicina basada en la evidencia \u2014\u201ccomo el Catecismo Astete\u201d, dice\u2014 que \u2018aterriza\u2019 y simplifica el lenguaje de una disciplina abstracta. El doctor Ruiz y su equipo introdujeron estos desarrollos en Colombia y en parte en Iberoam\u00e9rica. De lo que se trata es de no renunciar a la metodolog\u00eda cient\u00edfica para manejar la incertidumbre inherente al trabajo con seres humanos.<\/p>\n<h4><span style=\"color: #ff9900;\">El arte de no tragar entero<\/span><\/h4>\n<p>El balance de la experiencia australiana fue ampliamente satisfactorio. Para comenzar, la consolidaci\u00f3n de una relaci\u00f3n de pareja que ha perdurado 32 a\u00f1os y, luego, la irrupci\u00f3n de un cient\u00edfico dispuesto a \u2018armar la revoluci\u00f3n\u2019 a su regreso al San Ignacio.<\/p>\n<p>Su perspectiva parte de una actitud cr\u00edtica, del est\u00edmulo al pensamiento divergente, de reconocer que lo que hoy es verdad ma\u00f1ana puede no serlo y de la irreverencia frente a los dogmas. Para muchos, qu\u00e9 sanos han sido estos vientos, en un mundo en el que \u201clas ciencias m\u00e9dicas tienden a aplastarlo a uno\u201d, seg\u00fan lo reconoce el propio Ruiz. \u201cLos m\u00e9dicos aspiran a tener la certeza de las cosas y se toman decisiones en negro o blanco, cuando la realidad est\u00e1 llena de grises. La idea es ser capaz de tomar decisiones que la mayor\u00eda de las veces hagan m\u00e1s beneficio que da\u00f1o en presencia de una incertidumbre proveniente de distintas fuentes\u201d, agrega.<\/p>\n<h4><span style=\"color: #ff9900;\">Canguro: amor a primera vista<\/span><\/h4>\n<p>El programa Canguro, cuya semilla plantaron hace cuarenta a\u00f1os los neonat\u00f3logos del Hospital Materno Infantil de Bogot\u00e1, result\u00f3 ser el terreno ideal para que Ruiz desarrollara su formaci\u00f3n.<\/p>\n<p>Todo comenz\u00f3 con la aterradora tasa de mortalidad (\u00a130%!) de beb\u00e9s prematuros, generada por el hacinamiento inevitable que obligaba, incluso, a confinar a dos pacientes en una incubadora, ampliamente expuestos a infecciones. Teniendo en cuenta que el problema fundamental de los nacidos antes de tiempo es su dificultad para regular la temperatura, una vez superada la etapa cr\u00edtica, se propuso una f\u00f3rmula que imitaba a los marsupiales al remplazar la incubadora por el cuerpo de la madre, al que el beb\u00e9 se adosaba d\u00eda y noche, donde quiera que ella estuviera.<\/p>\n<p>Sin embargo, a pesar de su abrumadora l\u00f3gica, el programa se apoyaba en escas\u00edsimos estudios y publicaciones y se llevaba a cabo en un terreno emp\u00edrico, con el sustento, importante pero insuficiente, de la buena voluntad.<\/p>\n<p>En los a\u00f1os noventa, fascinados con el programa Canguro, el doctor Ruiz y su colega Nathalie Charpak se comprometieron a darle piso cient\u00edfico al programa, porque si bien este reduc\u00eda la mortalidad de los prematuros, a\u00fan mor\u00eda el 19 %. Tras el derrumbe de algunos paradigmas y de un trabajo investigativo de a\u00f1os, hoy d\u00eda la mortalidad en Canguro es de menos del 1 %.<\/p>\n<p>Pero tal vez lo m\u00e1s importante ha sido la reivindicaci\u00f3n del rol de la madre y la familia \u2014el pap\u00e1 y los hermanos conforman una \u2018familia cangurizada\u2019\u2014 en la recuperaci\u00f3n del prematuro. Las investigaciones ratificaron los beneficios de este m\u00e9todo en t\u00e9rminos afectivos e inmunol\u00f3gicos.<\/p>\n<h4><span style=\"color: #ff9900;\"><strong>Presente florido<\/strong><\/span><\/h4>\n<p>Desde la Universidad Internacional de la Florida, donde trabaja como profesor de Epidemiolog\u00eda Cl\u00ednica desde octubre de 2015, luego de ser profesor de la Pontificia Universidad Javeriana por m\u00e1s de 31 a\u00f1os, Ruiz anuncia que por ahora no regresar\u00e1 a Colombia, por las posibilidades de ejercicio profesional que tiene en Estados Unidos y que est\u00e1n m\u00e1s all\u00e1 del horizonte previsible en nuestro pa\u00eds: \u201cme queda gasolina para un ratico\u201d, asegura; y adem\u00e1s porque vivir a nivel del mar es preferible para la familia en este momento.<\/p>\n<p>Por supuesto, sigue siendo el mismo ser humano que extra\u00f1an sus alumnos y colegas, que son sus amigos, quienes en casa de Juan Gabriel y su esposa Silvia se sienten en la propia, que escuchan cantar al antiguo rockero y se entregan al delicioso pasatiempo de \u2018echar carreta\u2019 sobre lo divino y lo humano. Entre ellos hay quienes han recibido sus servicios de \u2018celestino\u2019 a t\u00edtulo gratuito, estudiantes de provincia que han convalecido en su propia casa y que lo han visto consentir a su gata y llorar a su perro. \u00c9l tambi\u00e9n echa de menos a su \u201cgentuza\u201d, como la llama con cari\u00f1o.<\/p>\n<blockquote><p><span style=\"color: #ff9900;\"><strong>Testimonios<\/strong><\/span><\/p>\n<p>El doctor Ruiz es mi amigo, he sido su alumna, su subalterna y su jefe. Siempre me ha respetado. Es amoroso y tiene un sentido humano gigante. Siempre le he dicho que es una madre: sufre por lo que le pasa al estudiante, a un paciente, a los colegas, es cien por ciento leal.<\/p>\n<p>Nos ense\u00f1\u00f3 a cuestionar las decisiones que tom\u00e1bamos y a buscar en la literatura el porqu\u00e9 de lo que est\u00e1bamos haciendo.<\/p>\n<p><span style=\"color: #ff9900;\"><strong>Carolina Guzm\u00e1n, profesora y exdirectora del Departamento de Pediatr\u00eda, Facultad de Medicina, Universidad Javeriana. <\/strong><\/span><\/p>\n<p>\u00c9l fue consultor de mi trabajo de grado, fue mi maestro, y ten\u00edamos discusiones sobre todos los temas\u2026 para m\u00ed, Juan Gabriel es como un pap\u00e1. \u00c9l quiere que la gente que trabaja con \u00e9l llegue siempre m\u00e1s lejos.<\/p>\n<p>Fue pediatra de mi hijo\u2026. En ese rol es capaz de tranquilizar f\u00e1cilmente a una madre primeriza angustiada. Siempre dispuesto a escuchar, muy respetuoso con su paciente.<\/p>\n<p><strong><span style=\"color: #ff9900;\">Socorro Moreno, psic\u00f3loga, epidemi\u00f3loga cl\u00ednica, profesora asistente, Facultad de Medicina, Universidad Javeriana. <\/span><\/strong><\/p>\n<p>Conoc\u00ed a Juan Gabriel cuando estudiaba ingenier\u00eda electr\u00f3nica y trabajaba en el \u00e1rea de sistemas de la Universidad. \u00c9l ten\u00eda un problema en el computador y me enviaron a ayudarle. El problema se solucion\u00f3 en 15 minutos, pero nos quedamos toda la tarde hablando\u2026 Ese fue uno de los eventos que ha cambiado mi vida.<\/p>\n<p>Es muy cercano y amable, su actitud es humilde, es rico conversar con \u00e9l.<\/p>\n<p><span style=\"color: #ff9900;\"><strong>John Camacho, ingeniero electr\u00f3nico, profesor instructor, Facultad de Medicina, Universidad Javeriana.<\/strong><\/span><\/p>\n<p>Como profesor, en los turnos nocturnos no se iba a dormir hasta que no descifrara todo lo que pod\u00eda ocurrir con un paciente. A las tres de la ma\u00f1ana nos llevaba a buscar libros para estudiar.<\/p>\n<p>Nos demostr\u00f3 lo importante que es la familia; nos ense\u00f1\u00f3 a expresar y pelear por nuestras convicciones. Un maravilloso profesor para la vida.<\/p>\n<p><span style=\"color: #ff9900;\"><strong>Claudia Granados, pediatra, epidemi\u00f3loga cl\u00ednica, profesora, Facultad de Medicina, Universidad Javeriana. <\/strong><\/span><\/p><\/blockquote>\n<h5><\/h5>\n","protected":false},"excerpt":{"rendered":"<p>A\u00f1os de reflexi\u00f3n e investigaci\u00f3n le permitieron delinear su f\u00f3rmula de lo que significa \u2018ser m\u00e9dico\u2019, ideal que ha compartido, con rigor y afecto, con generaciones de alumnos. Obtuvo el Premio Bienal Javeriano en Investigaci\u00f3n, modalidad \u201cVida y obra\u201d 2015.<\/p>\n","protected":false},"author":40,"featured_media":23371,"comment_status":"open","ping_status":"open","sticky":false,"template":"","format":"standard","meta":{"footnotes":""},"categories":[203,3515,375],"tags":[97,613,554,614,615],"class_list":{"0":"post-6304","1":"post","2":"type-post","3":"status-publish","4":"format-standard","5":"has-post-thumbnail","7":"category-huellas","8":"category-investigadores","9":"category-perfiles","10":"tag-investigacion","11":"tag-medico","12":"tag-perfil","13":"tag-premio","14":"tag-vida-y-obra"},"_links":{"self":[{"href":"http:\/\/www.javeriana.edu.co\/pesquisa\/wp-json\/wp\/v2\/posts\/6304","targetHints":{"allow":["GET"]}}],"collection":[{"href":"http:\/\/www.javeriana.edu.co\/pesquisa\/wp-json\/wp\/v2\/posts"}],"about":[{"href":"http:\/\/www.javeriana.edu.co\/pesquisa\/wp-json\/wp\/v2\/types\/post"}],"author":[{"embeddable":true,"href":"http:\/\/www.javeriana.edu.co\/pesquisa\/wp-json\/wp\/v2\/users\/40"}],"replies":[{"embeddable":true,"href":"http:\/\/www.javeriana.edu.co\/pesquisa\/wp-json\/wp\/v2\/comments?post=6304"}],"version-history":[{"count":20,"href":"http:\/\/www.javeriana.edu.co\/pesquisa\/wp-json\/wp\/v2\/posts\/6304\/revisions"}],"predecessor-version":[{"id":30894,"href":"http:\/\/www.javeriana.edu.co\/pesquisa\/wp-json\/wp\/v2\/posts\/6304\/revisions\/30894"}],"wp:featuredmedia":[{"embeddable":true,"href":"http:\/\/www.javeriana.edu.co\/pesquisa\/wp-json\/wp\/v2\/media\/23371"}],"wp:attachment":[{"href":"http:\/\/www.javeriana.edu.co\/pesquisa\/wp-json\/wp\/v2\/media?parent=6304"}],"wp:term":[{"taxonomy":"category","embeddable":true,"href":"http:\/\/www.javeriana.edu.co\/pesquisa\/wp-json\/wp\/v2\/categories?post=6304"},{"taxonomy":"post_tag","embeddable":true,"href":"http:\/\/www.javeriana.edu.co\/pesquisa\/wp-json\/wp\/v2\/tags?post=6304"}],"curies":[{"name":"wp","href":"https:\/\/api.w.org\/{rel}","templated":true}]}}