{"id":8114,"date":"2017-09-21T09:55:41","date_gmt":"2017-09-21T14:55:41","guid":{"rendered":"http:\/\/www.javeriana.edu.co\/pesquisa\/?p=8114"},"modified":"2022-05-16T12:04:34","modified_gmt":"2022-05-16T17:04:34","slug":"por-que-no-se-debe-pavimentar-la-via-ferrea","status":"publish","type":"post","link":"http:\/\/www.javeriana.edu.co\/pesquisa\/por-que-no-se-debe-pavimentar-la-via-ferrea\/","title":{"rendered":"\u00bfPor qu\u00e9 no se debe pavimentar la v\u00eda f\u00e9rrea?"},"content":{"rendered":"<p><span style=\"font-weight: 400;\">Desde agosto de 2016, <a href=\"https:\/\/190.26.211.102\/proyectos\/index.php\/textos-radicados-senado\/pl-2016-2017\/743-proyecto-de-ley-084-de-2016\" target=\"_blank\" rel=\"noopener\">el Congreso colombiano viene discutiendo el proyecto de ley 084<\/a> impulsado por el Ministerio de Transporte, con el cual se le entrega a los municipios las v\u00edas f\u00e9rreas para que las utilicen, parcial o totalmente, en la construcci\u00f3n de otros sistemas de transporte, incluidos los convencionales.<\/span><\/p>\n<p>Esto abrir\u00eda la puerta a que sean los alcaldes quienes decidan pavimentar<a href=\"https:\/\/www.mintransporte.gov.co\/loader.php?lServicio=FAQ&amp;lFuncion=viewPreguntas&amp;id=68\" target=\"_blank\" rel=\"noopener\"> la red ferroviaria del pa\u00eds<\/a>, que tiene una longitud superior a los 3.300 kil\u00f3metros, sepultando un sistema de transporte que estaba por renacer.<\/p>\n<p><span style=\"font-weight: 400;\">Sobre las implicaciones que este proyecto tendr\u00eda sobre el pasado y el futuro inmediato del pa\u00eds, <\/span><b>Pesquisa Javeriana <\/b><span style=\"font-weight: 400;\">habl\u00f3 con el investigador Carlos Eduardo Nieto, docente de <a href=\"https:\/\/www.javeriana.edu.co\/carrera-arquitectura\" target=\"_blank\" rel=\"noopener\">Arquitectura de la Pontificia Universidad Javeriana<\/a> e investigador especializado en patrimonio arquitect\u00f3nico \u00a0y urbano.<\/span><\/p>\n<p><iframe title=\"\u00bfPor qu\u00e9 no se debe pavimentar la v\u00eda f\u00e9rrea?\" width=\"814\" height=\"458\" src=\"https:\/\/www.youtube.com\/embed\/ouCcDrkMTvs?feature=oembed\" frameborder=\"0\" allow=\"accelerometer; autoplay; clipboard-write; encrypted-media; gyroscope; picture-in-picture\" allowfullscreen><\/iframe><\/p>\n","protected":false},"excerpt":{"rendered":"<p>Carlos Eduardo Nieto, investigador y arquitecto, explica las consecuencias que tendr\u00eda para Colombia si el Congreso aprueba la ley que da v\u00eda libre a esta opci\u00f3n.<\/p>\n","protected":false},"author":40,"featured_media":19801,"comment_status":"open","ping_status":"open","sticky":false,"template":"","format":"standard","meta":{"footnotes":""},"categories":[378],"tags":[340,339,329,338,333,341],"class_list":{"0":"post-8114","1":"post","2":"type-post","3":"status-publish","4":"format-standard","5":"has-post-thumbnail","7":"category-multimedia","8":"tag-congreso-de-colombia","9":"tag-desarrollo-economico","10":"tag-ferrocarril","11":"tag-pavimentar","12":"tag-sistema-de-transporte","13":"tag-transporte-multimodal"},"_links":{"self":[{"href":"http:\/\/www.javeriana.edu.co\/pesquisa\/wp-json\/wp\/v2\/posts\/8114","targetHints":{"allow":["GET"]}}],"collection":[{"href":"http:\/\/www.javeriana.edu.co\/pesquisa\/wp-json\/wp\/v2\/posts"}],"about":[{"href":"http:\/\/www.javeriana.edu.co\/pesquisa\/wp-json\/wp\/v2\/types\/post"}],"author":[{"embeddable":true,"href":"http:\/\/www.javeriana.edu.co\/pesquisa\/wp-json\/wp\/v2\/users\/40"}],"replies":[{"embeddable":true,"href":"http:\/\/www.javeriana.edu.co\/pesquisa\/wp-json\/wp\/v2\/comments?post=8114"}],"version-history":[{"count":15,"href":"http:\/\/www.javeriana.edu.co\/pesquisa\/wp-json\/wp\/v2\/posts\/8114\/revisions"}],"predecessor-version":[{"id":27861,"href":"http:\/\/www.javeriana.edu.co\/pesquisa\/wp-json\/wp\/v2\/posts\/8114\/revisions\/27861"}],"wp:featuredmedia":[{"embeddable":true,"href":"http:\/\/www.javeriana.edu.co\/pesquisa\/wp-json\/wp\/v2\/media\/19801"}],"wp:attachment":[{"href":"http:\/\/www.javeriana.edu.co\/pesquisa\/wp-json\/wp\/v2\/media?parent=8114"}],"wp:term":[{"taxonomy":"category","embeddable":true,"href":"http:\/\/www.javeriana.edu.co\/pesquisa\/wp-json\/wp\/v2\/categories?post=8114"},{"taxonomy":"post_tag","embeddable":true,"href":"http:\/\/www.javeriana.edu.co\/pesquisa\/wp-json\/wp\/v2\/tags?post=8114"}],"curies":[{"name":"wp","href":"https:\/\/api.w.org\/{rel}","templated":true}]}}