{"id":8859,"date":"2017-08-31T05:56:34","date_gmt":"2017-08-31T10:56:34","guid":{"rendered":"http:\/\/www.javeriana.edu.co\/pesquisa\/?p=8859"},"modified":"2025-03-20T14:29:50","modified_gmt":"2025-03-20T19:29:50","slug":"combatiendo-al-virus-silencioso","status":"publish","type":"post","link":"http:\/\/www.javeriana.edu.co\/pesquisa\/combatiendo-al-virus-silencioso\/","title":{"rendered":"Combatiendo al virus silencioso"},"content":{"rendered":"<p>Tras cumplir los 45 a\u00f1os, toda mujer enfrenta una fase de alto peligro para su salud. Esto no se debe a cambios hormonales en su cuerpo o a una baja de defensas, sino a que en esta etapa es m\u00e1s propensa a sufrir una de las enfermedades que, <a href=\"https:\/\/www.ligacancercolombia.org\/index.php\/material-de-consulta\/articulos\/cancer-de-cuello-uterino\" target=\"_blank\" rel=\"noopener\">en Colombia<\/a>, m\u00e1s vidas femeninas cobra. Seg\u00fan el estudio <a href=\"https:\/\/globocan.iarc.fr\/Default.aspx\" target=\"_blank\" rel=\"noopener\">Globocan 2012<\/a>, de la Organizaci\u00f3n Mundial de la Salud, el c\u00e1ncer cervical ocupa el segundo lugar de incidencia y mortalidad por c\u00e1ncer en mujeres; los expertos calculan que alrededor de 500 casos se reportan al a\u00f1o.<\/p>\n<p>Lo m\u00e1s preocupante es que este c\u00e1ncer es sumamente dif\u00edcil de predecir, en esencia porque es asintom\u00e1tico. La forma de prevenirlo es a trav\u00e9s de una citolog\u00eda, prueba que los expertos recomiendan a todas las mujeres hacerse anualmente tan pronto inicien su vida sexual. Es gracias a este procedimiento que se pueden evidenciar las lesiones que, de no tratarse, derivar\u00edan en c\u00e1ncer.<\/p>\n<p>\u201cLa mujer no siente nada: son lesiones silenciosas, muy diferente a una gonorrea u otra infecci\u00f3n donde hay evidencia de un s\u00edntoma\u201d, explica Adriana Garc\u00eda, doctora en Ciencias Biol\u00f3gicas y docente de <a href=\"https:\/\/www.javeriana.edu.co\/carrera-odontologia\" target=\"_blank\" rel=\"noopener\">Odontolog\u00eda<\/a> de la Pontificia Universidad Javeriana, quien desde el inicio de su doctorado en 2011 investiga el papel que juega el <a href=\"https:\/\/www.plannedparenthood.org\/es\/temas-de-salud\/enfermedades-de-transmision-sexual-ets\/vph\" target=\"_blank\" rel=\"noopener\">virus del papiloma humano (VPH)<\/a> en esta enfermedad y las formas de prevenirlo.<\/p>\n<p>El VPH es, de hecho, un serio problema para la salud sexual. Aparece debido a una infecci\u00f3n del aparato reproductor, tanto masculino como femenino, pero en \u00e9ste \u00faltimo encuentra las condiciones \u00f3ptimas para que ocasione lesiones. Los cient\u00edficos han determinado 100 tipos virales distintos de este virus y consideran que son 15 los m\u00e1s propensos a ocasionar c\u00e1ncer.<\/p>\n<p>Aunque se han encontrado casos en los que el VPH ha derivado en c\u00e1ncer de pene y anal en hombres (asociado por relaciones homosexuales), en Colombia las mujeres son sus principales v\u00edctimas debido al alto n\u00famero de casos reportados de c\u00e1ncer cervical y de cuello uterino (el 99% de esta estad\u00edstica se debe al virus).<\/p>\n<p>Por eso es tan importante la pr\u00e1ctica de la citolog\u00eda. Seg\u00fan la <a href=\"https:\/\/profamilia.org.co\/investigaciones\/ends\/\" target=\"_blank\" rel=\"noopener\">Encuesta Nacional de Demograf\u00eda y Salud de 2015<\/a>, promovida por Profamilia y el Ministerio de Salud y Protecci\u00f3n Social, en Colombia el 94,6% de las mujeres entre los 21 y los 69 a\u00f1os se ha realizado una en alg\u00fan momento de sus vidas.<\/p>\n<p>Pero m\u00e1s all\u00e1 de esta realidad, el peligro se mantiene latente. \u201cTal vez una de las causas por las que la incidencia de c\u00e1ncer cervical no ha disminuido es que la lectura de lesiones tiene un 60%, o menos, de sensibilidad. O sea, una mujer puede ir cada a\u00f1o a la citolog\u00eda y le pueden decir que es negativa cuando, en realidad, es positiva\u201d, afirma Garc\u00eda, cuya tesis doctoral se centr\u00f3 en la b\u00fasqueda de biomarcadores gen\u00e9ticos m\u00e1s precisos que indiquen la presencia de esta enfermedad.<\/p>\n<p>A\u00f1os m\u00e1s tarde, cuando entr\u00f3 a trabajar en la Javeriana, su trabajo de investigaci\u00f3n se centr\u00f3 en un \u00e1rea menos documentada: la incidencia del VPH en el c\u00e1ncer de cabeza y cuello.<\/p>\n<p>Desde 2014, y gracias a una convocatoria de la Universidad Javeriana, la doctora Garc\u00eda, en conjunto con Alveiro Erira, mag\u00edster en Bioqu\u00edmica y docente de posgrado de Odontolog\u00eda, y Fredy Gamboa, doctor y docente de Microbiolog\u00eda, iniciaron su trabajo de investigaci\u00f3n sobre esta materia.<\/p>\n<p>Tras publicar algunos art\u00edculos sobre el estado del arte de esta enfermedad, donde encontraron unos 200 casos reportados en el pa\u00eds y una incidencia del 30% relacionada con VPH, se dieron a la tarea de contactar a los 21 cirujanos que en todo el territorio atienden a quienes la padecen, pues se considera que la intervenci\u00f3n quir\u00fargica es la primera l\u00ednea para tratarla antes que la quimio y la <a href=\"https:\/\/www.javeriana.edu.co\/especializacion-en-radioterapia?utm_source=Digital&amp;utm_subsource=Organico&amp;utm_medium=articulo_pesquisa&amp;utm_campaign=ERATE\">radioterapia<\/a>.<\/p>\n<p>Este tipo de c\u00e1ncer suele presentarse por la aparici\u00f3n de peque\u00f1as masas en la cavidad oral. \u201cSi est\u00e1 presente en la enc\u00eda, amigdala y ha comprometido el hueso, hay que quitarla. Por eso muchas veces se debe remover media mand\u00edbula o el paladar; en ocasiones, por cercan\u00eda al pulm\u00f3n, puede hacer met\u00e1stasis\u201d, explica Erira.<\/p>\n<p>De igual manera que el c\u00e1ncer cervical, el de cabeza y cuello es mucho m\u00e1s dif\u00edcil de detectar en su forma temprana porque los odont\u00f3logos no suelen tener protocolos de identificaci\u00f3n y tratamiento de estas lesiones. Por esta raz\u00f3n es muy poco lo que se sabe sobre su origen, salvo que, en los casos en los que est\u00e1 relacionado con el VPH, se debe a pr\u00e1cticas de sexo oral. Pero no es la \u00fanica causa: las bacterias, la ingesta de alcohol y el consumo del cigarrillo tambi\u00e9n pueden generarlo.<\/p>\n<p>En su investigaci\u00f3n, los docentes recolectaron pruebas de pacientes con esta enfermedad en Bogot\u00e1, Manizales y Bucaramanga, en las cuales, tras un an\u00e1lisis gen\u00e9tico, determinaron que en c\u00e1ncer de cabeza y cuello el 24% era positivo para la infecci\u00f3n con VPH. Adem\u00e1s, consultaron la expresi\u00f3n gen\u00e9tica del virus e identificaron su presencia en las c\u00e9lulas de forma mixta: integrado (como parte del cromosoma) y episomal.<\/p>\n<figure id=\"attachment_19708\" aria-describedby=\"caption-attachment-19708\" style=\"width: 640px\" class=\"wp-caption alignnone\"><img fetchpriority=\"high\" decoding=\"async\" class=\"size-large wp-image-19708\" src=\"http:\/\/www.javeriana.edu.co\/pesquisa\/wp-content\/uploads\/2017\/08\/VPH-1-1024x680.jpg-1-1024x680.jpg\" alt=\"A\u00fan en sus fases iniciales, los cient\u00edficos esperan que estas investigaciones les permitan halar biomarcadores para, en el futuro, prevenir eficazmente el c\u00e1ncer de cabeza y cuello asociado a VPH.\" width=\"640\" height=\"425\" srcset=\"http:\/\/www.javeriana.edu.co\/pesquisa\/wp-content\/uploads\/2017\/08\/VPH-1-1024x680.jpg-1.jpg 1024w, http:\/\/www.javeriana.edu.co\/pesquisa\/wp-content\/uploads\/2017\/08\/VPH-1-1024x680.jpg-1-300x199.jpg 300w, http:\/\/www.javeriana.edu.co\/pesquisa\/wp-content\/uploads\/2017\/08\/VPH-1-1024x680.jpg-1-150x100.jpg 150w, http:\/\/www.javeriana.edu.co\/pesquisa\/wp-content\/uploads\/2017\/08\/VPH-1-1024x680.jpg-1-450x299.jpg 450w, http:\/\/www.javeriana.edu.co\/pesquisa\/wp-content\/uploads\/2017\/08\/VPH-1-1024x680.jpg-1-768x510.jpg 768w, http:\/\/www.javeriana.edu.co\/pesquisa\/wp-content\/uploads\/2017\/08\/VPH-1-1024x680.jpg-1-272x182.jpg 272w\" sizes=\"(max-width: 640px) 100vw, 640px\" \/><figcaption id=\"caption-attachment-19708\" class=\"wp-caption-text\">A\u00fan en sus fases iniciales, los cient\u00edficos esperan que estas investigaciones les permitan halar biomarcadores para, en el futuro, prevenir eficazmente el c\u00e1ncer de cabeza y cuello asociado a VPH.<\/figcaption><\/figure>\n<p>Estos hallazgos quedaron registrados en la revista indexada <em><a href=\"https:\/\/revistas.javeriana.edu.co\/index.php\/revUnivOdontologica\/article\/view\/14227\" target=\"_blank\" rel=\"noopener\">Universitas Odontologica<\/a><\/em><em>, <\/em>de la Universidad Javeriana y en la revista <em><a href=\"https:\/\/www.researchgate.net\/publication\/306068335_Genotipificacion_niveles_de_expresion_y_estado_fisico_del_virus_del_papiloma_humano_en_pacientes_colombianos_con_cancer_de_celulas_escamosas_en_la_cavidad_oral\" target=\"_blank\" rel=\"noopener\">Biom\u00e9dica<\/a><\/em>. Sin embargo, el inter\u00e9s de los autores persiste en un proyecto derivado, cuyo principal objetivo es el hallazgo de biomarcadores para predecir la presencia de c\u00e1ncer de cabeza y cuello en pacientes.<\/p>\n<p>El proyecto a\u00fan se encuentra en fase de investigaci\u00f3n, pero de momento han identificado tres genes estad\u00edsticamente significativos para la enfermedad, los cuales esperan estudiar a fondo en Alemania, donde realizar\u00e1n <a href=\"https:\/\/www.news-medical.net\/life-sciences\/What-is-DNA-Methylation-(Spanish).aspx\" target=\"_blank\" rel=\"noopener\">pruebas de metilaci\u00f3n de ADN<\/a> para entender, y tal vez proponer, un set de genes como marcadores para predecir qu\u00e9 pacientes tienen mayor probabilidad de desarrollar el c\u00e1ncer. Asimismo, Erira trabaja en el hallazgo de biomarcadores para la saliva: \u201cCuando las c\u00e9lulas se vuelven cancer\u00edgenas, malignas, comienzan a secretar unas prote\u00ednas. Posiblemente ellas puedan detectarse tempranamente\u201d, explica.<\/p>\n<p>A futuro, esperan que los pacientes puedan contar con un m\u00e9todo acertado y r\u00e1pido para detectar el c\u00e1ncer de cabeza y cuello, el cual podr\u00eda manifestarse en una plataforma que leyera los biomarcadores de la saliva o, incluso, proponer el uso de la vacuna que inhiba el VPH tambi\u00e9n en los hombres, pues la actual est\u00e1 dise\u00f1ada para mujeres debido a los altos casos reportados de c\u00e1ncer cervical.<\/p>\n<p>Pero se trata de un futuro muy lejano. Por eso, para concentrarse en la problem\u00e1tica del presente, ambos investigadores coinciden en la importancia de la medicina preventiva: por un lado, que el paciente tome conciencia de que ciertos h\u00e1bitos, como el consumo del cigarrillo, son mucho m\u00e1s da\u00f1inos de lo que cree; y por otro, entrenar muy bien al personal m\u00e9dico y odontol\u00f3gico en formas efectivas de detectar los primeros indicios de la enfermedad.<\/p>\n<p>\u201cEl equipo m\u00e9dico tambi\u00e9n debe tomar conciencia de que su paciente debe hacerse la prueba de VPH, y hacer fuerza para que la vacuna cobije a hombres\u201d, resume Garc\u00eda.<\/p>\n<hr \/>\n<p><strong>T\u00cdTULO DE LA INVESTIGACI\u00d3N (1):\u00a0<\/strong>Genotipificaci\u00f3n, niveles de expresi\u00f3n y estado de integraci\u00f3n del virus del papiloma humano en el carcinoma orofar\u00edngeo de c\u00e9lulas escamosas.<br \/>\n<strong>INVESTIGADORA:\u00a0<\/strong>Adriana Garc\u00eda.<br \/>\n<strong>COINVESTIGADORES:\u00a0<\/strong>Leidy Ang\u00e9lica Motta, Alveiro Erira y Andr\u00e9s Chal\u00e1.<br \/>\n<strong>PERIODO DE LA INVESTIGACI\u00d3N:\u00a0<\/strong>2014-2016.<\/p>\n<p><strong>T\u00cdTULO DE LA INVESTIGACI\u00d3N (2):\u00a0<\/strong>Evaluaci\u00f3n de biomarcadores pron\u00f3sticos en c\u00e1ncer cervical y carcinomas orofar\u00edngeos de c\u00e9lulas escamosas asociados a infecci\u00f3n por Virus de Papiloma Humano(VPH) en poblaci\u00f3n colombiana.<br \/>\n<strong>INVESTIGADORA:\u00a0<\/strong>Adriana Garc\u00eda.<br \/>\n<strong>COINVESTIGADORES:\u00a0<\/strong>Alveiro Erira y Fredy Gamboa.<br \/>\n<strong>PERIODO DE LA INVESTIGACI\u00d3N:\u00a0<\/strong>2015-actual.<\/p>\n<p>Facultad de Odontolog\u00eda.<br \/>\nPontificia Universidad Javeriana.<\/p>\n","protected":false},"excerpt":{"rendered":"<p>El virus del papiloma humano es la principal causante de enfermedades de transmisi\u00f3n sexual y de dos formas muy agresivas de c\u00e1ncer: el cervical y el de cabeza y cuello. Una investigaci\u00f3n javeriana con biomarcadores epigen\u00e9ticos busca identificarlo de forma temprana para prevenirlo.<\/p>\n","protected":false},"author":34,"featured_media":19706,"comment_status":"open","ping_status":"open","sticky":false,"template":"","format":"standard","meta":{"footnotes":""},"categories":[374],"tags":[391,56,390,389,350,388],"class_list":{"0":"post-8859","1":"post","2":"type-post","3":"status-publish","4":"format-standard","5":"has-post-thumbnail","7":"category-salud","8":"tag-biomarcadores","9":"tag-cancer","10":"tag-citologia","11":"tag-prevencion","12":"tag-salud","13":"tag-virus-del-papiloma-humano"},"_links":{"self":[{"href":"http:\/\/www.javeriana.edu.co\/pesquisa\/wp-json\/wp\/v2\/posts\/8859","targetHints":{"allow":["GET"]}}],"collection":[{"href":"http:\/\/www.javeriana.edu.co\/pesquisa\/wp-json\/wp\/v2\/posts"}],"about":[{"href":"http:\/\/www.javeriana.edu.co\/pesquisa\/wp-json\/wp\/v2\/types\/post"}],"author":[{"embeddable":true,"href":"http:\/\/www.javeriana.edu.co\/pesquisa\/wp-json\/wp\/v2\/users\/34"}],"replies":[{"embeddable":true,"href":"http:\/\/www.javeriana.edu.co\/pesquisa\/wp-json\/wp\/v2\/comments?post=8859"}],"version-history":[{"count":13,"href":"http:\/\/www.javeriana.edu.co\/pesquisa\/wp-json\/wp\/v2\/posts\/8859\/revisions"}],"predecessor-version":[{"id":42532,"href":"http:\/\/www.javeriana.edu.co\/pesquisa\/wp-json\/wp\/v2\/posts\/8859\/revisions\/42532"}],"wp:featuredmedia":[{"embeddable":true,"href":"http:\/\/www.javeriana.edu.co\/pesquisa\/wp-json\/wp\/v2\/media\/19706"}],"wp:attachment":[{"href":"http:\/\/www.javeriana.edu.co\/pesquisa\/wp-json\/wp\/v2\/media?parent=8859"}],"wp:term":[{"taxonomy":"category","embeddable":true,"href":"http:\/\/www.javeriana.edu.co\/pesquisa\/wp-json\/wp\/v2\/categories?post=8859"},{"taxonomy":"post_tag","embeddable":true,"href":"http:\/\/www.javeriana.edu.co\/pesquisa\/wp-json\/wp\/v2\/tags?post=8859"}],"curies":[{"name":"wp","href":"https:\/\/api.w.org\/{rel}","templated":true}]}}