{"id":9512,"date":"2017-09-04T05:59:08","date_gmt":"2017-09-04T10:59:08","guid":{"rendered":"http:\/\/www.javeriana.edu.co\/pesquisa\/?p=9512"},"modified":"2022-05-15T19:47:39","modified_gmt":"2022-05-16T00:47:39","slug":"las-aves-que-colombia-perdio-de-vista","status":"publish","type":"post","link":"http:\/\/www.javeriana.edu.co\/pesquisa\/las-aves-que-colombia-perdio-de-vista\/","title":{"rendered":"Las aves que Colombia perdi\u00f3 de vista"},"content":{"rendered":"<p>El <em><a href=\"https:\/\/www.javeriana.edu.co\/editorial\/libros\/libro-rojo-aves-colombia-166712\" target=\"_blank\" rel=\"noopener\">Libro rojo de aves de Colombia<\/a><\/em> trae noticias desalentadoras porque habla de aquellas especies que est\u00e1n en riesgo de extinci\u00f3n. Lo positivo es que advierte sobre el tipo de amenazas que vive cada una de las identificadas y hace propuestas para frenar su desaparici\u00f3n.<\/p>\n<p>El volumen II analiz\u00f3 en detalle 114 especies, de las cuales 82 se encuentran bajo amenaza de desaparici\u00f3n y una se registra como \u201cextinta\u201d (ver recuadro). <u>Pesquisa Javeriana<\/u> presenta una galer\u00eda de algunas de ellas con un alto grado de amenaza.<\/p>\n<p><em><br \/>\n<strong>Podiceps andinus<\/strong><\/em><\/p>\n<figure style=\"width: 300px\" class=\"wp-caption alignnone\"><img fetchpriority=\"high\" decoding=\"async\" class=\"size-full wp-image-19716\" src=\"http:\/\/www.javeriana.edu.co\/pesquisa\/wp-content\/uploads\/2017\/09\/Rojo-1-300x169-9.jpg\" alt=\"Ilustraci\u00f3n: Robin H. Schiele.\" width=\"300\" height=\"169\" srcset=\"http:\/\/www.javeriana.edu.co\/pesquisa\/wp-content\/uploads\/2017\/09\/Rojo-1-300x169-9.jpg 300w, http:\/\/www.javeriana.edu.co\/pesquisa\/wp-content\/uploads\/2017\/09\/Rojo-1-300x169-9-150x85.jpg 150w\" sizes=\"(max-width: 300px) 100vw, 300px\" \/><figcaption class=\"wp-caption-text\">Ilustraci\u00f3n: Robin H. Schiele.<\/figcaption><\/figure>\n<p>La \u00faltima vez que se vio a este zambullidor cira (<em>Podiceps andinus<\/em>), especie end\u00e9mica colombiana, fue en 1977 en el <a href=\"https:\/\/www.sogamoso.com\/lago-de-tota\/\" target=\"_blank\" rel=\"noopener\">Lago de Tota<\/a>. Frecuentaba las lagunas de la sabana cundiboyacense, pero parece que la erosi\u00f3n, la contaminaci\u00f3n, el drenaje y el deterioro en la calidad de las aguas la fue acabando. Tambi\u00e9n se le atribuye su desaparici\u00f3n al cambio de vegetaci\u00f3n en los h\u00e1bitats que frecuentaba. Es la \u00fanica que reportan los investigadores que est\u00e1 completamente extinta.<\/p>\n<p><em><br \/>\n<strong>Thryophilus sernai &#8211;\u00a0Scytalopus perijanus<\/strong><\/em><\/p>\n<figure id=\"attachment_19717\" aria-describedby=\"caption-attachment-19717\" style=\"width: 300px\" class=\"wp-caption alignnone\"><img decoding=\"async\" class=\"size-full wp-image-19717\" src=\"http:\/\/www.javeriana.edu.co\/pesquisa\/wp-content\/uploads\/2017\/09\/Rojo-2-300x150-8.jpg\" alt=\"Cucarachero paisa (izq) y Tapaculo de Perij\u00e1. Fotograf\u00edas: Daniel Uribe y Juan Pablo L\u00f3pez O.\" width=\"300\" height=\"150\" srcset=\"http:\/\/www.javeriana.edu.co\/pesquisa\/wp-content\/uploads\/2017\/09\/Rojo-2-300x150-8.jpg 300w, http:\/\/www.javeriana.edu.co\/pesquisa\/wp-content\/uploads\/2017\/09\/Rojo-2-300x150-8-150x75.jpg 150w\" sizes=\"(max-width: 300px) 100vw, 300px\" \/><figcaption id=\"caption-attachment-19717\" class=\"wp-caption-text\">Cucarachero paisa (izq) y Tapaculo de Perij\u00e1. Fotograf\u00edas: Daniel Uribe y Juan Pablo L\u00f3pez O.<\/figcaption><\/figure>\n<p>No acababan de encontrar al tapaculo de Perij\u00e1 (<em>Scytalopus perijanus<\/em>) y al cucarachero paisa (<em>Thryophilus sernai<\/em>) \u2212dos especies nuevas para la ciencia\u2212, cuando los investigadores descubrieron\u00a0que ya est\u00e1n amenazadas. El primero habita en los bosques de niebla y p\u00e1ramos bien conservados y su desaparici\u00f3n responde, principalmente, a la p\u00e9rdida y fragmentaci\u00f3n de estos ecosistemas del Caribe colombiano por la extracci\u00f3n de madera y actividades agr\u00edcolas y ganaderas. Al cucarachero paisa le gusta volar a ambos lados del <a href=\"https:\/\/censat.org\/es\/noticias\/la-lucha-por-proteger-la-vida-del-rio-cauca\" target=\"_blank\" rel=\"noopener\">r\u00edo Cauca<\/a>, en el bosque seco tropical. Su canto lo delata pero ya no se oye con frecuencia, pues su poblaci\u00f3n disminuye con rapidez.<\/p>\n<p><em><br \/>\n<strong>Heliangelus Zusii<\/strong><\/em><\/p>\n<figure id=\"attachment_19718\" aria-describedby=\"caption-attachment-19718\" style=\"width: 300px\" class=\"wp-caption alignnone\"><img decoding=\"async\" class=\"size-full wp-image-19718\" src=\"http:\/\/www.javeriana.edu.co\/pesquisa\/wp-content\/uploads\/2017\/09\/Rojo-3-300x180-7.jpg\" alt=\"Ilustraci\u00f3n: Robin H. Schiele.\" width=\"300\" height=\"180\" srcset=\"http:\/\/www.javeriana.edu.co\/pesquisa\/wp-content\/uploads\/2017\/09\/Rojo-3-300x180-7.jpg 300w, http:\/\/www.javeriana.edu.co\/pesquisa\/wp-content\/uploads\/2017\/09\/Rojo-3-300x180-7-150x90.jpg 150w\" sizes=\"(max-width: 300px) 100vw, 300px\" \/><figcaption id=\"caption-attachment-19718\" class=\"wp-caption-text\">Ilustraci\u00f3n: Robin H. Schiele.<\/figcaption><\/figure>\n<p>Es posible que este colibr\u00ed, tambi\u00e9n llamado heliangelus (<em>Heliangelus zusii<\/em>), de Bogot\u00e1, est\u00e9 ya extinto. Solo se conoce un esp\u00e9cimen colectado en 1909, pero los investigadores intuyen que a\u00fan existen poblaciones en alg\u00fan enclave seco de la cordillera Oriental o del <a href=\"https:\/\/noticias.igac.gov.co\/macizo-colombiano-se-desangra-en-los-ultimos-20-anos-ha-perdido-cerca-de-500-mil-hectareas-de-bosques\/\" target=\"_blank\" rel=\"noopener\">Macizo colombiano<\/a>. Poco se sabe de \u00e9l.<\/p>\n<p><em><br \/>\n<strong>Eriocnemis godini<\/strong><\/em><\/p>\n<figure id=\"attachment_19719\" aria-describedby=\"caption-attachment-19719\" style=\"width: 300px\" class=\"wp-caption alignnone\"><img loading=\"lazy\" decoding=\"async\" class=\"size-full wp-image-19719\" src=\"http:\/\/www.javeriana.edu.co\/pesquisa\/wp-content\/uploads\/2017\/09\/Rojo-4-300x190-6.jpg\" alt=\"Ilustraci\u00f3n: Robin H. Schiele.\" width=\"300\" height=\"190\" srcset=\"http:\/\/www.javeriana.edu.co\/pesquisa\/wp-content\/uploads\/2017\/09\/Rojo-4-300x190-6.jpg 300w, http:\/\/www.javeriana.edu.co\/pesquisa\/wp-content\/uploads\/2017\/09\/Rojo-4-300x190-6-150x95.jpg 150w\" sizes=\"(max-width: 300px) 100vw, 300px\" \/><figcaption id=\"caption-attachment-19719\" class=\"wp-caption-text\">Ilustraci\u00f3n: Robin H. Schiele.<\/figcaption><\/figure>\n<p>Como el heliangelus, este colibr\u00ed llamado zamarrito gorjiturquesa (<em>Eriocnemis godini<\/em>) est\u00e1 en peligro cr\u00edtico, casi extinto. Se le conoce por tres espec\u00edmenes disecados en el Museo Americano de Historia Natural y otro en el Museo Brit\u00e1nico de Historia Natural, aparentemente provenientes de los departamentos de Nari\u00f1o y Cauca.<\/p>\n<p><em><br \/>\n<strong>Netta erythrophthalm<\/strong><\/em><\/p>\n<figure id=\"attachment_19720\" aria-describedby=\"caption-attachment-19720\" style=\"width: 300px\" class=\"wp-caption alignnone\"><img loading=\"lazy\" decoding=\"async\" class=\"size-full wp-image-19720\" src=\"http:\/\/www.javeriana.edu.co\/pesquisa\/wp-content\/uploads\/2017\/09\/Rojo-5-300x160-5.jpg\" alt=\"Ilustraci\u00f3n: Robin H. Schiele.\" width=\"300\" height=\"160\" srcset=\"http:\/\/www.javeriana.edu.co\/pesquisa\/wp-content\/uploads\/2017\/09\/Rojo-5-300x160-5.jpg 300w, http:\/\/www.javeriana.edu.co\/pesquisa\/wp-content\/uploads\/2017\/09\/Rojo-5-300x160-5-150x80.jpg 150w\" sizes=\"(max-width: 300px) 100vw, 300px\" \/><figcaption id=\"caption-attachment-19720\" class=\"wp-caption-text\">Ilustraci\u00f3n: Robin H. Schiele.<\/figcaption><\/figure>\n<p>Si bien el pato negro (<em>Netta erythrophthalm<\/em>) se encontraba f\u00e1cilmente en Colombia y en gran parte de Suram\u00e9rica, durante d\u00e9cadas desapareci\u00f3 en el pa\u00eds hasta que, en 2012, un grupo de funcionarios del <a href=\"https:\/\/www.parquesnacionales.gov.co\/portal\/es\/parques-nacionales\/santuario-de-flora-y-fauna-cienaga-grande-de-santa-marta\/\" target=\"_blank\" rel=\"noopener\">Santuario de Fauna y Flora de la Ci\u00e9naga Grande de Santa Marta<\/a> report\u00f3 cuatro individuos surcando sus cielos. La cacer\u00eda y el deterioro de humedales puede ser la causa de que esta especie se encuentre amenazada.<\/p>\n<p><em><br \/>\n<strong>Crax Alberti<\/strong><\/em><\/p>\n<figure id=\"attachment_19721\" aria-describedby=\"caption-attachment-19721\" style=\"width: 300px\" class=\"wp-caption alignnone\"><img loading=\"lazy\" decoding=\"async\" class=\"size-full wp-image-19721\" src=\"http:\/\/www.javeriana.edu.co\/pesquisa\/wp-content\/uploads\/2017\/09\/Rojo-6-300x253-4.jpg\" alt=\"Fotograf\u00eda: Daniel Uribe.\" width=\"300\" height=\"253\" srcset=\"http:\/\/www.javeriana.edu.co\/pesquisa\/wp-content\/uploads\/2017\/09\/Rojo-6-300x253-4.jpg 300w, http:\/\/www.javeriana.edu.co\/pesquisa\/wp-content\/uploads\/2017\/09\/Rojo-6-300x253-4-150x127.jpg 150w\" sizes=\"(max-width: 300px) 100vw, 300px\" \/><figcaption id=\"caption-attachment-19721\" class=\"wp-caption-text\">Fotograf\u00eda: Daniel Uribe.<\/figcaption><\/figure>\n<p>A este paujil o pav\u00f3n colombiano tambi\u00e9n se le llama paujil de pico azul (<em>Crax Alberti<\/em>). Es end\u00e9mico de Colombia y se encuentra, cuando se le avista, en cuencas medias y bajas de los r\u00edos Cauca y Magdalena, generalmente por debajo de los 800 metros sobre el nivel del mar. La mayor\u00eda de los registros corresponden a machos que emiten pujidos de cortejo y, por otro lado, a hembras solitarias. Hoy en d\u00eda habita en tres reservas regionales: el <a href=\"https:\/\/www.corantioquia.gov.co\/sitios\/ExtranetCorantioquia\/SitePages\/ContenidoMenuSuperior.aspx?IdItem=117\" target=\"_blank\" rel=\"noopener\">ca\u00f1\u00f3n del r\u00edo Alicante<\/a> y Bajo Cauca Nech\u00ed, ambas en Antioquia, y en la <a href=\"https:\/\/www.proaves.org\/rna-el-paujil\/\" target=\"_blank\" rel=\"noopener\">Reserva El Paujil<\/a>, entre Boyac\u00e1 y Santander.<\/p>\n<p><em><br \/>\n<strong>Vultur gryphus<\/strong><\/em><\/p>\n<figure id=\"attachment_19722\" aria-describedby=\"caption-attachment-19722\" style=\"width: 300px\" class=\"wp-caption alignnone\"><img loading=\"lazy\" decoding=\"async\" class=\"size-full wp-image-19722\" src=\"http:\/\/www.javeriana.edu.co\/pesquisa\/wp-content\/uploads\/2017\/09\/Rojo-7-300x205-3.jpg\" alt=\"Fotograf\u00eda: Rodrigo Gaviria Obreg\u00f3n.\" width=\"300\" height=\"205\" srcset=\"http:\/\/www.javeriana.edu.co\/pesquisa\/wp-content\/uploads\/2017\/09\/Rojo-7-300x205-3.jpg 300w, http:\/\/www.javeriana.edu.co\/pesquisa\/wp-content\/uploads\/2017\/09\/Rojo-7-300x205-3-150x103.jpg 150w\" sizes=\"(max-width: 300px) 100vw, 300px\" \/><figcaption id=\"caption-attachment-19722\" class=\"wp-caption-text\">Fotograf\u00eda: Rodrigo Gaviria Obreg\u00f3n.<\/figcaption><\/figure>\n<p>No pod\u00eda faltar \u2212desafortunadamente\u2212 el majestuoso c\u00f3ndor de los Andes (<em>Vultur gryphus<\/em>), en peligro cr\u00edtico de extinci\u00f3n y, dice el libro, que, de continuar la situaci\u00f3n, pronto desaparecer\u00e1. Siendo el ave emblem\u00e1tica del escudo de Colombia, la poblaci\u00f3n silvestre actual no alcanza los cien individuos y los reintroducidos son menos de 50. El deterioro y transformaci\u00f3n de los h\u00e1bitats por acci\u00f3n humana son sus principales amenazas, adem\u00e1s de la cacer\u00eda, por considerarse \u2212equivocadamente\u2212 como un peligro para el ganado.<\/p>\n<blockquote><p><span style=\"color: #44af36;\"><strong>N\u00fameros que deben preocupar<\/strong><\/span><\/p>\n<p>\u2018El libro rojo de aves de Colombia\u2019 analiza el turbio panorama de la fauna en el pa\u00eds, encontrando:<br \/>\n<span style=\"color: #44af36;\"><strong>1<\/strong><\/span> especie extinta<br \/>\n<span style=\"color: #44af36;\"><strong>2<\/strong><\/span> especies en peligro cr\u00edtico, probablemente extintas<br \/>\n<span style=\"color: #44af36;\"><strong>9<\/strong><\/span> especies en peligro cr\u00edtico<br \/>\n<span style=\"color: #44af36;\"><strong>30<\/strong><\/span> especies en peligro<br \/>\n<span style=\"color: #44af36;\"><strong>31<\/strong><\/span> especies vulnerables<br \/>\n<span style=\"color: #44af36;\"><strong>10<\/strong><\/span> especies casi amenazadas<br \/>\n<span style=\"color: #44af36;\"><strong>7<\/strong><\/span> especies con datos insuficientes<\/p>\n<p>De ellas, <span style=\"color: #44af36;\"><strong>29<\/strong><\/span> son end\u00e9micas.<\/p><\/blockquote>\n<p><em><br \/>\n<strong>Leptotila jamaicensis<\/strong><\/em>\u00a0<strong>&#8211;<\/strong>\u00a0<strong><em>Icterus leucopteryx<\/em><\/strong><\/p>\n<figure id=\"attachment_19723\" aria-describedby=\"caption-attachment-19723\" style=\"width: 640px\" class=\"wp-caption alignnone\"><img loading=\"lazy\" decoding=\"async\" class=\"size-large wp-image-19723\" src=\"http:\/\/www.javeriana.edu.co\/pesquisa\/wp-content\/uploads\/2017\/09\/Rojo-8N-1024x512-1-1024x512.jpg\" alt=\"Tortolita caribe\u00f1a (izq.) y turpial jamaiquino. Fotograf\u00edas: Mikko Pyh\u00e4l\u00e4 y Daniel Uribe.\" width=\"640\" height=\"320\" srcset=\"http:\/\/www.javeriana.edu.co\/pesquisa\/wp-content\/uploads\/2017\/09\/Rojo-8N-1024x512-1.jpg 1024w, http:\/\/www.javeriana.edu.co\/pesquisa\/wp-content\/uploads\/2017\/09\/Rojo-8N-1024x512-1-300x150.jpg 300w, http:\/\/www.javeriana.edu.co\/pesquisa\/wp-content\/uploads\/2017\/09\/Rojo-8N-1024x512-1-150x75.jpg 150w, http:\/\/www.javeriana.edu.co\/pesquisa\/wp-content\/uploads\/2017\/09\/Rojo-8N-1024x512-1-450x225.jpg 450w, http:\/\/www.javeriana.edu.co\/pesquisa\/wp-content\/uploads\/2017\/09\/Rojo-8N-1024x512-1-768x384.jpg 768w\" sizes=\"(max-width: 640px) 100vw, 640px\" \/><figcaption id=\"caption-attachment-19723\" class=\"wp-caption-text\">Tortolita caribe\u00f1a (izq.) y turpial jamaiquino. Fotograf\u00edas: Mikko Pyh\u00e4l\u00e4 y Daniel Uribe.<\/figcaption><\/figure>\n<p>Estas dos especies \u2212la tortolita o paloma caribe\u00f1a (<em>Leptotila jamaicensis<\/em>) y el turpial jamaiquino o caribe\u00f1o (<em>Icterus leucopteryx<\/em>)\u2212 se encuentran solamente en la <a href=\"https:\/\/www.coralina.gov.co\/coralina\/archipielago\/17-amenazas-y-problemas\" target=\"_blank\" rel=\"noopener\">isla de San Andr\u00e9s<\/a>. Su distribuci\u00f3n es cada vez m\u00e1s reducida por la p\u00e9rdida de h\u00e1bitat y la vulnerabilidad a los huracanes. El macho y la hembra del turpial caribe\u00f1o construyen nidos colgantes en forma de bolsa, que van tejiendo pacientemente con materiales flexibles como fibras de hojas de palmas y pelo de caballo.<\/p>\n<p><em><br \/>\n<strong>Cistothorus apolinari<\/strong><\/em>\u00a0<strong>&#8211;\u00a0<em>Pseudocolopteryx acutipeonis<\/em><\/strong><\/p>\n<figure id=\"attachment_19724\" aria-describedby=\"caption-attachment-19724\" style=\"width: 300px\" class=\"wp-caption alignnone\"><img loading=\"lazy\" decoding=\"async\" class=\"size-full wp-image-19724\" src=\"http:\/\/www.javeriana.edu.co\/pesquisa\/wp-content\/uploads\/2017\/09\/Rojo-9-300x150-1.jpg\" alt=\"Cucarachero de apolinar (izq.) y doradito oliv\u00e1ceo. Fotograf\u00edas: Jos\u00e9 Oswaldo Cort\u00e9s Herrera y Daniel Uribe.\" width=\"300\" height=\"150\" srcset=\"http:\/\/www.javeriana.edu.co\/pesquisa\/wp-content\/uploads\/2017\/09\/Rojo-9-300x150-1.jpg 300w, http:\/\/www.javeriana.edu.co\/pesquisa\/wp-content\/uploads\/2017\/09\/Rojo-9-300x150-1-150x75.jpg 150w\" sizes=\"(max-width: 300px) 100vw, 300px\" \/><figcaption id=\"caption-attachment-19724\" class=\"wp-caption-text\">Cucarachero de apolinar (izq.) y doradito oliv\u00e1ceo. Fotograf\u00edas: Jos\u00e9 Oswaldo Cort\u00e9s Herrera y Daniel Uribe.<\/figcaption><\/figure>\n<p><span style=\"font-size: 14px;\">En los humedales y lagunas de la cordillera Oriental, especialmente en el altiplano cundiboyacense, se ven a\u00fan algunos individuos de este cucarachero de pantano o cucarachero de apolinar (<\/span><em style=\"font-size: 14px;\">Cistothorus apolinari<\/em><span style=\"font-size: 14px;\">). Pero la contaminaci\u00f3n de los humedales y posiblemente la acci\u00f3n del cambio clim\u00e1tico global parecen estar afectando las poblaciones. Los autores del <\/span><em style=\"font-size: 14px;\">Libro rojo de aves de Colombia<\/em><span style=\"font-size: 14px;\"> llaman la atenci\u00f3n sobre el control poblacional de ratas, gatos y perros para evitar su extinci\u00f3n. El doradito oliv\u00e1ceo (<\/span><em style=\"font-size: 14px;\">Pseudocolopteryx acutipeonis<\/em><span style=\"font-size: 14px;\">), por su parte, vive una situaci\u00f3n similar a la del cucarachero: los registros son escasos en los humedales de la <a href=\"https:\/\/www.manuelrodriguezbecerra.org\/adaptacion.html\" target=\"_blank\" rel=\"noopener\">Sabana de Bogot\u00e1<\/a>. Se desplaza mediante vuelos cortos entre los juncos de los humedales.<\/span><\/p>\n<hr \/>\n<p>En los dos vol\u00famenes del <em>Libro rojo de aves de Colombia<\/em> se encuentran la totalidad de las especies de aves residentes en el pa\u00eds de forma permanente o estacional; en el volumen II, los autores recomiendan encarecidamente proteger <a href=\"https:\/\/www.tvn-2.com\/nacionales\/provincias\/PUBLICAR-Reserva-Darien-sigue-llamas_0_4465803452.html\" target=\"_blank\" rel=\"noopener\">las monta\u00f1as del Dari\u00e9n<\/a> que albergan, junto con la <a href=\"https:\/\/www.corpamag.gov.co\/index.php\/es\/informacion-ambiental\/ecosistemas-fisiograficos\/sierra-nevada-de-santa-marta\" target=\"_blank\" rel=\"noopener\">Sierra Nevada de Santa Marta<\/a>, la mayor concentraci\u00f3n de especies amenazadas.<\/p>\n<blockquote><p><span style=\"color: #44af36;\"><strong>Medalla ambiental<\/strong><\/span><\/p>\n<p>La <a href=\"https:\/\/www.faae.org.co\/\" target=\"_blank\" rel=\"noopener\">Fundaci\u00f3n Alejandro \u00c1ngel Escobar<\/a> otorg\u00f3 el Premio Nacional Alejandro \u00c1ngel Escobar en la categor\u00eda \u201cMedio ambiente y desarrollo sostenible\u201d, <a href=\"https:\/\/www.faae.org.co\/_pdf\/comunicados\/ComunicadoGanadoresPremios2017.pdf\" target=\"_blank\" rel=\"noopener\">a los investigadores que lideraron la publicaci\u00f3n del <em>Libro rojo de aves de Colombia<\/em><\/a>.<\/p>\n<p>En su fallo, la Fundaci\u00f3n resalt\u00f3 que este trabajo de m\u00e1s de 10 a\u00f1os de investigaci\u00f3n, publicado en dos vol\u00famenes, sirve \u201ccomo soporte para definir prioridades de conservaci\u00f3n, declaraci\u00f3n de \u00e1reas protegidas, formular pol\u00edticas, planes de manejo, asignar recursos y concientizar a la sociedad sobre la vulnerabilidad de la naturaleza\u201d.<\/p>\n<p>Coordinada por Luis Miguel Renjifo, <a href=\"https:\/\/www.javeriana.edu.co\/vicerrectoria-de-investigacion\" target=\"_blank\" rel=\"noopener\">vicerrector de Investigaci\u00f3n de la Pontificia Universidad Javeriana<\/a>, la investigaci\u00f3n cont\u00f3 con los valiosos aportes de \u00c1ngela Mar\u00eda Amaya, Juan David Amaya, Jaime Burbano (investigadores asociados a la Javeriana), Gustavo Kattan (cient\u00edfico de la <a href=\"https:\/\/www.javerianacali.edu.co\/\" target=\"_blank\" rel=\"noopener\">Javeriana, sede Cali<\/a>), Mar\u00eda Fernanda G\u00f3mez (de <a href=\"https:\/\/www.unep.org\/americalatinacaribe\/\" target=\"_blank\" rel=\"noopener\">ONU Medio Ambiente<\/a>) y Jorge Iv\u00e1n Vel\u00e1squez (del <a href=\"https:\/\/www.humboldt.org.co\/es\/\" target=\"_blank\" rel=\"noopener\">Instituto Humboldt<\/a>).<\/p>\n<p>El reconocimiento se entregar\u00e1 a los ganadores el 4 de octubre de 2017.<\/p><\/blockquote>\n<p><span style=\"color: #44af36;\"><strong>Para leer m\u00e1s sobre este tema:<\/strong><\/span><\/p>\n<ul>\n<li><a href=\"http:\/\/www.javeriana.edu.co\/pesquisa\/observacion-de-aves-un-aporte-a-la-ciencia\/\">Observaci\u00f3n de aves, un aporte a la ciencia<\/a> (marzo, 2017).<\/li>\n<li><a href=\"http:\/\/www.javeriana.edu.co\/pesquisa\/libro-rojo-de-las-aves-de-colombia\/\">Libro rojo de las aves de Colombia<\/a> (octubre, 2013).<\/li>\n<\/ul>\n","protected":false},"excerpt":{"rendered":"<p>Ganador del Premio Nacional Alejandro \u00c1ngel Escobar e impulsado por investigadores javerianos, \u2018El libro rojo de aves de Colombia\u2019 alerta sobre la preocupante amenaza de extinci\u00f3n a m\u00e1s de 80 especies en el pa\u00eds.<\/p>\n","protected":false},"author":25,"featured_media":19725,"comment_status":"open","ping_status":"open","sticky":false,"template":"","format":"standard","meta":{"footnotes":""},"categories":[376],"tags":[529,513,527,526,528,525],"class_list":{"0":"post-9512","1":"post","2":"type-post","3":"status-publish","4":"format-standard","5":"has-post-thumbnail","7":"category-ambiente","8":"tag-amenaza","9":"tag-aves","10":"tag-avistamiento","11":"tag-impacto-ambiental","12":"tag-libro-rojo","13":"tag-peligro-de-extincion"},"_links":{"self":[{"href":"http:\/\/www.javeriana.edu.co\/pesquisa\/wp-json\/wp\/v2\/posts\/9512","targetHints":{"allow":["GET"]}}],"collection":[{"href":"http:\/\/www.javeriana.edu.co\/pesquisa\/wp-json\/wp\/v2\/posts"}],"about":[{"href":"http:\/\/www.javeriana.edu.co\/pesquisa\/wp-json\/wp\/v2\/types\/post"}],"author":[{"embeddable":true,"href":"http:\/\/www.javeriana.edu.co\/pesquisa\/wp-json\/wp\/v2\/users\/25"}],"replies":[{"embeddable":true,"href":"http:\/\/www.javeriana.edu.co\/pesquisa\/wp-json\/wp\/v2\/comments?post=9512"}],"version-history":[{"count":31,"href":"http:\/\/www.javeriana.edu.co\/pesquisa\/wp-json\/wp\/v2\/posts\/9512\/revisions"}],"predecessor-version":[{"id":31035,"href":"http:\/\/www.javeriana.edu.co\/pesquisa\/wp-json\/wp\/v2\/posts\/9512\/revisions\/31035"}],"wp:featuredmedia":[{"embeddable":true,"href":"http:\/\/www.javeriana.edu.co\/pesquisa\/wp-json\/wp\/v2\/media\/19725"}],"wp:attachment":[{"href":"http:\/\/www.javeriana.edu.co\/pesquisa\/wp-json\/wp\/v2\/media?parent=9512"}],"wp:term":[{"taxonomy":"category","embeddable":true,"href":"http:\/\/www.javeriana.edu.co\/pesquisa\/wp-json\/wp\/v2\/categories?post=9512"},{"taxonomy":"post_tag","embeddable":true,"href":"http:\/\/www.javeriana.edu.co\/pesquisa\/wp-json\/wp\/v2\/tags?post=9512"}],"curies":[{"name":"wp","href":"https:\/\/api.w.org\/{rel}","templated":true}]}}