{"id":9564,"date":"2017-09-06T09:59:45","date_gmt":"2017-09-06T14:59:45","guid":{"rendered":"http:\/\/www.javeriana.edu.co\/pesquisa\/?p=9564"},"modified":"2022-05-16T11:37:20","modified_gmt":"2022-05-16T16:37:20","slug":"por-una-educacion-religiosa-mas-incluyente","status":"publish","type":"post","link":"http:\/\/www.javeriana.edu.co\/pesquisa\/por-una-educacion-religiosa-mas-incluyente\/","title":{"rendered":"Por una educaci\u00f3n religiosa m\u00e1s incluyente"},"content":{"rendered":"<p>El estudio de la <a href=\"https:\/\/www.javeriana.edu.co\/educon\/educacion-religiosa-escolar-virtual\" target=\"_blank\" rel=\"noopener\">Educaci\u00f3n Religiosa Escolar (ERE)<\/a> sigue vivo y en plena actividad, como lo demuestra Jos\u00e9 Luis Meza Rueda, doctor en teolog\u00eda y experto en estudios religiosos de la <a href=\"https:\/\/teologia.javeriana.edu.co\/\" target=\"_blank\" rel=\"noopener\">Pontificia Universidad Javeriana<\/a>.<\/p>\n<p>A finales de agosto pasado la Arquiodi\u00f3cesis de Barranquilla convoc\u00f3 al Primer Congreso Regional de Educaci\u00f3n Religiosa Escolar, donde Meza Rueda dict\u00f3 la conferencia <em>La ERE, una mediaci\u00f3n cr\u00edtica para comprender y transformar la realidad<\/em>, en la que hizo \u00e9nfasis en el potencial de esta \u00e1rea en la formaci\u00f3n integral de las personas y en la importancia de un pensamiento incluyente y respetuoso frente a las diferentes doctrinas presentes en el pa\u00eds.<\/p>\n<p>\u201cHoy por hoy la ERE tiene una responsabilidad enorme con el proyecto de naci\u00f3n en virtud de la pluralidad cultural y religiosa de la cual somos testigos\u201d, dijo el profesor Meza; \u201cla escuela ha de formar a los sujetos para que tengan una actitud m\u00e1s abierta y dialogal con aquellos que creen de manera diferente y, sin embargo, con los cuales debemos construir un pa\u00eds en donde todos quepamos\u201d.<\/p>\n<p>Durante el evento se lanz\u00f3 el documento <em>Est\u00e1ndares para la Educaci\u00f3n Religiosa Escolar (ERE) de la Conferencia Episcopal de Colombia, <\/em>que promueve \u201cla resoluci\u00f3n pac\u00edfica de conflictos, el uso \u00e9tico y responsable de las tecnolog\u00edas y de los recursos naturales, el respeto por la diferencia y la identidad en un contexto multicultural, y el fortalecimiento y cuidado de las relaciones humanas\u201d.<\/p>\n<p>La propuesta de la Conferencia sobre la ERE tiene en cuenta la realidad del pa\u00eds, el avance en las tecnolog\u00edas, entre ellas la de comunicaci\u00f3n y la informaci\u00f3n, as\u00ed como la segunda enc\u00edclica del papa Francisco, <em><a href=\"https:\/\/w2.vatican.va\/content\/francesco\/es\/encyclicals\/documents\/papa-francesco_20150524_enciclica-laudato-si.html\" target=\"_blank\" rel=\"noopener\">Laudato si<\/a><\/em>, que hace \u00e9nfasis en tomar conciencia del planeta en el que vivimos, al que llama \u2018el cuidado de la casa com\u00fan\u2019.<\/p>\n<p>A prop\u00f3sito, este tema del cuidado de la casa com\u00fan ser\u00e1 presentado en profundidad en el <a href=\"https:\/\/www.javeriana.edu.co\/congreso\" target=\"_blank\" rel=\"noopener\">XIV Congreso La Investigaci\u00f3n en la Pontificia Universidad Javeriana<\/a>, que tendr\u00e1 lugar del 11 al 15 de septiembre de 2017 en el campus universitario.<\/p>\n<hr \/>\n<p><strong><span style=\"color: #f48200;\">Lea aqu\u00ed nuestro art\u00edculo original sobre<\/span> <a href=\"http:\/\/www.javeriana.edu.co\/pesquisa\/de-la-clase-de-religion-a-una-educacion-religiosa-liberadora\/\" target=\"_blank\" rel=\"noopener\">Educaci\u00f3n Religiosa Escolar<\/a>\u00a0<\/strong>(revista Pesquisa Javeriana 34, noviembre de 2015).<\/p>\n","protected":false},"excerpt":{"rendered":"<p>En el marco de la visita del papa Francisco a Colombia, Pesquisa Javeriana recuerda la importancia de la educaci\u00f3n religiosa escolar (ERE) y actualiza sobre los avances del pa\u00eds y de la Universidad en el tema.<\/p>\n","protected":false},"author":25,"featured_media":19727,"comment_status":"open","ping_status":"open","sticky":false,"template":"","format":"standard","meta":{"footnotes":""},"categories":[373],"tags":[578,579,582,580,568,581],"class_list":{"0":"post-9564","1":"post","2":"type-post","3":"status-publish","4":"format-standard","5":"has-post-thumbnail","7":"category-sociedad","8":"tag-educacion-religiosa-escolar","9":"tag-ensenanza","10":"tag-etica","11":"tag-pluralidad","12":"tag-religion","13":"tag-resolucion-pacifica-de-conflictos"},"_links":{"self":[{"href":"http:\/\/www.javeriana.edu.co\/pesquisa\/wp-json\/wp\/v2\/posts\/9564","targetHints":{"allow":["GET"]}}],"collection":[{"href":"http:\/\/www.javeriana.edu.co\/pesquisa\/wp-json\/wp\/v2\/posts"}],"about":[{"href":"http:\/\/www.javeriana.edu.co\/pesquisa\/wp-json\/wp\/v2\/types\/post"}],"author":[{"embeddable":true,"href":"http:\/\/www.javeriana.edu.co\/pesquisa\/wp-json\/wp\/v2\/users\/25"}],"replies":[{"embeddable":true,"href":"http:\/\/www.javeriana.edu.co\/pesquisa\/wp-json\/wp\/v2\/comments?post=9564"}],"version-history":[{"count":12,"href":"http:\/\/www.javeriana.edu.co\/pesquisa\/wp-json\/wp\/v2\/posts\/9564\/revisions"}],"predecessor-version":[{"id":31092,"href":"http:\/\/www.javeriana.edu.co\/pesquisa\/wp-json\/wp\/v2\/posts\/9564\/revisions\/31092"}],"wp:featuredmedia":[{"embeddable":true,"href":"http:\/\/www.javeriana.edu.co\/pesquisa\/wp-json\/wp\/v2\/media\/19727"}],"wp:attachment":[{"href":"http:\/\/www.javeriana.edu.co\/pesquisa\/wp-json\/wp\/v2\/media?parent=9564"}],"wp:term":[{"taxonomy":"category","embeddable":true,"href":"http:\/\/www.javeriana.edu.co\/pesquisa\/wp-json\/wp\/v2\/categories?post=9564"},{"taxonomy":"post_tag","embeddable":true,"href":"http:\/\/www.javeriana.edu.co\/pesquisa\/wp-json\/wp\/v2\/tags?post=9564"}],"curies":[{"name":"wp","href":"https:\/\/api.w.org\/{rel}","templated":true}]}}