{"id":9724,"date":"2017-09-10T11:32:45","date_gmt":"2017-09-10T16:32:45","guid":{"rendered":"http:\/\/www.javeriana.edu.co\/pesquisa\/?p=9724"},"modified":"2022-05-16T11:40:08","modified_gmt":"2022-05-16T16:40:08","slug":"la-javeriana-celebra-su-fiesta-de-la-investigacion","status":"publish","type":"post","link":"http:\/\/www.javeriana.edu.co\/pesquisa\/la-javeriana-celebra-su-fiesta-de-la-investigacion\/","title":{"rendered":"La Javeriana celebra su fiesta de la investigaci\u00f3n"},"content":{"rendered":"<p>La investigaci\u00f3n cient\u00edfica vuelve a tomarse las aulas javerianas. Como es ya tradici\u00f3n, y despu\u00e9s de dos a\u00f1os, el centro acad\u00e9mico celebrar\u00e1, entre el 11 y el 15 de septiembre de 2017, el <a href=\"https:\/\/www.javeriana.edu.co\/congreso\" target=\"_blank\" rel=\"noopener\">XIV Congreso La Investigaci\u00f3n en la Pontificia Universidad Javeriana<\/a>. Esta cita no solo mostrar\u00e1 el conocimiento generado por sus profesores y estudiantes, tambi\u00e9n se convertir\u00e1 en un espacio de discusi\u00f3n en torno a la paz, la reconciliaci\u00f3n y el papel que la ciencia puede jugar en la Colombia del postconflicto.<\/p>\n<p>Este evento contar\u00e1, adem\u00e1s, con la participaci\u00f3n de tres conferencistas de amplio reconocimiento acad\u00e9mico:<\/p>\n<ul>\n<li>El padre <a href=\"https:\/\/www.javeriana.edu.co\/congreso\/investigacion-para-la-paz-y-la-reconciliacion\" target=\"_blank\" rel=\"noopener\">Francisco de Roux<\/a>, jesuita que ha participado en diversos procesos de paz y construcci\u00f3n de sociedad civil en Colombia. El 13 de septiembre hablar\u00e1 sobre el papel de la investigaci\u00f3n en escenarios de paz y en la reconciliaci\u00f3n.<\/li>\n<li><a href=\"https:\/\/www.javeriana.edu.co\/congreso\/investigacion-y-problemas-sociales\" target=\"_blank\" rel=\"noopener\">Marta Zambrano<\/a>, doctora en antropolog\u00eda y acad\u00e9mica de la Universidad Nacional de Colombia. Su conferencia, el 14 de septiembre, girar\u00e1 en torno a las decisiones que debe tomar el pa\u00eds en materia de ciencia y tecnolog\u00eda de cara al futuro.<\/li>\n<li><a href=\"https:\/\/www.javeriana.edu.co\/congreso\/comunicacion-de-la-ciencia\" target=\"_blank\" rel=\"noopener\">Roberto Kolter<\/a>, profesor de microbiolog\u00eda de la Universidad de Harvard, quien nos hablar\u00e1 el 15 de septiembre sobre la difusi\u00f3n de contenidos cient\u00edficos para diversos p\u00fablicos.<\/li>\n<\/ul>\n<p>Las conferencias se realizar\u00e1n en el auditorio Alfonso Quintana S.J., del Edificio Jorge Hoyos S.J. (edificio 20 del campus universitario) a partir de las 8:00 a.m. de cada d\u00eda.<\/p>\n<p>Por otro lado, durante el Congreso se realizar\u00e1n seis simposios sobre temas tan variados como las problem\u00e1ticas sociales, el medio ambiente, la construcci\u00f3n de paz o la interdisciplinariedad y las redes de colaboraci\u00f3n, en los cuales se presentar\u00e1n m\u00e1s de 100 resultados de procesos investigativos; asimismo, se presentar\u00e1n al p\u00fablico nueve tecnolog\u00edas desarrolladas enteramente en la Universidad Javeriana.<\/p>\n<p>Uno de los puntos centrales ser\u00e1 la entrega del Premio Bienal de Investigaci\u00f3n, el cual tendr\u00e1 dos categor\u00edas: a los mejores trabajos de investigaci\u00f3n desde el congreso anterior (del a\u00f1o 2015), y Vida y Obra en Investigaci\u00f3n, destinado al profesor javeriano con el recorrido y los aportes m\u00e1s destacados en su campo.<\/p>\n<p><iframe title=\"\u00bfPor qu\u00e9 trabajar en ciencia?\" width=\"814\" height=\"458\" src=\"https:\/\/www.youtube.com\/embed\/tfA854YY2Tw?feature=oembed\" frameborder=\"0\" allow=\"accelerometer; autoplay; clipboard-write; encrypted-media; gyroscope; picture-in-picture\" allowfullscreen><\/iframe><\/p>\n<p>Dentro de las actividades a resaltar, como los toures guiados por laboratorios o charlas de investigaci\u00f3n, sobresalen las jornadas de cerveza, tapas y posters, las cuales buscan generar una charla amena entre investigadores, profesores y estudiantes en torno a diferentes proyectos cient\u00edficos, donde puedan realizarse aportes, compartirse experiencias, sugerirse m\u00e9todos de investigaci\u00f3n, etc. Se realizar\u00e1n los d\u00edas 13 y 14 de septiembre, despu\u00e9s de las 5:00 p.m., en la Sala de exposiciones del edificio Gerardo\u00a0Arango S.J. (edificio de la Facultad de Artes).<\/p>\n<p><a href=\"https:\/\/www.javeriana.edu.co\/congreso\/agenda\" target=\"_blank\" rel=\"noopener\">Aqu\u00ed<\/a> puede encontrar la programaci\u00f3n para guiarse sobre las actividades del Congreso, al igual que puede inscribirse como asistente en este <a href=\"https:\/\/docs.google.com\/forms\/d\/e\/1FAIpQLSc2HShL7n-HU_n_kflD2hwoHtJBjVt_NOkFwGTWoCAxiYJrzw\/viewform\" target=\"_blank\" rel=\"noopener\">enlace<\/a>.<\/p>\n","protected":false},"excerpt":{"rendered":"<p>Invitados de lujo, como el padre Francisco de Roux y el microbi\u00f3logo Roberto Kotler, participar\u00e1n esta semana en el XIV Congreso La Investigaci\u00f3n en la Pontificia Universidad Javeriana.<\/p>\n","protected":false},"author":34,"featured_media":19730,"comment_status":"open","ping_status":"open","sticky":false,"template":"","format":"standard","meta":{"footnotes":""},"categories":[127],"tags":[460,730,851,852,853,370,415,598,854],"class_list":{"0":"post-9724","1":"post","2":"type-post","3":"status-publish","4":"format-standard","5":"has-post-thumbnail","7":"category-innovacion","8":"tag-ciencia","9":"tag-congreso-investigacion","10":"tag-contenidos-cientificos","11":"tag-francisco-de-roux","12":"tag-marta-zambrano","13":"tag-paz","14":"tag-politica-de-ciencia","15":"tag-reconciliacion","16":"tag-roberto-kolter"},"_links":{"self":[{"href":"http:\/\/www.javeriana.edu.co\/pesquisa\/wp-json\/wp\/v2\/posts\/9724","targetHints":{"allow":["GET"]}}],"collection":[{"href":"http:\/\/www.javeriana.edu.co\/pesquisa\/wp-json\/wp\/v2\/posts"}],"about":[{"href":"http:\/\/www.javeriana.edu.co\/pesquisa\/wp-json\/wp\/v2\/types\/post"}],"author":[{"embeddable":true,"href":"http:\/\/www.javeriana.edu.co\/pesquisa\/wp-json\/wp\/v2\/users\/34"}],"replies":[{"embeddable":true,"href":"http:\/\/www.javeriana.edu.co\/pesquisa\/wp-json\/wp\/v2\/comments?post=9724"}],"version-history":[{"count":11,"href":"http:\/\/www.javeriana.edu.co\/pesquisa\/wp-json\/wp\/v2\/posts\/9724\/revisions"}],"predecessor-version":[{"id":31098,"href":"http:\/\/www.javeriana.edu.co\/pesquisa\/wp-json\/wp\/v2\/posts\/9724\/revisions\/31098"}],"wp:featuredmedia":[{"embeddable":true,"href":"http:\/\/www.javeriana.edu.co\/pesquisa\/wp-json\/wp\/v2\/media\/19730"}],"wp:attachment":[{"href":"http:\/\/www.javeriana.edu.co\/pesquisa\/wp-json\/wp\/v2\/media?parent=9724"}],"wp:term":[{"taxonomy":"category","embeddable":true,"href":"http:\/\/www.javeriana.edu.co\/pesquisa\/wp-json\/wp\/v2\/categories?post=9724"},{"taxonomy":"post_tag","embeddable":true,"href":"http:\/\/www.javeriana.edu.co\/pesquisa\/wp-json\/wp\/v2\/tags?post=9724"}],"curies":[{"name":"wp","href":"https:\/\/api.w.org\/{rel}","templated":true}]}}