{"id":9953,"date":"2017-10-04T06:51:55","date_gmt":"2017-10-04T11:51:55","guid":{"rendered":"http:\/\/www.javeriana.edu.co\/pesquisa\/?p=9953"},"modified":"2022-07-31T20:23:49","modified_gmt":"2022-08-01T01:23:49","slug":"patente-de-corte-mundial","status":"publish","type":"post","link":"http:\/\/www.javeriana.edu.co\/pesquisa\/patente-de-corte-mundial\/","title":{"rendered":"Patente de corte mundial"},"content":{"rendered":"<p>Por m\u00e1s de una d\u00e9cada, el mejoramiento de las condiciones de trabajo de los floricultores ha sido parte de la investigaci\u00f3n del <a href=\"https:\/\/www.javeriana.edu.co\/blogs\/crzea1\/\" target=\"_blank\" rel=\"noopener\">Centro de Estudios en Ergonom\u00eda<\/a> (CEE) de la Pontificia Universidad Javeriana. Solo en 2015 se presentaron 892 casos de enfermedades laborales asociadas a esta actividad, lesiones mayormente vinculadas a las tareas repetitivas de corte de tallos.<\/p>\n<p>Precisamente, los primeros estudios realizados por los investigadores javerianos detectaron que los trabajadores deb\u00edan operar las herramientas de manera que su mano tuviera una apertura excesiva, ocasionando esfuerzo y posturas perjudiciales que generaban una lesi\u00f3n al convertirse en un trauma acumulativo.<\/p>\n<p>Este hallazgo fue fundamental para buscar una soluci\u00f3n y as\u00ed elaborar una herramienta ergon\u00f3mica para el corte de flores y frutos que se desarroll\u00f3 en 2010-2011 y obtuvo patente nacional; esta misma fue posteriormente presentada en Estados Unidos y en julio de 2017 obtuvo la patente de invenci\u00f3n.<\/p>\n<p>\u201cLa patente confiere el derecho a la Javeriana para que sea la \u00fanica que pueda explotar la invenci\u00f3n durante 20 a\u00f1os e iniciar acciones legales por infracci\u00f3n si alg\u00fan tercero la usa sin su autorizaci\u00f3n\u201d, se\u00f1ala Adriana Pe\u00f1aranda, abogada asesora en Propiedad Intelectual de la <a href=\"https:\/\/www.javeriana.edu.co\/investigacion\/innovacion\" target=\"_blank\" rel=\"noopener\">Direcci\u00f3n de Innovaci\u00f3n<\/a>&nbsp;en la Universidad.<\/p>\n<p>Este derecho, permite el uso de unas tijeras ergon\u00f3micas que mejorar\u00e1n las condiciones de miles de floricultores, en especial de la poblaci\u00f3n femenina. Seg\u00fan cifras del <a href=\"https:\/\/www.dane.gov.co\/index.php\/estadisticas-por-tema\/agropecuario\/censo-de-fincas-productoras-de-flores\" target=\"_blank\" rel=\"noopener\">Dane<\/a>, la participaci\u00f3n de mujeres dentro del sector es de m\u00e1s del 60%; solo en los municipios de la sabana de Bogot\u00e1 se contabilizaron, para 2009, cerca de 38.000 mujeres vinculadas al \u00e1rea de producci\u00f3n en los cultivos.<\/p>\n<p>Dice el investigador Jorge Enrique C\u00f3rdoba, del CEE y uno de los responsables del nuevo dise\u00f1o, que \u201ces muy esperanzador ver c\u00f3mo este producto se comporta en el mundo real y c\u00f3mo reaccionan las personas. Es un proyecto de largo aliento, pues encontrar alternativas para las enfermedades osteomusculares profesionales es un proceso de a\u00f1os de ver c\u00f3mo se mejoran. Nosotros, como centro de investigaci\u00f3n, no somos fabricantes de herramientas, solo generamos el conocimiento para que funcionen\u201d.<\/p>\n<p>En conjunto con sus colegas Leonardo Quintana, Javier Fajardo y \u00c1lvaro Hilari\u00f3n, desarrollaron el nuevo modelo como miembros del CEE de la <a href=\"https:\/\/ingenieria.javeriana.edu.co\/\" target=\"_blank\" rel=\"noopener\">Facultad de Ingenier\u00eda<\/a> de la Javeriana.<\/p>\n<p><strong><br \/>\n<span style=\"color: #51d1a0;\">El punto de partida de un invento<\/span><\/strong><\/p>\n<p>El principio de este proceso de invenci\u00f3n se gest\u00f3 en la realidad diaria de los cultivos: la actividad repetitiva del corte genera da\u00f1os m\u00fasculo-esquel\u00e9ticos, en muchos casos incapacitantes para los trabajadores. Con el objetivo de comprender las causas que favorecen la aparici\u00f3n de estas afectaciones, desde 2007 los profesores Lope Hugo Barrero y Leonardo Quintana iniciaron la investigaci\u00f3n.<\/p>\n<p>Identificaron factores relacionados con posturas adoptadas por los trabajadores y el dise\u00f1o de herramientas, y propusieron mejoras que van desde la incorporaci\u00f3n de mejores tijeras de poda hasta mejores pr\u00e1cticas posturales.<\/p>\n<p>Fue a partir de dichas recomendaciones que el foco se centr\u00f3 en el dise\u00f1o de unas nuevas tijeras ergon\u00f3micas. De la mano del equipo de Ergonom\u00eda, C\u00f3rdoba, dise\u00f1ador industrial y m\u00e1gister en Salud Ocupacional, elabor\u00f3 un nuevo dise\u00f1o que fue puesto a prueba en un mismo cultivo en 2011. Se realiz\u00f3 un estudio comparativo entre las tijeras tradicionales y el dise\u00f1o propuesto para identificar cu\u00e1l de las dos generaba mayores ventajas mec\u00e1nicas a la poblaci\u00f3n trabajadora.<\/p>\n<p>Las pruebas se realizaron a la altura de codo y arriba de los hombros, dos posturas importantes desde la ergonom\u00eda. Como indica Shyrle Berr\u00edo, m\u00e1gister en Ingenier\u00eda Industrial y responsable de estas pruebas, \u201cse encontr\u00f3 que la tijera dise\u00f1ada por el Centro generaba mayores ventajas mec\u00e1nicas para el trabajador al ocasionar menor fatiga en varios m\u00fasculos el brazo. Solo generaba mayor tensi\u00f3n muscular en postura de extensi\u00f3n\u201d.<\/p>\n<p>El nuevo dise\u00f1o de tijeras mantuvo las manijas en posici\u00f3n vertical del dise\u00f1o convencional, pero incluy\u00f3 un sistema de agarre con mango rotativo con el fin de que el trabajador mantenga la mu\u00f1eca en una posici\u00f3n neutra mientras acciona el mecanismo de corte, de manera similar al de una regadera de jard\u00edn.<\/p>\n<p>Los investigadores tambi\u00e9n trabajaron en aspectos que van m\u00e1s all\u00e1 de soluciones de dise\u00f1o. \u201cYa no hablamos de c\u00f3mo se comporta un m\u00fasculo sino de c\u00f3mo se siente la persona. Eso se hace con cualquier dispositivo nuevo. Se busca que el trabajador lo use, lo manipule, analice c\u00f3mo lo percibe y eval\u00fae el peso y el mecanismo para asegurarlo\u201d, indica C\u00f3rdoba.<\/p>\n<p>Esto deriv\u00f3 en un estudio de usabilidad necesario para identificar c\u00f3mo los trabajadores se sent\u00edan con este nuevo dise\u00f1o. En este caso, la nueva tijera de poda gener\u00f3 calificaciones altas solo con las recomendaciones de mejorar su peso, pues algunos trabajadores manifestaron sentir el nuevo modelo m\u00e1s pesado.<\/p>\n<p><strong><br \/>\n<span style=\"color: #51d1a0;\">Tijera certificada<\/span><\/strong><\/p>\n<p>Con los dise\u00f1os aprobados y los resultados de las pruebas ejecutados, los investigadores iniciaron un largo camino con el acompa\u00f1amiento y asesor\u00eda de la Direcci\u00f3n de Innovaci\u00f3n de la Javeriana, en cabeza de Fanny Almario Mayor. Su participaci\u00f3n fue crucial para establecer si era viable proteger estos desarrollos a trav\u00e9s de alguno de los mecanismos de Propiedad Intelectual existentes y definir su potencial comercial. En 2013 se aprobaron <a href=\"http:\/\/www.javeriana.edu.co\/pesquisa\/universidad-javeriana-obtiene-nueva-patente\/\" target=\"_blank\" rel=\"noopener\">dos solicitudes de patente en Colombia<\/a>; m\u00e1s tarde, julio de 2017, EE.UU. concedi\u00f3 su aval.<\/p>\n<p>Para el ingeniero Leonardo Quintana, director del CEE, la aprobaci\u00f3n de la patente abre las puertas de muchas posibilidades: \u201cQue la universidad use la patente para obtener <em>un global manufactury<\/em> (manufactura global) para que se produzca masivamente y que la Pontificia Universidad Javeriana reciba regal\u00edas por este concepto\u201d. De hecho en la actualidad la universidad inici\u00f3 gestiones con potenciales clientes parar buscar la comercializaci\u00f3n o licenciamiento de uso.<\/p>\n<p>Este nuevo dise\u00f1o y su patente marcan un nuevo paso sobre c\u00f3mo permitir que un adelanto forjado en la Academia sea llevado al mercado para solucionar una problem\u00e1tica espec\u00edfica. Con su aplicaci\u00f3n industrial se espera que estas nuevas tijeras impacten en las condiciones de salud de los floricultores en la medida que ya algunas empresas han manifestado inter\u00e9s en implementar las tijeras en sus cultivos.<\/p>\n<p>===<br \/>\n<span style=\"color: #51d1a0;\"><strong>Para leer m\u00e1s sobre este tema:<\/strong><\/span><\/p>\n<p>En noviembre de 2012, cuando el sector flocricultor se preparaba para atender la demanda de San Valent\u00edn, publicamos un reportaje sobre las enfermedades musculo-esquel\u00e9ticas que padec\u00edan sus trabajadores. Puede leerlo <a href=\"http:\/\/www.javeriana.edu.co\/pesquisa\/bano-de-rosas-para-los-dolores-en-la-industria-floricultora\/\" target=\"_blank\" rel=\"noopener\">aqu\u00ed<\/a>.<\/p>\n<blockquote><p><span style=\"color: #51d1a0;\"><strong>Reconocimiento a la mejor investigaci\u00f3n<\/strong><\/span><\/p>\n<p>El pasado 15 de septiembre, durante la clausura del XIV Congreso La Investigaci\u00f3n en la Pontificia Universidad Javeriana, los miembros del CEE fueron reconocidos por su trabajo de investigaci\u00f3n.<\/p>\n<p>Leonardo Quintana, Jorge Enrique C\u00f3rdoba, Javier Fajardo y \u00c1lvaro Hilari\u00f3n recibieron el Premio Bienal Javeriano en Investigaci\u00f3n 2017 en el \u00e1rea de Ciencias de la Salud, por su investigaci\u00f3n <em>Herramienta ergon\u00f3mica para el corte de flores y frutos con mangos de agarre perpendiculares y de accionamiento rotativo<\/em>.<\/p>\n<p>Asimismo, la Direcci\u00f3n de Innovaci\u00f3n destac\u00f3 su trabajo como una de las nueve tecnolog\u00edas y pr\u00e1cticas art\u00edsticas m\u00e1s destacadas que se hayan concebido dentro de la Universidad.<\/p><\/blockquote>\n<hr>\n<p><strong>T\u00cdTULO DE LA INVESTIGACI\u00d3N:&nbsp;<\/strong>Evaluaci\u00f3n comparativa de factores de preferencia uso de una herramienta de corte para floricultura con un nuevo dise\u00f1o, versus la herramienta tradicional, estudio piloto (sin publicar)<br \/>\n<strong style=\"font-size: 14px;\">INVESTIGADORES:&nbsp;<\/strong><span style=\"font-size: 14px;\">Jorge C\u00f3rdoba S\u00e1nchez y Leonardo Quintana Jim\u00e9nez.<br \/>\n<\/span><strong style=\"font-size: 14px;\">COINVESTIGADORES: <\/strong><span style=\"font-size: 14px;\">Javier Fajardo y \u00c1lvaro Hilari\u00f3n.<br \/>\n<\/span><span style=\"font-size: 14px;\">Facultad de Ingenier\u00eda Industrial<br \/>\n<\/span><span style=\"font-size: 14px;\">Centro de Estudios en Ergonom\u00eda<br \/>\n<\/span><span style=\"font-size: 14px;\">Pontificia Universidad Javeriana<br \/>\n<strong>PERIODO DE LA INVESTIGACI\u00d3N:&nbsp;<\/strong>2011-2014<br \/>\n<\/span><\/p>\n<p><strong>&nbsp;<\/strong><\/p>\n<p><strong>T\u00cdTULO DE LA INVESTIGACI\u00d3N<\/strong>: A field experiment comparing mechanical demands of two pruners for flower cutting<strong><br \/>\n<\/strong><strong>INVESTIGADORES:&nbsp;<\/strong>Lope H. Barrero, Shyrle Berrio y Leonardo Quintana Jim\u00e9nez.<br \/>\nFacultad de Ingenier\u00eda Industrial.<br \/>\nCentro de Estudios en Ergonom\u00eda<br \/>\nPontificia Universidad Javeriana<br \/>\n<strong>PERIODO DE LA INVESTIGACI\u00d3N:&nbsp;<\/strong>2012<\/p>\n","protected":false},"excerpt":{"rendered":"<p>Investigadores del Centro de Estudios de Ergonom\u00eda logran patente en Estados Unidos por un modelo de tijeras con aplicaci\u00f3n a los cultivos de flores.<\/p>\n","protected":false},"author":136,"featured_media":19837,"comment_status":"open","ping_status":"open","sticky":false,"template":"","format":"standard","meta":{"footnotes":""},"categories":[127],"tags":[917,918,71,910,809,916],"class_list":{"0":"post-9953","1":"post","2":"type-post","3":"status-publish","4":"format-standard","5":"has-post-thumbnail","7":"category-innovacion","8":"tag-diseno","9":"tag-enfermedades-laborales","10":"tag-ergonomia","11":"tag-flores","12":"tag-patente","13":"tag-tijeras"},"_links":{"self":[{"href":"http:\/\/www.javeriana.edu.co\/pesquisa\/wp-json\/wp\/v2\/posts\/9953","targetHints":{"allow":["GET"]}}],"collection":[{"href":"http:\/\/www.javeriana.edu.co\/pesquisa\/wp-json\/wp\/v2\/posts"}],"about":[{"href":"http:\/\/www.javeriana.edu.co\/pesquisa\/wp-json\/wp\/v2\/types\/post"}],"author":[{"embeddable":true,"href":"http:\/\/www.javeriana.edu.co\/pesquisa\/wp-json\/wp\/v2\/users\/136"}],"replies":[{"embeddable":true,"href":"http:\/\/www.javeriana.edu.co\/pesquisa\/wp-json\/wp\/v2\/comments?post=9953"}],"version-history":[{"count":16,"href":"http:\/\/www.javeriana.edu.co\/pesquisa\/wp-json\/wp\/v2\/posts\/9953\/revisions"}],"predecessor-version":[{"id":34320,"href":"http:\/\/www.javeriana.edu.co\/pesquisa\/wp-json\/wp\/v2\/posts\/9953\/revisions\/34320"}],"wp:featuredmedia":[{"embeddable":true,"href":"http:\/\/www.javeriana.edu.co\/pesquisa\/wp-json\/wp\/v2\/media\/19837"}],"wp:attachment":[{"href":"http:\/\/www.javeriana.edu.co\/pesquisa\/wp-json\/wp\/v2\/media?parent=9953"}],"wp:term":[{"taxonomy":"category","embeddable":true,"href":"http:\/\/www.javeriana.edu.co\/pesquisa\/wp-json\/wp\/v2\/categories?post=9953"},{"taxonomy":"post_tag","embeddable":true,"href":"http:\/\/www.javeriana.edu.co\/pesquisa\/wp-json\/wp\/v2\/tags?post=9953"}],"curies":[{"name":"wp","href":"https:\/\/api.w.org\/{rel}","templated":true}]}}