{"id":3631,"count":1,"description":"","link":"http:\/\/www.javeriana.edu.co\/pesquisa\/tag\/aprobo-la-despenalizacion-del-aborto-en-el-pais-y-le-ordeno-al-congreso\/","name":"aprob\u00f3 la despenalizaci\u00f3n del aborto en el pa\u00eds y le orden\u00f3 al Congreso","slug":"aprobo-la-despenalizacion-del-aborto-en-el-pais-y-le-ordeno-al-congreso","taxonomy":"post_tag","meta":[],"_links":{"self":[{"href":"http:\/\/www.javeriana.edu.co\/pesquisa\/wp-json\/wp\/v2\/tags\/3631","targetHints":{"allow":["GET"]}}],"collection":[{"href":"http:\/\/www.javeriana.edu.co\/pesquisa\/wp-json\/wp\/v2\/tags"}],"about":[{"href":"http:\/\/www.javeriana.edu.co\/pesquisa\/wp-json\/wp\/v2\/taxonomies\/post_tag"}],"wp:post_type":[{"href":"http:\/\/www.javeriana.edu.co\/pesquisa\/wp-json\/wp\/v2\/posts?tags=3631"},{"href":"http:\/\/www.javeriana.edu.co\/pesquisa\/wp-json\/wp\/v2\/pages?tags=3631"}],"curies":[{"name":"wp","href":"https:\/\/api.w.org\/{rel}","templated":true}]}}