{"id":25,"name":"Lisbeth Fog Corradine","url":"","description":"Ex editora general de Pesquisa Javeriana. Colabora ocasionalmente para medios escritos, es investigadora en temas de apropiaci\u00f3n social del conocimiento en el Servicio Geol\u00f3gico y hace parte del equipo de profesores de la Maestr\u00eda en Periodismo cient\u00edfico en la Pontifica Universidad Javeriana.\r\n\r\nEs comunicadora social \u2013 periodista con maestr\u00eda en reporter\u00eda cient\u00edfica, salud y ambiente de la Universidad de Boston, Estados Unidos, como becaria Fulbright. Desde 1984 se dedica a divulgar temas de ciencia en los medios masivos de comunicaci\u00f3n y a formar comunicadores especializados a trav\u00e9s de cursos y talleres de periodismo cient\u00edfico y divulgaci\u00f3n de la ciencia en general.  \r\n\r\n<strong>Twitter: <a href=\"https:\/\/mobile.twitter.com\/lisbethfog\">@lisbethfog<\/a><\/strong>","link":"http:\/\/www.javeriana.edu.co\/pesquisa\/author\/lisbeth-fog-corradine\/","slug":"lisbeth-fog-corradine","avatar_urls":{"24":"http:\/\/www.javeriana.edu.co\/pesquisa\/wp-content\/uploads\/2023\/09\/lisbeth-fog-80x80.jpg","48":"http:\/\/www.javeriana.edu.co\/pesquisa\/wp-content\/uploads\/2023\/09\/lisbeth-fog-80x80.jpg","96":"http:\/\/www.javeriana.edu.co\/pesquisa\/wp-content\/uploads\/2023\/09\/lisbeth-fog-120x120.jpg"},"meta":[],"elementor_introduction":"","_links":{"self":[{"href":"http:\/\/www.javeriana.edu.co\/pesquisa\/wp-json\/wp\/v2\/users\/25","targetHints":{"allow":["GET"]}}],"collection":[{"href":"http:\/\/www.javeriana.edu.co\/pesquisa\/wp-json\/wp\/v2\/users"}]}}