{"id":59,"name":"Federico Mosquera-Guerra","url":"","description":"Investigador postdoctoral, pertenece al Laboratorio de Ecolog\u00eda Funcional \u2013 LEF, a la Unidad de Ecolog\u00eda y Sistem\u00e1tica (UNESIS) y al Departamento de Biolog\u00eda Pontificia Universidad Javeriana. Tambi\u00e9n es Investigador de la Fundaci\u00f3n Omacha.","link":"http:\/\/www.javeriana.edu.co\/pesquisa\/author\/federico-mosquera-guerra\/","slug":"federico-mosquera-guerra","avatar_urls":{"24":"https:\/\/secure.gravatar.com\/avatar\/0e85ef4107ba0fbad1d45213ff79d08c87e9fcac9618dec31aa68009352cd0d9?s=24&d=mm&r=g","48":"https:\/\/secure.gravatar.com\/avatar\/0e85ef4107ba0fbad1d45213ff79d08c87e9fcac9618dec31aa68009352cd0d9?s=48&d=mm&r=g","96":"https:\/\/secure.gravatar.com\/avatar\/0e85ef4107ba0fbad1d45213ff79d08c87e9fcac9618dec31aa68009352cd0d9?s=96&d=mm&r=g"},"meta":[],"elementor_introduction":"","_links":{"self":[{"href":"http:\/\/www.javeriana.edu.co\/pesquisa\/wp-json\/wp\/v2\/users\/59","targetHints":{"allow":["GET"]}}],"collection":[{"href":"http:\/\/www.javeriana.edu.co\/pesquisa\/wp-json\/wp\/v2\/users"}]}}