{"id":10275,"date":"2009-08-01T11:06:51","date_gmt":"2009-08-01T16:06:51","guid":{"rendered":"http:\/\/www.javeriana.edu.co\/hoy-en-la-javeriana?p=10275"},"modified":"2020-03-11T10:54:05","modified_gmt":"2020-03-11T15:54:05","slug":"estudiante-de-derecho-encuentra-apoyo-de-los-egresados","status":"publish","type":"post","link":"https:\/\/www.javeriana.edu.co\/repositorio-hoy-en-la-javeriana\/estudiante-de-derecho-encuentra-apoyo-de-los-egresados\/","title":{"rendered":"Estudiante de Derecho encuentra apoyo de los egresados"},"content":{"rendered":"<p><span style=\"color: #999999;\">Los abogados javerianos que se graduaron en 1983 decidieron voluntariamente crear una beca para apoyar cada semestre a un estudiante de Derecho que tenga problemas econ\u00f3micos para continuar su carrera.<\/span><\/p>\n<figure id=\"attachment_14260\" aria-describedby=\"caption-attachment-14260\" style=\"width: 692px\" class=\"wp-caption alignright\"><img loading=\"lazy\" decoding=\"async\" class=\"wp-image-14260 size-full\" src=\"http:\/\/www.javeriana.edu.co\/hoy-en-la-javeriana\/wp-content\/uploads\/2009\/08\/Egresados-de-la-promoci\u00f3n-de-abogados-1983-min.jpg\" alt=\"\" width=\"692\" height=\"429\" srcset=\"https:\/\/www.javeriana.edu.co\/repositorio-hoy-en-la-javeriana\/wp-content\/uploads\/2009\/08\/Egresados-de-la-promoci\u00f3n-de-abogados-1983-min.jpg 692w, https:\/\/www.javeriana.edu.co\/repositorio-hoy-en-la-javeriana\/wp-content\/uploads\/2009\/08\/Egresados-de-la-promoci\u00f3n-de-abogados-1983-min-500x310.jpg 500w\" sizes=\"auto, (max-width: 692px) 100vw, 692px\" \/><figcaption id=\"caption-attachment-14260\" class=\"wp-caption-text\">Egresados de la promoci\u00f3n de abogados 1983 de la Universidad Javeriana. Abajo de izquierda a derecha: Beatriz Acero, Liliana Valenzuela y Claudia Bubaque. Arriba en el mismo orden: Carlos Carre\u00f1o, Camilo Vargas, Jairo Cifuentes y Fernando Carrillo.<\/figcaption><\/figure>\n<p>CUANDO EN el 2008 la promoci\u00f3n de egresados de 1983 del programa de derecho de la Pontificia Universidad Javeriana celebr\u00f3 sus 25 a\u00f1os surgi\u00f3 la idea de crear un fondo para apoyar con una beca a alg\u00fan estudiante de la misma carrera que tuviera problemas econ\u00f3micos para continuarla.<\/p>\n<p>El propulsor de la iniciativa fue Fernando Carrillo Fl\u00f3rez, quien est\u00e1 radicado en Par\u00eds, donde trabaja como director adjunto de la oficina del banco interamericano de desarrollo encargado de coordinar la cooperaci\u00f3n y las relaciones de Am\u00e9rica latina con Europa.<\/p>\n<p>El tambi\u00e9n ex Ministro de Justicia durante la administraci\u00f3n de C\u00e9sar Gaviria y miembro de la Asamblea Nacional Constituyente, les envi\u00f3 a sus compa\u00f1eros de promoci\u00f3n una carta con la propuesta, que reuni\u00f3 el sentimiento de todos los que estaban all\u00ed presentes.<\/p>\n<p>\u201cPor la situaci\u00f3n econ\u00f3mica parec\u00eda dif\u00edcil, pero hubo entusiasmo y se aplaudi\u00f3 la idea. la vida nos ha privilegiado y todos quer\u00edamos ayudarle de alguna forma a nuestra Universidad, que ha sido nuestra cuna\u201d, cuenta Liliana Valenzuela, una de las mayores impulsoras del proyecto que se hizo realidad a partir de este semestre.<\/p>\n<p>La promoci\u00f3n de 1983 se precia de ser una de las m\u00e1s unidas que ha tenido la Carrera en su historia. \u201cNosotros nos reunimos cada cinco a\u00f1os, y cada mes nos recordamos o nos comunicamos de alguna forma, gracias a Liliana\u201d, afirma Camilo Vargas. El fallecimiento de algunos compa\u00f1eros tuvo que ver en la uni\u00f3n que hoy tienen. Jorge Andr\u00e9s Araujo muri\u00f3 en la bomba del club El Nogal, mientras Beatriz Torres fue asesinada en Pereira cumpliendo con su trabajo. otros cinco compa\u00f1eros han muerto por otras causas.<\/p>\n<p>A las reuniones de reencuentro han llegado a asistir 54 de los 65 egresados de 1983, incluso con la participaci\u00f3n de algunos que empezaron y no terminaron la carrera. Para la beca se han vinculado cerca de 30 abogados, con posibilidades de ampliar a 50.<\/p>\n<p>En un principio se pens\u00f3 en crear una fundaci\u00f3n, pero la carga que esto implicaba los hizo desistir de la idea. \u201cle dimos muchos debates en las reuniones, hasta llegar a la mejor f\u00f3rmula, que fue debitar las cuotas de nuestras tarjetas. El \u00e9xito de la beca est\u00e1 en la parte administrativa y operativa\u201d, explic\u00f3 Beatriz Acero.<\/p>\n<p>Para este proceso se cuenta con el apoyo de Maria Paola Aguirre Cote, jefe de la oficina de recaudaci\u00f3n de Fondos por donaciones de la Javeriana, quien adelanta los tr\u00e1mites ante el banco davivienda para que funcione este sistema de recaudaci\u00f3n.<\/p>\n<p>\u201cNadie tiene disponibilidad de ir a pagar el cheque a un banco, por tiempo o porque se olvida, por eso la f\u00f3rmula de debitar por cuotas directamente de la tarjeta es para nosotros la m\u00e1s adecuada y la que puede garantizar que sea sostenible en el tiempo\u201d, agreg\u00f3 Liliana Valenzuela.<\/p>\n<p>Una vez se cont\u00f3 con los recursos para financiar el 50% de la matr\u00edcula de un estudiante, se contact\u00f3 a la Universidad para solicitarle que postularan candidatos. Un comit\u00e9 de egresados recibi\u00f3 varias opciones que cumpl\u00edan con los tres requisitos que se establecieron: estar en un semestre avanzado, tener un promedio m\u00ednimo de 3,8 y no contar con la capacidad econ\u00f3mica para pagar su matr\u00edcula y continuar la carrera.<\/p>\n<blockquote><p>En un principio se pens\u00f3 en crear una fundaci\u00f3n, pero la carga que esto implicaba los hizo desistir de la idea. \u201cLe dimos muchos debates en las reuniones, hasta llegar a la mejor f\u00f3rmula, que fue debitar las cuotas de nuestras tarjetas. El \u00e9xito de la beca est\u00e1 en la parte administrativa y operativa.<\/p><\/blockquote>\n<p>\u201cLa deserci\u00f3n estudiantil en Colombia es un tema que nos preocupa. En el pa\u00eds s\u00f3lo el 30% de la poblaci\u00f3n accede a una universidad y de ella el 50% se retira sin terminar la carrera\u201d, cont\u00f3 Jairo Humberto Cifuentes Madrid, quien adem\u00e1s de ser egresado de la misma promoci\u00f3n fue vicerrector Acad\u00e9mico de la Javeriana y hoy es asesor de rector\u00eda.<\/p>\n<p>La primera beneficiada, quien pidi\u00f3 reserva de su nombre, se enter\u00f3 de la beca por intermedio de la decanatura de la Facultad de derecho. Mand\u00f3 una carta solicitando su postulaci\u00f3n y despu\u00e9s de un proceso conoci\u00f3 el resultado que le permiti\u00f3 seguir con sus estudios.<\/p>\n<p>\u201cLa beca me lleg\u00f3 en el momento indicado, porque ten\u00eda dificultades econ\u00f3micas, estaba pasando por una situaci\u00f3n dif\u00edcil y fue una gran ayuda para m\u00ed, mis pap\u00e1s y para mi familia. Yo lo asumo sobre todo como un reconocimiento por mi labor, porque me hab\u00eda esforzado much\u00edsimo por tener un excelente semestre y logr\u00e9 el promedio m\u00e1s alto de toda mi carrera. Estoy muy agradecida porque signific\u00f3 la posibilidad de tener un semestre tranquila\u201d.<\/p>\n<p>Para el pr\u00f3ximo semestre el objetivo es darle visibilidad a la beca Promoci\u00f3n de Abogados 1983 en los folletos de la Facultad, como una de las oportunidades financiamiento de la matr\u00edcula, para que m\u00e1s estudiantes se enteren y se postulen.<\/p>\n<p>\u201cViendo ejemplos como estos, otras promociones y egresados de otras carreras podr\u00edan seguir la pauta. Ser\u00eda una maravilla que cada promoci\u00f3n tuviera su beca. Para nosotros es muy satisfactorio que sean los mismos egresados quienes busquen la Universidad, ac\u00e1 siempre van a contar con nuestro apoyo\u201d, concluy\u00f3 Mar\u00eda Claudia Pe\u00f1aranda, directora de la Secretar\u00eda de relaciones con Egresados.<\/p>\n","protected":false},"excerpt":{"rendered":"<p>Los abogados javerianos que se graduaron en 1983 decidieron voluntariamente crear una beca para apoyar cada semestre a un estudiante de Derecho que tenga problemas econ\u00f3micos para continuar su carrera. CUANDO EN el 2008 la promoci\u00f3n de egresados de 1983 del programa de derecho de la Pontificia Universidad Javeriana celebr\u00f3 sus 25 a\u00f1os surgi\u00f3 la idea de crear un fondo para apoyar con una beca a alg\u00fan estudiante de la misma carrera que tuviera problemas econ\u00f3micos para continuarla. El propulsor de la iniciativa fue Fernando Carrillo Fl\u00f3rez, quien est\u00e1 radicado en Par\u00eds, donde trabaja como director adjunto de la oficina del banco interamericano de desarrollo encargado de coordinar la cooperaci\u00f3n y las relaciones de Am\u00e9rica latina con Europa. El tambi\u00e9n[&hellip;]<\/p>\n","protected":false},"author":5,"featured_media":14260,"comment_status":"closed","ping_status":"closed","sticky":false,"template":"","format":"standard","meta":{"footnotes":""},"categories":[39,51,59],"tags":[9069,9071,9081,9083,2172,9080,9082,9084,536,8998,9085],"class_list":["post-10275","post","type-post","status-publish","format-standard","has-post-thumbnail","hentry","category-academia","category-cultura","category-sociedad","tag-agosto-2009","tag-ano-48-no-1250","tag-asamblea-nacional-constituyente","tag-beatriz-torres","tag-cesar-gaviria","tag-fernando-carrillo-florez","tag-jorge-andres-araujo","tag-liliana-valenzuela","tag-maria-claudia-penaranda","tag-maria-paola-aguirre-cote","tag-secretaria-de-relaciones-con-egresados"],"acf":[],"_links":{"self":[{"href":"https:\/\/www.javeriana.edu.co\/repositorio-hoy-en-la-javeriana\/wp-json\/wp\/v2\/posts\/10275","targetHints":{"allow":["GET"]}}],"collection":[{"href":"https:\/\/www.javeriana.edu.co\/repositorio-hoy-en-la-javeriana\/wp-json\/wp\/v2\/posts"}],"about":[{"href":"https:\/\/www.javeriana.edu.co\/repositorio-hoy-en-la-javeriana\/wp-json\/wp\/v2\/types\/post"}],"author":[{"embeddable":true,"href":"https:\/\/www.javeriana.edu.co\/repositorio-hoy-en-la-javeriana\/wp-json\/wp\/v2\/users\/5"}],"replies":[{"embeddable":true,"href":"https:\/\/www.javeriana.edu.co\/repositorio-hoy-en-la-javeriana\/wp-json\/wp\/v2\/comments?post=10275"}],"version-history":[{"count":2,"href":"https:\/\/www.javeriana.edu.co\/repositorio-hoy-en-la-javeriana\/wp-json\/wp\/v2\/posts\/10275\/revisions"}],"predecessor-version":[{"id":14262,"href":"https:\/\/www.javeriana.edu.co\/repositorio-hoy-en-la-javeriana\/wp-json\/wp\/v2\/posts\/10275\/revisions\/14262"}],"wp:featuredmedia":[{"embeddable":true,"href":"https:\/\/www.javeriana.edu.co\/repositorio-hoy-en-la-javeriana\/wp-json\/wp\/v2\/media\/14260"}],"wp:attachment":[{"href":"https:\/\/www.javeriana.edu.co\/repositorio-hoy-en-la-javeriana\/wp-json\/wp\/v2\/media?parent=10275"}],"wp:term":[{"taxonomy":"category","embeddable":true,"href":"https:\/\/www.javeriana.edu.co\/repositorio-hoy-en-la-javeriana\/wp-json\/wp\/v2\/categories?post=10275"},{"taxonomy":"post_tag","embeddable":true,"href":"https:\/\/www.javeriana.edu.co\/repositorio-hoy-en-la-javeriana\/wp-json\/wp\/v2\/tags?post=10275"}],"curies":[{"name":"wp","href":"https:\/\/api.w.org\/{rel}","templated":true}]}}