{"id":10362,"date":"2009-09-01T19:46:23","date_gmt":"2009-09-02T00:46:23","guid":{"rendered":"http:\/\/www.javeriana.edu.co\/hoy-en-la-javeriana?p=10362"},"modified":"2020-03-11T09:51:53","modified_gmt":"2020-03-11T14:51:53","slug":"mes-de-condecoraciones-premios-y-distinciones","status":"publish","type":"post","link":"https:\/\/www.javeriana.edu.co\/repositorio-hoy-en-la-javeriana\/mes-de-condecoraciones-premios-y-distinciones\/","title":{"rendered":"Mes de condecoraciones, premios y distinciones"},"content":{"rendered":"<p style=\"text-align: center;\"><span style=\"color: #808080;\">Durante el \u00faltimo mes en la Pontificia Universidad Javeriana\u00a0 se llevaron a cabo varios eventos de entrega de condecoraciones\u00a0 y distinciones como la Orden Universidad Javeriana y la Medalla F\u00e9lix Restrepo. Adem\u00e1s varios javerianos se destacaron en concursos\u00a0 y congresos.<\/span><\/p>\n<p><img loading=\"lazy\" decoding=\"async\" class=\"size-full wp-image-14214 aligncenter\" src=\"http:\/\/www.javeriana.edu.co\/hoy-en-la-javeriana\/wp-content\/uploads\/2009\/09\/Medalla-F\u00e9lix-Restrepo-S.J.-min.jpg\" alt=\"\" width=\"294\" height=\"266\" \/><\/p>\n<p><strong>Medalla F\u00e9lix Restrepo, S.J.<\/strong><\/p>\n<p>Luis Ramiro Beltr\u00e1n Salm\u00f3n, ilustre periodista boliviano, pionero de la investigaci\u00f3n en Comunicaci\u00f3n en Am\u00e9rica Latina, recibi\u00f3 el 22 de septiembre la medalla plateada F\u00e9lix Restrepo, S.J., que le otorga la rector\u00eda de la Pontificia Universidad Javeriana a visitantes ilustres en el campo acad\u00e9mico. El profesor Beltr\u00e1n, periodista desde sus 12 a\u00f1os, con trayectoria en los principales medios impresos y radiof\u00f3nicos de Bolivia, visit\u00f3 la Universidad Javeriana con motivo de su participaci\u00f3n en la XVI C\u00e1tedra Unesco de Comunicaci\u00f3n.<\/p>\n<p><strong>Nueve profesores javerianos becados por Fulbright<\/strong><\/p>\n<p>Cinco profesores de la Pontificia Universidad Javeriana de Bogot\u00e1 y 4 de la sede Cali fueron seleccionador para recibir las becas Fulbright de estudios de postgrado en Estados Unidos que es otorgada a los profesionales por sus m\u00e9ritos, preparaci\u00f3n y planes de trabajar por el pa\u00eds. Los seleccionados de Bogot\u00e1 fueron: Juan Carlos arias Herrera, Olga Raquel Villamizar Beltr\u00e1n, gloria Luc\u00eda Bernal Nisperuza, Astrid Liliana S\u00e1nchez Mej\u00eda y ang\u00e9lica Yaneth Piedrahita Delgado de Bogot\u00e1. De Cali: Alejandro Carvajal, H\u00e9ctor Hernan toro D\u00edaz, Carmen tatiana rojas ospina, aura Elisa Valencia Serna.<\/p>\n<p><strong>Encuentro de investigaci\u00f3n, Innovaci\u00f3n e Ingenier\u00eda<\/strong><\/p>\n<p>Las estudiantes de la Pontificia Universidad Javeriana Alicia \u00c1vila y Martha Liliana Navarrete ganaron en el IV Encuentro de Investigaci\u00f3n, Innovaci\u00f3n e Ingenier\u00eda (3i) que organiza cada dos a\u00f1os el Centro de Investigaci\u00f3n de las Telecomunicaciones (Cintel), en el cual participaron 42 trabajos universitarios, enfocados en el tema del tecno-Bienestar. El proyecto ganador se titula \u201cDispositivo port\u00e1til de estimulaci\u00f3n sensorial t\u00e1ctil para la percepci\u00f3n musical en personas con discapacidad auditiva\u201d, cuyo prop\u00f3sito es explorar diferentes formas de tecnolog\u00eda de sonido y m\u00fasica para ayudar a las personas sordas a percibir la m\u00fasica, a trav\u00e9s de las vibraciones.<\/p>\n<p><strong>Premio iberoamericano\u00a0 de periodismo <\/strong>Jaime Honorio gonz\u00e1lez, Periodista egresado de la Pontificia Universidad Javeriana, forma parte del equipo de Noticias Uno, que obtuvo el 2 de septiembre el Premio Nuevo Periodismo Cemex-fNPI, en la categor\u00eda de televisi\u00f3n, por el trabajo \u201cUn crimen casi perfecto\u201d, sobre el magnicidio del Palacio de Justicia en 1985. En esta octava edici\u00f3n del galard\u00f3n de periodismo m\u00e1s importante de am\u00e9rica Latina participaron 647 trabajos de todos los pa\u00edses de Iberoam\u00e9rica.<\/p>\n<p><strong>Estudiantes de Derecho, mejores oradores en C\u00f3rdoba (Argentina)<\/strong> Los estudiantes de Derecho de la Pontificia Universidad Javeriana sergio rojas, Miguel Mart\u00ednez y Emilio Hern\u00e1ndez recibieron el premio a la mejor exposici\u00f3n oral en las VII Jornadas Interuniversitarias de Derecho Constitucional y Derechos Humanos que se realizaron del 2 al 5 de septiembre en la Universidad Cat\u00f3lica de C\u00f3rdoba (argentina).\u00a0 En el evento participaron alrededor de cuarenta universidades de argentina, Uruguay, Brasil, Chile, Venezuela, Espa\u00f1a y por Colombia \u00fanicamente la Universidad Javeriana.<\/p>\n<p><strong>Distinci\u00f3n a trabajo sobre metabolismo<\/strong> La sociedad de Enfermedades Metab\u00f3licas y el Comit\u00e9 organizador del Congreso Internacional de Errores Innatos del Metabolismo distinguieron al Profesor asistente Carlos Javier \u00a0 Almeciga-D\u00edaz, de la facultad de Ciencias, con un \u201cTravel Fellowship Award\u201d para participar en el Congreso Internacional de Errores Innatos del Metabolismo que se llev\u00f3 a cabo del 31 de agosto al 2 de septiembre. El trabajo: \u201c<em>Use of Adenoassociated Virus-derived Vectors for the Treatment of Morquio A Disease<\/em>\u201d fue uno de los galardonados entre 600 provenientes de todo el mundo.<\/p>\n<p><strong>Miembro de la Academia\u00a0 de Ciencias Exactas F\u00edsicas\u00a0 y Naturales<\/strong> En sesi\u00f3n solemne que se celebr\u00f3 el 26 de agosto en la sede de la academia de Ciencias Exactas f\u00edsicas y Naturales, el Dr. Luis Alejandro Barrera fue recibido como Miembro de N\u00famero de esa Corporaci\u00f3n. La disertaci\u00f3n del Dr. Barrera tuvo por t\u00edtulo \u201cEstudios Bioqu\u00edmicos de los Errores Innatos del Metabolismo en Colombia, durante veintid\u00f3s a\u00f1os\u201d<\/p>\n<p><strong><img loading=\"lazy\" decoding=\"async\" class=\"size-full wp-image-14216 aligncenter\" src=\"http:\/\/www.javeriana.edu.co\/hoy-en-la-javeriana\/wp-content\/uploads\/2009\/09\/Homenaje-al-Padre-Rector-min.jpg\" alt=\"\" width=\"347\" height=\"250\" \/>Homenaje al Padre Rector<\/strong> El rector de la Pontificia Universidad Javeriana, Padre Joaqu\u00edn s\u00e1nchez, s.J. recibi\u00f3 un homenaje el 28 de agosto del Colegio san Pedro Claver, de Bucaramanga, por ser uno de sus ilustres ex alumnos, junto con el Magistrado Nilson Pinilla y el Procurador Alejandro Ord\u00f3\u00f1ez. En la fotograf\u00eda aparece el P. Gerardo Arango, S.J. rector del colegio, el Procurador Alejandro Ord\u00f3\u00f1ez y el P. Joaqu\u00edn S\u00e1nchez, rector de la Universidad<\/p>\n<p><strong><img loading=\"lazy\" decoding=\"async\" class=\"size-full wp-image-14217 aligncenter\" src=\"http:\/\/www.javeriana.edu.co\/hoy-en-la-javeriana\/wp-content\/uploads\/2009\/09\/Encuentro-de-Rectores-min.jpg\" alt=\"\" width=\"844\" height=\"265\" srcset=\"https:\/\/www.javeriana.edu.co\/repositorio-hoy-en-la-javeriana\/wp-content\/uploads\/2009\/09\/Encuentro-de-Rectores-min.jpg 844w, https:\/\/www.javeriana.edu.co\/repositorio-hoy-en-la-javeriana\/wp-content\/uploads\/2009\/09\/Encuentro-de-Rectores-min-500x157.jpg 500w, https:\/\/www.javeriana.edu.co\/repositorio-hoy-en-la-javeriana\/wp-content\/uploads\/2009\/09\/Encuentro-de-Rectores-min-768x241.jpg 768w\" sizes=\"auto, (max-width: 844px) 100vw, 844px\" \/>Encuentro de Rectores en Antofagasta<\/strong> Los Padres Joaqu\u00edn Emilio S\u00e1nchez, S.J. y Gerardo Remolina, S.J. rector y Ex rector de la Pontificia Universidad Javeriana, respectivamente, participaron<br \/>\ndel 14 al 17 de septiembre en XV Encuentro de rectores de la organizaci\u00f3n de Universidades Cat\u00f3licas de am\u00e9rica Latina (oducal), que se realiz\u00f3 en Antofagasta (Chile)<\/p>\n<p><strong><img loading=\"lazy\" decoding=\"async\" class=\"size-full wp-image-14218 aligncenter\" src=\"http:\/\/www.javeriana.edu.co\/hoy-en-la-javeriana\/wp-content\/uploads\/2009\/09\/Orden-Universidad-Javeriana-min.jpg\" alt=\"\" width=\"260\" height=\"270\" \/>Orden Universidad Javeriana<\/strong> En el auditorio Luis Carlos gal\u00e1n de la Universidad, el 3 de septiembre, fueron recibidos en la orden Universidad Javeriana la Comisi\u00f3n Fulbright y la Universidad de san Buenaventura. La Directora Ejecutiva de la Fulbright, ann Mason, y el rector de la Universidad de san Buenaventura, fray Luis Hernando Acevedo, recibieron la condecoraci\u00f3n.<\/p>\n","protected":false},"excerpt":{"rendered":"<p>Durante el \u00faltimo mes en la Pontificia Universidad Javeriana\u00a0 se llevaron a cabo varios eventos de entrega de condecoraciones\u00a0 y distinciones como la Orden Universidad Javeriana y la Medalla F\u00e9lix Restrepo. Adem\u00e1s varios javerianos se destacaron en concursos\u00a0 y congresos. Medalla F\u00e9lix Restrepo, S.J. Luis Ramiro Beltr\u00e1n Salm\u00f3n, ilustre periodista boliviano, pionero de la investigaci\u00f3n en Comunicaci\u00f3n en Am\u00e9rica Latina, recibi\u00f3 el 22 de septiembre la medalla plateada F\u00e9lix Restrepo, S.J., que le otorga la rector\u00eda de la Pontificia Universidad Javeriana a visitantes ilustres en el campo acad\u00e9mico. El profesor Beltr\u00e1n, periodista desde sus 12 a\u00f1os, con trayectoria en los principales medios impresos y radiof\u00f3nicos de Bolivia, visit\u00f3 la Universidad Javeriana con motivo de su participaci\u00f3n en la XVI C\u00e1tedra[&hellip;]<\/p>\n","protected":false},"author":5,"featured_media":14217,"comment_status":"closed","ping_status":"closed","sticky":false,"template":"","format":"standard","meta":{"footnotes":""},"categories":[105,16,59],"tags":[9156,11442,259,11443,9157],"class_list":["post-10362","post","type-post","status-publish","format-standard","has-post-thumbnail","hentry","category-institucional","category-investigacion","category-sociedad","tag-ano-48-no-1251","tag-mes-de-condecoraciones","tag-pedro-mejia-salazar","tag-premios-y-distinciones","tag-septiembre-2009"],"acf":[],"_links":{"self":[{"href":"https:\/\/www.javeriana.edu.co\/repositorio-hoy-en-la-javeriana\/wp-json\/wp\/v2\/posts\/10362","targetHints":{"allow":["GET"]}}],"collection":[{"href":"https:\/\/www.javeriana.edu.co\/repositorio-hoy-en-la-javeriana\/wp-json\/wp\/v2\/posts"}],"about":[{"href":"https:\/\/www.javeriana.edu.co\/repositorio-hoy-en-la-javeriana\/wp-json\/wp\/v2\/types\/post"}],"author":[{"embeddable":true,"href":"https:\/\/www.javeriana.edu.co\/repositorio-hoy-en-la-javeriana\/wp-json\/wp\/v2\/users\/5"}],"replies":[{"embeddable":true,"href":"https:\/\/www.javeriana.edu.co\/repositorio-hoy-en-la-javeriana\/wp-json\/wp\/v2\/comments?post=10362"}],"version-history":[{"count":3,"href":"https:\/\/www.javeriana.edu.co\/repositorio-hoy-en-la-javeriana\/wp-json\/wp\/v2\/posts\/10362\/revisions"}],"predecessor-version":[{"id":14219,"href":"https:\/\/www.javeriana.edu.co\/repositorio-hoy-en-la-javeriana\/wp-json\/wp\/v2\/posts\/10362\/revisions\/14219"}],"wp:featuredmedia":[{"embeddable":true,"href":"https:\/\/www.javeriana.edu.co\/repositorio-hoy-en-la-javeriana\/wp-json\/wp\/v2\/media\/14217"}],"wp:attachment":[{"href":"https:\/\/www.javeriana.edu.co\/repositorio-hoy-en-la-javeriana\/wp-json\/wp\/v2\/media?parent=10362"}],"wp:term":[{"taxonomy":"category","embeddable":true,"href":"https:\/\/www.javeriana.edu.co\/repositorio-hoy-en-la-javeriana\/wp-json\/wp\/v2\/categories?post=10362"},{"taxonomy":"post_tag","embeddable":true,"href":"https:\/\/www.javeriana.edu.co\/repositorio-hoy-en-la-javeriana\/wp-json\/wp\/v2\/tags?post=10362"}],"curies":[{"name":"wp","href":"https:\/\/api.w.org\/{rel}","templated":true}]}}