{"id":10613,"date":"2009-11-01T17:08:09","date_gmt":"2009-11-01T22:08:09","guid":{"rendered":"http:\/\/www.javeriana.edu.co\/hoy-en-la-javeriana?p=10613"},"modified":"2020-03-09T09:37:11","modified_gmt":"2020-03-09T14:37:11","slug":"vasquez-carrizosa-centenario-de-un-lucido-constitucionalista","status":"publish","type":"post","link":"https:\/\/www.javeriana.edu.co\/repositorio-hoy-en-la-javeriana\/vasquez-carrizosa-centenario-de-un-lucido-constitucionalista\/","title":{"rendered":"V\u00e1squez Carrizosa,  centenario de un l\u00facido constitucionalista"},"content":{"rendered":"<p style=\"text-align: center;\"><span style=\"color: #808080;\">Aunque no estudi\u00f3 en la Universidad Javeriana, Alfredo V\u00e1squez Carrizosa, uno de los m\u00e1s grandes estudiosos del derecho constitucional en el pa\u00eds, tuvo v\u00ednculos muy estrechos con esta Instituci\u00f3n, a la que le don\u00f3 toda su biblioteca personal.<\/span><\/p>\n<figure id=\"attachment_13938\" aria-describedby=\"caption-attachment-13938\" style=\"width: 294px\" class=\"wp-caption alignleft\"><img loading=\"lazy\" decoding=\"async\" class=\"wp-image-13938 size-full\" src=\"http:\/\/www.javeriana.edu.co\/hoy-en-la-javeriana\/wp-content\/uploads\/2009\/11\/Alfredo-V\u00e1squez-Carrizosa-es-un-de-lo-m\u00e1s-importantes-constitucionalistas-de-la-historia-de-Colombia.-min.jpg\" alt=\"\" width=\"294\" height=\"364\" \/><figcaption id=\"caption-attachment-13938\" class=\"wp-caption-text\">Alfredo V\u00e1squez Carrizosa es un de lo m\u00e1s importantes constitucionalistas de la historia de Colombia.<\/figcaption><\/figure>\n<p>Con motivo de la celebraci\u00f3n de los cien a\u00f1os del nacimiento de Alfredo V\u00e1squez Carrizosa el profesor Ricardo Zuluaga Gil, del Departamento de Ciencia Pol\u00edtica y Jur\u00eddica de la universidad Javeriana, sede Cali, prepar\u00f3 un art\u00edculo en su memoria del cual la revista Hoy en la Javeriana destaca sus principales apartes.<\/p>\n<p>Este reconocido constitucionalista, quien naci\u00f3 en febrero de 1909 en Bogot\u00e1 y falleci\u00f3 el 18 de diciembre de 2001, no s\u00f3lo fue una figura importante en Colombia, sino tambi\u00e9n en el \u00e1mbito internacional, toda vez que tuvo una brillante carrera diplom\u00e1tica, que cerr\u00f3 como Ministro de Relaciones Exteriores durante el Gobierno de Misael Pastrana Borrero, entre 1970 y 1974.<\/p>\n<p>Para honrar su memoria la universidad Javeriana\u00a0 bautiz\u00f3 con su nombre el Instituto de Derechos Humanos y Relaciones Internacionales de la Facultad de Ciencias Pol\u00edticas y Relaciones Internacionales, fundado en 1994. Debe destacarse que gracias a sus especiales v\u00ednculos forjados a lo largo de su vida, este destacado autor de m\u00faltiples libros, don\u00f3 en su testamento toda su biblioteca personal a la Javeriana.<\/p>\n<p>Ricardo Zuluaga Gil destaca que pocos nombres se ocuparon durante el siglo XIX de estudiar la tradici\u00f3n y la realidad constitucional colombiana. \u201cHubo escasas excepciones que brillan con luz propia en ese desierto de esterilidad intelectual en el campo del derecho constitucional. nombres como los de Carlos Restrepo Piedrahita, Tulio Enrique Tasc\u00f3n, Manuel Gaona Cruz, Hernando Valencia Villa, Diego Uribe Vargas y Alfredo V\u00e1zquez Carrizosa, hacen parte de ese reducido elenco de autores cuyos aportes doctrinales no s\u00f3lo son rescatables, sino que resultan ineludibles a la hora de realizar cualquier estudio sobre nuestra historia y nuestra realidad constitucional\u201d.<\/p>\n<p>Recuerda el autor que V\u00e1squez Carrizosa fue el mayor de una familia de 5 hijos. naci\u00f3 en Bogot\u00e1 en el hogar del general cale\u00f1o Alfredo V\u00e1squez Cobo y su esposa Ana Carrizosa Tanco. Estudi\u00f3 su educaci\u00f3n secundaria y superior en B\u00e9lgica, donde obtuvo el t\u00edtulo de abogado en la Universidad Cat\u00f3lica de Lovaina. Desde ese momento desarroll\u00f3 una larga y fecunda carrera p\u00fablica, tanto pol\u00edtica como diplom\u00e1tica.<\/p>\n<p>\u201cA nombre del Partido Conservador, fue diputado y Representante a la C\u00e1mara por Cundinamarca, en m\u00e1s de que 1953 se desempe\u00f1\u00f3 como Secretario General de la Presidencia en el gobierno de Roberto Urdaneta Arbel\u00e1ez, donde fue testigo del golpe de estado de Gustavo Rojas Pinilla. En el segundo \u00e1mbito, en el que tuvo m\u00e1s brillo, se inici\u00f3 como Delegado de Colombia ante la organizaci\u00f3n Internacional del Trabajo entre 1939 y 1945, pero fue tambi\u00e9n embajador de Colombia ante los gobiernos de Gran Breta\u00f1a y B\u00e9lgica y ante la ONU y la OEA\u201d.<\/p>\n<figure id=\"attachment_13940\" aria-describedby=\"caption-attachment-13940\" style=\"width: 625px\" class=\"wp-caption alignright\"><img loading=\"lazy\" decoding=\"async\" class=\"wp-image-13940 size-full\" src=\"http:\/\/www.javeriana.edu.co\/hoy-en-la-javeriana\/wp-content\/uploads\/2009\/11\/V\u00e1squez-Carrizosa.jpg\" alt=\"\" width=\"625\" height=\"424\" srcset=\"https:\/\/www.javeriana.edu.co\/repositorio-hoy-en-la-javeriana\/wp-content\/uploads\/2009\/11\/V\u00e1squez-Carrizosa.jpg 625w, https:\/\/www.javeriana.edu.co\/repositorio-hoy-en-la-javeriana\/wp-content\/uploads\/2009\/11\/V\u00e1squez-Carrizosa-500x339.jpg 500w\" sizes=\"auto, (max-width: 625px) 100vw, 625px\" \/><figcaption id=\"caption-attachment-13940\" class=\"wp-caption-text\">V\u00e1squez Carrizosa fue designado plenipotenciario del Presidente de Colombia, Misael Pastrana Borrero, para firmar en 1973 un concordato con la Santa Sede para regular las relaciones entre la Iglesia Cat\u00f3lica y el Estado.<\/figcaption><\/figure>\n<p>Bajo su gesti\u00f3n \u2013agrega Zuluaga Gil- se firm\u00f3 un nuevo concordato entre Colombia y la Santa Sede y el tratado V\u00e1squez-Saccio, mediante el cual estados unidos reconoci\u00f3 la soberan\u00eda de Colombia sobre los cayos de Roncador, Serrana y Quitasue\u00f1o, en el archipi\u00e9lago de San Andr\u00e9s y Providencia. V\u00e1squez Carrizosa fue adem\u00e1s docente en las universidades del Rosario, nacional, Javeriana y Aut\u00f3noma de Colombia, de la cual fue rector. Tambi\u00e9n fue periodista (director y columnista), y sobre todo un jurista que descoll\u00f3 en el derecho internacional. \u201cDe ello dan fe no s\u00f3lo su brillante paso por la Canciller\u00eda, sino tambi\u00e9n sus trabajos acad\u00e9micos en los cuales abord\u00f3 el estudio de la historia diplom\u00e1tica colombiana, as\u00ed como las diferencias lim\u00edtrofes y territoriales\u201d.<\/p>\n<p>V\u00e1squez Carrizosa fue tambi\u00e9n uno de los fundadores del Comit\u00e9 Permanente de los Derechos Humanos (CPDH), al lado de Gabriel Garc\u00eda M\u00e1rquez, H\u00e9ctor Abad G\u00f3mez, Luis Carlos Gal\u00e1n, Gilberto vieira, Rodrigo Lara y Gerardo Molina, entre otros. ese mismo a\u00f1o asumi\u00f3 la presidencia de esa ONG y desde esa posici\u00f3n se convirti\u00f3 en un s\u00edmbolo de la defensa de los derechos humanos. entre sus m\u00faltiples trabajos acad\u00e9micos, el profesor Zuluaga Gil destaca especialmente su libro <em>El poder presidencial en Colombia, <\/em>que se convirti\u00f3 en un magn\u00edfico panorama de la historia constitucional. \u201cV\u00e1squez Carrizosa avanza a lo largo de 19 cap\u00edtulos por la enrevesada historia constitucional a partir del an\u00e1lisis de la figura del Presidente de la Rep\u00fablica, comenzando por la llamada presidencia imperial de Bol\u00edvar, de la que afirma que es el origen de los problemas del constitucionalismo colombiano\u201d.<\/p>\n<p>\u201cA partir de ese momento, y a trav\u00e9s de una pluma f\u00e1cil, fluida y castiza, la obra da cuenta de c\u00f3mo nuestra historia presidencial se despe\u00f1a por los cuartelazos, golpes de estado, pronunciamientos militares e inn\u00fameras presidencias interinas que plagaron nuestro devenir pol\u00edtico a lo largo del siglo XIX; todo lo cual desemboc\u00f3 en la grave desinstitucionalizaci\u00f3n del poder que prevaleci\u00f3 a lo largo del siglo XX\u201d.<\/p>\n<p>L\u00facidamente, en la obra denuncia que \u201cTenemos un derecho constitucional inestable para una sociedad igualmente en evoluci\u00f3n. no hay que atribuirle a la Constituci\u00f3n los defectos de la sociedad ni las deficiencias de los partidos\u201d.<\/p>\n<p>A rengl\u00f3n seguido afirma que hay tres tendencias preocupantes que deforman el estado democr\u00e1tico en Colombia: excesivo poder presidencial; estado de sitio permanente; y la pobreza represada. Finalmente, Ricardo Zuluaga Gil manifiesta que algunas de esas reflexiones las pudo llevar a la pr\u00e1ctica como constituyente que fue en 1991, en nombre de la u.P., el partido pol\u00edtico de izquierda que estaba siendo exterminado en esos a\u00f1os.<\/p>\n<p>Los escritos de v\u00e1squez Carrizosa son hoy referencia insoslayable para cualquier aproximaci\u00f3n a la historia constitucional colombiana y su vida es un ejemplo de decoro y coherencia, as\u00ed como de comprometida defensa de los derechos humanos, de la democracia y del orden constitucional.<\/p>\n<p>&nbsp;<\/p>\n","protected":false},"excerpt":{"rendered":"<p>Aunque no estudi\u00f3 en la Universidad Javeriana, Alfredo V\u00e1squez Carrizosa, uno de los m\u00e1s grandes estudiosos del derecho constitucional en el pa\u00eds, tuvo v\u00ednculos muy estrechos con esta Instituci\u00f3n, a la que le don\u00f3 toda su biblioteca personal. Con motivo de la celebraci\u00f3n de los cien a\u00f1os del nacimiento de Alfredo V\u00e1squez Carrizosa el profesor Ricardo Zuluaga Gil, del Departamento de Ciencia Pol\u00edtica y Jur\u00eddica de la universidad Javeriana, sede Cali, prepar\u00f3 un art\u00edculo en su memoria del cual la revista Hoy en la Javeriana destaca sus principales apartes. Este reconocido constitucionalista, quien naci\u00f3 en febrero de 1909 en Bogot\u00e1 y falleci\u00f3 el 18 de diciembre de 2001, no s\u00f3lo fue una figura importante en Colombia, sino tambi\u00e9n en el[&hellip;]<\/p>\n","protected":false},"author":5,"featured_media":13940,"comment_status":"closed","ping_status":"closed","sticky":false,"template":"","format":"standard","meta":{"footnotes":""},"categories":[51,59],"tags":[9173,9813,11139,11140,9441,11147,4140,11152,406,1729,11132,429,3049,11134,11138,9458,357,1277,11151,11149,11144,11143,11148,11137,3632,2872,2182,11136,4500,6271,2923,9440,9446,3459,1033,11133,11142,11150,7504,11146,10980,11145,11135,11141,11131],"class_list":["post-10613","post","type-post","status-publish","format-standard","has-post-thumbnail","hentry","category-cultura","category-sociedad","tag-actualidad","tag-alfredo-vasquez-carrizosa","tag-alfredo-vasquez-cobo","tag-ana-carrizosa-tanco","tag-ano-48-no-1253","tag-autonoma-de-colombia","tag-belgica","tag-bolivar","tag-cali","tag-carlos-restrepo-piedrahita","tag-centenario-de-un-lucido-constitucionalista","tag-colombia","tag-cundinamarca","tag-departamento-de-ciencia-politica-y-juridica","tag-diego-uribe-vargas","tag-el-poder-presidencial-en-colombia","tag-facultad-de-ciencias-politicas-y-relaciones-internacionales","tag-gabriel-garcia-marquez","tag-gerardo-molina","tag-gilberto-vieira","tag-gran-bretana","tag-gustavo-rojas-pinilla","tag-hector-abad-gomez","tag-hernando-valencia-villa","tag-historia","tag-javeriana","tag-luis-carlos-galan","tag-manuel-gaona-cruz","tag-ministro-de-relaciones-exteriores","tag-misael-pastrana-borrero","tag-nacional","tag-noviembre-2009","tag-noviembre-diciembre-2009","tag-oea","tag-onu","tag-ricardo-zuluaga-gil","tag-roberto-urdaneta-arbelaez","tag-rodrigo-lara","tag-rosario","tag-san-andres-y-providencia","tag-santa-sede","tag-tratado-vasquez-saccio","tag-tulio-enrique-tascon","tag-universidad-catolica-de-lovaina","tag-vasquez-carrizosa"],"acf":[],"_links":{"self":[{"href":"https:\/\/www.javeriana.edu.co\/repositorio-hoy-en-la-javeriana\/wp-json\/wp\/v2\/posts\/10613","targetHints":{"allow":["GET"]}}],"collection":[{"href":"https:\/\/www.javeriana.edu.co\/repositorio-hoy-en-la-javeriana\/wp-json\/wp\/v2\/posts"}],"about":[{"href":"https:\/\/www.javeriana.edu.co\/repositorio-hoy-en-la-javeriana\/wp-json\/wp\/v2\/types\/post"}],"author":[{"embeddable":true,"href":"https:\/\/www.javeriana.edu.co\/repositorio-hoy-en-la-javeriana\/wp-json\/wp\/v2\/users\/5"}],"replies":[{"embeddable":true,"href":"https:\/\/www.javeriana.edu.co\/repositorio-hoy-en-la-javeriana\/wp-json\/wp\/v2\/comments?post=10613"}],"version-history":[{"count":2,"href":"https:\/\/www.javeriana.edu.co\/repositorio-hoy-en-la-javeriana\/wp-json\/wp\/v2\/posts\/10613\/revisions"}],"predecessor-version":[{"id":13941,"href":"https:\/\/www.javeriana.edu.co\/repositorio-hoy-en-la-javeriana\/wp-json\/wp\/v2\/posts\/10613\/revisions\/13941"}],"wp:featuredmedia":[{"embeddable":true,"href":"https:\/\/www.javeriana.edu.co\/repositorio-hoy-en-la-javeriana\/wp-json\/wp\/v2\/media\/13940"}],"wp:attachment":[{"href":"https:\/\/www.javeriana.edu.co\/repositorio-hoy-en-la-javeriana\/wp-json\/wp\/v2\/media?parent=10613"}],"wp:term":[{"taxonomy":"category","embeddable":true,"href":"https:\/\/www.javeriana.edu.co\/repositorio-hoy-en-la-javeriana\/wp-json\/wp\/v2\/categories?post=10613"},{"taxonomy":"post_tag","embeddable":true,"href":"https:\/\/www.javeriana.edu.co\/repositorio-hoy-en-la-javeriana\/wp-json\/wp\/v2\/tags?post=10613"}],"curies":[{"name":"wp","href":"https:\/\/api.w.org\/{rel}","templated":true}]}}