{"id":10615,"date":"2009-11-01T17:13:03","date_gmt":"2009-11-01T22:13:03","guid":{"rendered":"http:\/\/www.javeriana.edu.co\/hoy-en-la-javeriana?p=10615"},"modified":"2020-03-09T09:58:18","modified_gmt":"2020-03-09T14:58:18","slug":"travesia-por-colombia","status":"publish","type":"post","link":"https:\/\/www.javeriana.edu.co\/repositorio-hoy-en-la-javeriana\/travesia-por-colombia\/","title":{"rendered":"Traves\u00eda por Colombia"},"content":{"rendered":"<p style=\"text-align: center;\"><span style=\"color: #808080;\">Una norteamericana y una ucraniana eligieron Colombia y m\u00e1s espec\u00edficamente la Universidad Javeriana para continuar sus estudios. Ellas cuentan c\u00f3mo han disfrutado su experiencia.<\/span><\/p>\n<figure id=\"attachment_13943\" aria-describedby=\"caption-attachment-13943\" style=\"width: 426px\" class=\"wp-caption alignright\"><img loading=\"lazy\" decoding=\"async\" class=\"wp-image-13943 size-full\" src=\"http:\/\/www.javeriana.edu.co\/hoy-en-la-javeriana\/wp-content\/uploads\/2009\/11\/Renata-Stepanov-ucraniana-que-lleg\u00f3-a-la-Universidad-Javeriana-para-vincularse-con-la-Facultad-de-Derecho..jpg\" alt=\"\" width=\"426\" height=\"288\" \/><figcaption id=\"caption-attachment-13943\" class=\"wp-caption-text\">Renata Stepanov, ucraniana que lleg\u00f3 a la Universidad Javeriana para vincularse con la Facultad de Derecho.<\/figcaption><\/figure>\n<p>Fue hace cuatro meses que, en su viaje a Colombia, una norteamericana y una ucraniana descubrieron conjuntamente su gusto por la salsa y el vallenato. Los sonidos de las maracas, las congas, las trompetas, los acordeones, las cajas y las guacharacas cautivaron a Caitlin Lupton y a Renata Stepanov, tras su llegada a la universidad Javeriana.<\/p>\n<p>Pero el gusto por la m\u00fasica latina no es lo \u00fanico que tienen en com\u00fan estas j\u00f3venes. Aunque las dos crecieron en estados unidos, s\u00f3lo despu\u00e9s de atravesar el continente americano se conocieron, gracias a que ambas fueron merecedoras de una beca del programa Fulbright para realizar sus estudios de postgrado en Colombia.<\/p>\n<p>Las experiencias de vida de Caitlin y Renata han sido muy diferentes, pero ambas eligieron el pa\u00eds como el lugar m\u00e1s apropiado para continuar su formaci\u00f3n. Tras graduarse de estudios Ambientales y Antropolog\u00eda, en el Mount Holyoke College, Caitlin descubri\u00f3 su pasi\u00f3n por las culturas ind\u00edgenas y encontr\u00f3 en los parques naturales de Colombia una excelente oportunidad para acercarse a ellas.<\/p>\n<p>Pero, adem\u00e1s de la posibilidad de aproximarse a esta poblaci\u00f3n, Caitlin lleg\u00f3 a Bogot\u00e1 porque, mientras estudiaba la Constituci\u00f3n Colombiana en su pa\u00eds, le llam\u00f3 mucho la atenci\u00f3n que una carta pol\u00edtica tuviera legislaci\u00f3n en materia de comunidades y resguardos ind\u00edgenas, temas totalmente ausentes en la Constituci\u00f3n de los Estados Unidos.<\/p>\n<blockquote><p>\u201cMi experiencia en Soacha ha sido muy fuerte y enriquecedora, yo creo que todos los estudiantes deber\u00edan vivirla\u201d, afirma Renata al referirse al trabajo de campo que est\u00e1 realizando en este municipio con las personas en situaci\u00f3n de desplazamiento.<\/p><\/blockquote>\n<p>Por su parte, la situaci\u00f3n de desplazamiento forzoso que tuvo que sufrir la abuela de Renata en la Segunda Guerra Mundial influy\u00f3 en gran medida en el enfoque que su nieta le dio a la carrera de Ciencia Pol\u00edtica que estudi\u00f3 en Princeton. Renata lleg\u00f3 a Colombia porque el conflicto armado ha dejado incontables v\u00edctimas del desplazamiento forzado que afrontan circunstancias semejantes a la de su historia familiar.<\/p>\n<figure id=\"attachment_13944\" aria-describedby=\"caption-attachment-13944\" style=\"width: 426px\" class=\"wp-caption alignleft\"><img loading=\"lazy\" decoding=\"async\" class=\"wp-image-13944 size-full\" src=\"http:\/\/www.javeriana.edu.co\/hoy-en-la-javeriana\/wp-content\/uploads\/2009\/11\/Caitlin-Lupton-estadounidense-que-ahora-estudia-en-la-Facultad-de-Estudios-Ambientales-y-rurales-de-la-Universidad-Javeriana.-min.jpg\" alt=\"\" width=\"426\" height=\"288\" \/><figcaption id=\"caption-attachment-13944\" class=\"wp-caption-text\">Caitlin Lupton, estadounidense que ahora estudia en la Facultad de Estudios Ambientales y rurales de la Universidad Javeriana.<\/figcaption><\/figure>\n<p>\u201cMi experiencia en Soacha ha sido muy fuerte y enriquecedora, yo creo que todos los estudiantes deber\u00edan vivirla\u201d, afirma Renata al referirse al trabajo de campo que est\u00e1 realizando en este municipio con las personas en situaci\u00f3n de desplazamiento. Fue as\u00ed como estas dos j\u00f3venes llegaron a la Pontificia universidad Javeriana en Bogot\u00e1 para empezar una nueva experiencia de vida,en la que han tenido que acostumbrarse a un nuevo clima sin estaciones e infinidad de cambios inesperados. Pero es tambi\u00e9n aqu\u00ed donde se han enamorado de la m\u00fasica latina, la cocina colombiana, el cari\u00f1o y la amabilidad de las personas, los caf\u00e9s tradicionales, las plazas y los parques naturales.<\/p>\n<p>\u201cPara m\u00ed Colombia es un pa\u00eds con una incre\u00edble naturaleza, con mucha diversidad de ecosistemas y personas. es mucho mejor de lo que esperaba. en mi vida no encontr\u00e9 personas tan amables e interesadas en m\u00ed, tienen una cultura muy abierta y cari\u00f1osa, siempre dan besos y abrazos [\u2026] Me gusta que los colombianos son muy orgullosos de su pa\u00eds\u201d, expresa Caitlin con alegr\u00eda.<\/p>\n<p>En cuanto a su estad\u00eda en la Javeriana, Renata destaca la calidad de los estudiantes de la carrera de Derecho, su dedicaci\u00f3n, inteligencia y madurez, que le atribuye a la exigencia acad\u00e9mica y a la gran cantidad de trabajos pr\u00e1cticos en grupo. Resalta que los profesores la han impresionado mucho por su experiencia en el mundo laboral. Por su parte, Caitlin ha encontrado en la Facultad de Estudios Ambientales y Rurales un hogar con una \u201cmezcla incre\u00edble de personas\u201d. en los cuatro meses que han permanecido en el pa\u00eds, Caitlin y Renata han viajado bastante por el territorio nacional. Caitlin ya conoce el Amazonas, Puerto L\u00f3pez, Santa Marta, Anapoima y Villavicencio, gracias a que est\u00e1 trabajando en un proyecto de investigaci\u00f3n sobre los ind\u00edgenas, los campesinos y los afrocolombianos. en todo el pa\u00eds, su lugar favorito es el Jard\u00edn Bot\u00e1nico en Bogot\u00e1 y quiere visitar Medell\u00edn y Manizales. Y Renata ha viajado por los departamentos de Cundinamarca, Boyac\u00e1 y el Meta, y est\u00e1 ansiosa por conocer las costas colombianas. \u201cDos cosas me han impactado mucho en Colombia. Primero, que a pesar de la situaci\u00f3n de violencia se experimenta mucha felicidad y alegr\u00eda, hay muchas oportunidades de festejar.Segundo, que, en contraste, hay mucha desconfianza. esta es la parte m\u00e1s triste\u201d, expresa Renata.<\/p>\n<blockquote><p>\u201cEn mi vida no encontr\u00e9 personas tan amables e interesadas en m\u00ed, tienen una cultura muy abierta y cari\u00f1osa, siempre dan besos y abrazos [\u2026] Me gusta que los colombianos son muy orgullosos de su pa\u00eds\u201d, expresa Caitlin con alegr\u00eda.<\/p><\/blockquote>\n<p>La traves\u00eda por Colombia apenas acaba de comenzar, puesto que la beca termina a finales de mayo, pero desde ya Caitlin y Renata manifiestan sus deseos de quedarse en estas tierras latinas que las recibieron con los brazos abiertos y las lograron enamorar. Renata agrega con entusiasmo: \u201cLos espacios p\u00fablicos me impresionaron mucho, son muy lindos. La vida en la ciudad es muy activa, es rica y diversa\u201d y Caitlin se\u00f1ala que Colombia es un buen lugar para apoyar a las poblaciones ind\u00edgenas, por la multiplicidad de onG que trabajan con ellas, por esta raz\u00f3n, le gustar\u00eda realizar una maestr\u00eda en el pa\u00eds.<\/p>\n","protected":false},"excerpt":{"rendered":"<p>Una norteamericana y una ucraniana eligieron Colombia y m\u00e1s espec\u00edficamente la Universidad Javeriana para continuar sus estudios. Ellas cuentan c\u00f3mo han disfrutado su experiencia. Fue hace cuatro meses que, en su viaje a Colombia, una norteamericana y una ucraniana descubrieron conjuntamente su gusto por la salsa y el vallenato. Los sonidos de las maracas, las congas, las trompetas, los acordeones, las cajas y las guacharacas cautivaron a Caitlin Lupton y a Renata Stepanov, tras su llegada a la universidad Javeriana. Pero el gusto por la m\u00fasica latina no es lo \u00fanico que tienen en com\u00fan estas j\u00f3venes. Aunque las dos crecieron en estados unidos, s\u00f3lo despu\u00e9s de atravesar el continente americano se conocieron, gracias a que ambas fueron merecedoras de[&hellip;]<\/p>\n","protected":false},"author":5,"featured_media":13944,"comment_status":"closed","ping_status":"closed","sticky":false,"template":"","format":"standard","meta":{"footnotes":""},"categories":[16,59],"tags":[9553,11159,9441,472,311,11155,11153,429,3049,33,9510,5174,11160,2806,473,6866,11157,9440,9446,2639,11158,11156,5958,2785,11154,4933],"class_list":["post-10615","post","type-post","status-publish","format-standard","has-post-thumbnail","hentry","category-investigacion","category-sociedad","tag-amazonas","tag-anapoima","tag-ano-48-no-1253","tag-bogota","tag-boyaca","tag-caitlin-lupton","tag-carolina-granados-arismendy","tag-colombia","tag-cundinamarca","tag-estados-unidos","tag-facultad-de-estudios-ambientales-y-rurales","tag-fulbright","tag-jardin-botanico-en-bogota","tag-manizales","tag-medellin","tag-meta","tag-mount-holyoke-college","tag-noviembre-2009","tag-noviembre-diciembre-2009","tag-pontificia-universidad-javeriana","tag-puerto-lopez","tag-renata-stepanov","tag-santa-marta","tag-segunda-guerra-mundial","tag-travesia-por-colombia","tag-villavicencio"],"acf":[],"_links":{"self":[{"href":"https:\/\/www.javeriana.edu.co\/repositorio-hoy-en-la-javeriana\/wp-json\/wp\/v2\/posts\/10615","targetHints":{"allow":["GET"]}}],"collection":[{"href":"https:\/\/www.javeriana.edu.co\/repositorio-hoy-en-la-javeriana\/wp-json\/wp\/v2\/posts"}],"about":[{"href":"https:\/\/www.javeriana.edu.co\/repositorio-hoy-en-la-javeriana\/wp-json\/wp\/v2\/types\/post"}],"author":[{"embeddable":true,"href":"https:\/\/www.javeriana.edu.co\/repositorio-hoy-en-la-javeriana\/wp-json\/wp\/v2\/users\/5"}],"replies":[{"embeddable":true,"href":"https:\/\/www.javeriana.edu.co\/repositorio-hoy-en-la-javeriana\/wp-json\/wp\/v2\/comments?post=10615"}],"version-history":[{"count":3,"href":"https:\/\/www.javeriana.edu.co\/repositorio-hoy-en-la-javeriana\/wp-json\/wp\/v2\/posts\/10615\/revisions"}],"predecessor-version":[{"id":13946,"href":"https:\/\/www.javeriana.edu.co\/repositorio-hoy-en-la-javeriana\/wp-json\/wp\/v2\/posts\/10615\/revisions\/13946"}],"wp:featuredmedia":[{"embeddable":true,"href":"https:\/\/www.javeriana.edu.co\/repositorio-hoy-en-la-javeriana\/wp-json\/wp\/v2\/media\/13944"}],"wp:attachment":[{"href":"https:\/\/www.javeriana.edu.co\/repositorio-hoy-en-la-javeriana\/wp-json\/wp\/v2\/media?parent=10615"}],"wp:term":[{"taxonomy":"category","embeddable":true,"href":"https:\/\/www.javeriana.edu.co\/repositorio-hoy-en-la-javeriana\/wp-json\/wp\/v2\/categories?post=10615"},{"taxonomy":"post_tag","embeddable":true,"href":"https:\/\/www.javeriana.edu.co\/repositorio-hoy-en-la-javeriana\/wp-json\/wp\/v2\/tags?post=10615"}],"curies":[{"name":"wp","href":"https:\/\/api.w.org\/{rel}","templated":true}]}}