{"id":10649,"date":"2009-11-01T20:20:31","date_gmt":"2009-11-02T01:20:31","guid":{"rendered":"http:\/\/www.javeriana.edu.co\/hoy-en-la-javeriana?p=10649"},"modified":"2020-03-09T16:07:28","modified_gmt":"2020-03-09T21:07:28","slug":"el-valle-del-cauca-despierta-hacia-nuevos-mercados","status":"publish","type":"post","link":"https:\/\/www.javeriana.edu.co\/repositorio-hoy-en-la-javeriana\/el-valle-del-cauca-despierta-hacia-nuevos-mercados\/","title":{"rendered":"El Valle del Cauca despierta hacia nuevos mercados"},"content":{"rendered":"<p style=\"text-align: center;\"><span style=\"color: #808080;\">La Pontificia Universidad Javeriana Cali presenta la Especializaci\u00f3n en Negocios Internacionales, que busca formar estrategas que dinamicen la internacionalizaci\u00f3n de las empresas e identifiquen oportunidades de negocios con acento en el Asia Pac\u00edfico.<\/span><\/p>\n<p><img loading=\"lazy\" decoding=\"async\" class=\"size-full wp-image-14012 alignleft\" src=\"http:\/\/www.javeriana.edu.co\/hoy-en-la-javeriana\/wp-content\/uploads\/2009\/11\/El-Valle-del-Cauca-despierta-hacia-nuevos-mercados-min.jpg\" alt=\"\" width=\"188\" height=\"242\" \/>Esto sucede en un momento en el que el \u201cvalle del Pac\u00edfico\u201d se vierte hacia esta cuenca, alrededor de la cual empieza a gravitar la econom\u00eda del siglo XXI. Adem\u00e1s, est\u00e1 a tono con las iniciativas del Plan Regional de Competitividad 2032, entre las que se destaca la Agencia de Promoci\u00f3n de Inversi\u00f3n del valle del Pac\u00edfico, impulsada por la C\u00e1mara de Comercio de Cali. el profesor de la especializaci\u00f3n Gustavo Fonseca, Master of Science in Economics de la universidad de Tsukuba en Jap\u00f3n, que durante 19 a\u00f1os trabaj\u00f3 en cargos ejecutivos para Isuzu Motors, Taisei Construction y neC, tres de las m\u00e1s conocidas multinacionales japonesas, y como consultor en proyectos Overseas Development Assistance, ODA, del gobierno japon\u00e9s, se\u00f1ala que \u201cahora se cuenta en Cali, y en el suroccidente, con un posgrado que se enfoca en el estudio del entorno internacional y en formar estrategas para la internacionalizaci\u00f3n de las empresas\u201d.<\/p>\n<p>Fonseca enfatiza que \u201csu acento en Asia oriental les permitir\u00e1 a los empresarios entrar en contacto con la realidad de aquellos mercados, altamente atractivos, no s\u00f3lo para productos de exportaci\u00f3n, sino para aprender sobre innovaci\u00f3n, intercambio tecnol\u00f3gico y educativo\u2026\u201d.Se tiene previsto un International Study Trip, que es opcional y que cuenta con el apoyo del Beijing Center, entidad que coordina la relaci\u00f3n acad\u00e9mica y empresarial de la Javeriana, y otras universidades jesuitas norteamericanas, con la China. otro aspecto es la calidad y experiencia de los docentes. entre ellos est\u00e1n Masaaki Kotabe, Richard Lancioni y Arvind Pathak, del Fox School of Business de Temple university, en Filadelfia, instituci\u00f3n asociada a la Javeriana Cali. ellos cuentan con una reconocida experiencia internacional y conocimiento profundo de los mercados globales.<\/p>\n<p>Seg\u00fan un estudio de la Fundaci\u00f3n para el Desarrollo Sostenible, Fundes, \u201clas empresas exitosas disponen de un 44% de su recurso humano para actividades de comercio exterior, mientras que las no exitosas s\u00f3lo destinan un 10% del personal a esta tarea. Y no la ven como una prioridad. estos hechos hacen expl\u00edcita la pertinencia de formar profesionales capaces de iniciar, mantener y gestionar los negocios internacionales en las empresas, que las ayuden a enfrentar la competencia en este entorno global, para replantear sus estructuras y comportamientos, a\u00fan para conseguir el \u00e9xito en su entorno local\u201d.eg\u00fan la Comisi\u00f3n econ\u00f3mica para Am\u00e9rica Latina y el Caribe (Cepal) \u201cla din\u00e1mica actual de la demanda agregada de los pa\u00edses de Asia-Pac\u00edfico, principalmente China, ofrece oportunidades sin precedentes a Am\u00e9rica Latina y el Caribe en el \u00e1mbito productivo y exportador, tanto de productos b\u00e1sicos como de manufacturas y servicios. Las autoridades deber\u00edan redoblar los esfuerzos para identificar y aprovechar las nuevas oportunidades\u201d.<\/p>\n<p>Es hora de virar hacia el Asia. \u201cThe power shift from west to east\u201d. Y no hay tiempo qu\u00e9 perder. Cali es la capital natural del pac\u00edfico colombiano y cuenta desde ahora con una especializaci\u00f3n, para formar a los pioneros que consoliden esta ruta hacia el oriente.<\/p>\n<blockquote><p>Otro aspecto es la calidad y experiencia de los docentes. Entre ellos est\u00e1n Masaaki Kotabe, Richard Lancioni y Arvind Pathak, del Fox School of Business de Temple University, en Filadelfia, instituci\u00f3n asociada a la Javeriana Cali. Ellos cuentan con una reconocida experiencia internacional y conocimiento profundo de los mercados globales.<\/p><\/blockquote>\n","protected":false},"excerpt":{"rendered":"<p>La Pontificia Universidad Javeriana Cali presenta la Especializaci\u00f3n en Negocios Internacionales, que busca formar estrategas que dinamicen la internacionalizaci\u00f3n de las empresas e identifiquen oportunidades de negocios con acento en el Asia Pac\u00edfico. Esto sucede en un momento en el que el \u201cvalle del Pac\u00edfico\u201d se vierte hacia esta cuenca, alrededor de la cual empieza a gravitar la econom\u00eda del siglo XXI. Adem\u00e1s, est\u00e1 a tono con las iniciativas del Plan Regional de Competitividad 2032, entre las que se destaca la Agencia de Promoci\u00f3n de Inversi\u00f3n del valle del Pac\u00edfico, impulsada por la C\u00e1mara de Comercio de Cali. el profesor de la especializaci\u00f3n Gustavo Fonseca, Master of Science in Economics de la universidad de Tsukuba en Jap\u00f3n, que durante 19[&hellip;]<\/p>\n","protected":false},"author":5,"featured_media":1866,"comment_status":"closed","ping_status":"closed","sticky":false,"template":"","format":"standard","meta":{"footnotes":""},"categories":[51,59],"tags":[9441,7,11278,9472,9471,11279,9440,9446,407],"class_list":["post-10649","post","type-post","status-publish","format-standard","has-post-thumbnail","hentry","category-cultura","category-sociedad","tag-ano-48-no-1253","tag-desarrollo-sostenible","tag-el-valle-del-cauca-despierta-hacia-nuevos-mercados","tag-especializacion-en-negocios-internacionales","tag-gustavo-fonseca","tag-juan-carlos-prado-caicedo","tag-noviembre-2009","tag-noviembre-diciembre-2009","tag-seccional-cali"],"acf":[],"_links":{"self":[{"href":"https:\/\/www.javeriana.edu.co\/repositorio-hoy-en-la-javeriana\/wp-json\/wp\/v2\/posts\/10649","targetHints":{"allow":["GET"]}}],"collection":[{"href":"https:\/\/www.javeriana.edu.co\/repositorio-hoy-en-la-javeriana\/wp-json\/wp\/v2\/posts"}],"about":[{"href":"https:\/\/www.javeriana.edu.co\/repositorio-hoy-en-la-javeriana\/wp-json\/wp\/v2\/types\/post"}],"author":[{"embeddable":true,"href":"https:\/\/www.javeriana.edu.co\/repositorio-hoy-en-la-javeriana\/wp-json\/wp\/v2\/users\/5"}],"replies":[{"embeddable":true,"href":"https:\/\/www.javeriana.edu.co\/repositorio-hoy-en-la-javeriana\/wp-json\/wp\/v2\/comments?post=10649"}],"version-history":[{"count":2,"href":"https:\/\/www.javeriana.edu.co\/repositorio-hoy-en-la-javeriana\/wp-json\/wp\/v2\/posts\/10649\/revisions"}],"predecessor-version":[{"id":14014,"href":"https:\/\/www.javeriana.edu.co\/repositorio-hoy-en-la-javeriana\/wp-json\/wp\/v2\/posts\/10649\/revisions\/14014"}],"wp:featuredmedia":[{"embeddable":true,"href":"https:\/\/www.javeriana.edu.co\/repositorio-hoy-en-la-javeriana\/wp-json\/wp\/v2\/media\/1866"}],"wp:attachment":[{"href":"https:\/\/www.javeriana.edu.co\/repositorio-hoy-en-la-javeriana\/wp-json\/wp\/v2\/media?parent=10649"}],"wp:term":[{"taxonomy":"category","embeddable":true,"href":"https:\/\/www.javeriana.edu.co\/repositorio-hoy-en-la-javeriana\/wp-json\/wp\/v2\/categories?post=10649"},{"taxonomy":"post_tag","embeddable":true,"href":"https:\/\/www.javeriana.edu.co\/repositorio-hoy-en-la-javeriana\/wp-json\/wp\/v2\/tags?post=10649"}],"curies":[{"name":"wp","href":"https:\/\/api.w.org\/{rel}","templated":true}]}}