{"id":10722,"date":"2009-03-01T15:14:36","date_gmt":"2009-03-01T20:14:36","guid":{"rendered":"http:\/\/www.javeriana.edu.co\/hoy-en-la-javeriana?p=10722"},"modified":"2020-02-15T15:14:33","modified_gmt":"2020-02-15T20:14:33","slug":"noticias-4","status":"publish","type":"post","link":"https:\/\/www.javeriana.edu.co\/repositorio-hoy-en-la-javeriana\/noticias-4\/","title":{"rendered":"Noticias"},"content":{"rendered":"<p><span>Y el ganador es\u2026 la t\u00edpica frase de los presentadores cuando van a dar el resultado de un concurso la escucharon con su nombre ocho javerianos durante el \u00faltimo mes. Los galardones se lograron en cine, televisi\u00f3n, radio, medicina y arquitectura. las distinciones incluyen dos Premios India Catalina, en cine y televisi\u00f3n; un Premio Movie City, tambi\u00e9n en el marco del Festival de Cine de Cartagena; un tercer puesto en el Concurso de Periodismo \u201cBogot\u00e1 con integraci\u00f3n social\u201d; un reconocimiento del programa \u201cas\u00ed vamos en salud\u201d y otro de la Secretar\u00eda de Salud de Bogot\u00e1; y un primer puesto y dos menciones honor\u00edficas de la octava anual de Estudiantes de la Sociedad Colombiana de arquitectos.<\/span><\/p>\n<p><span><strong><span style=\"color: #333333\">Paula Guti\u00e9rrez, Mar\u00eda Alejandra Echeverry y Jorge Vergara, mejores tesis de arquitectos<\/span><\/strong><br \/>\n<\/span><\/p>\n<p><span style=\"color: #008000\">Octava Anual de Estudiantes de la Sociedad Colombiana de Arquitectos. <span style=\"color: #001000\">L<span><span>a Sociedad Colombiana de arquitectos (SCa) destac\u00f3 el 5 de marzo de 2009 los trabajos de grado de tres egresados que terminaron su Carrera en mayo del 2008 en la Pontificia universidad Javeriana. En la octava anual de Estudiantes de la SCa, Paula Guti\u00e9rrez Botero obtuvo el primer puesto en la categor\u00eda de Proyecto urbano, modalidad Paisajismo, mientras que Mar\u00eda alejandra Echeverry y Jorge Enrique Vergara obtuvieron menci\u00f3n honor\u00edfica en la misma modalidad.<\/span><\/span><\/span><\/span><\/p>\n<p><span style=\"color: #008000\"><span style=\"color: #001000\"><span style=\"color: #333333\"><strong>Adriana Su\u00e1rez, mejor libreto para telenovela<\/strong><\/span><\/span><\/span><\/p>\n<p><span style=\"color: #008000\"><span style=\"color: #001000\"><span style=\"color: #b01200\"><span style=\"color: #008000\">Concurso de Televisi\u00f3n Colombia Premios India Catalina.<\/span><span style=\"color: #333333\"> La comunicadora social Adriana Su\u00e1rez obtuvo su segundo premio india Catalina, concurso de la televisi\u00f3n colombiana que se realiza en el marco del Festival de Cine de Cartagena. La manizale\u00f1a, recibi\u00f3 el galard\u00f3n en la categor\u00eda de mejor libreto para telenovela, en conjunto con Pedro Miguel rozo, con quien escribi\u00f3 los libretos de El \u00faltimo matrimonio feliz, del Canal RCN. Adriana Su\u00e1rez recibi\u00f3 tambi\u00e9n nominaci\u00f3n para los Premios TV y Novela 2009, en la categor\u00eda de libreto de telenovela o serie favorito, junto con los libretistas de El cartel y de Vecinos. los premios se entregaron el s\u00e1bado 28 de marzo.<\/span><\/span><\/span>\u00a0<\/span><\/p>\n<p><span><span style=\"color: #333333\"><strong>Connie Camelo, mejor actriz de cine<\/strong><\/span><br \/>\n<\/span><\/p>\n<p><span><span style=\"color: #008000\">Concurso de Cine Colombiano del Festival Internacional de Cine de Cartagena. <span style=\"color: #008000\"><span style=\"color: #333333\">La comunicadora social Connie Camelo tuvo el s\u00e1bado 7 de marzo una de las mejores \u2018Nochebuenas\u2019 de su vida, pues obtuvo el premio india Catalina como mejor actriz en el D\u00e9cimo Concurso de Cine Colombiano, que se realiz\u00f3 en el marco del Festival internacional de Cine de Cartagena. El jurado tom\u00f3 la decisi\u00f3n por unanimidad luego de ver su actuaci\u00f3n en la pel\u00edcula Nochebuena, comedia de humor negro que empez\u00f3 a circular en las salas de cine del pa\u00eds el pasado 28 de noviembre y en la que Connie Camelo es protagonista en el papel de Esmeralda L\u00f3pez.<\/span><br \/>\n<\/span><\/span>\u00a0<\/span><\/p>\n","protected":false},"excerpt":{"rendered":"<p>Y el ganador es\u2026 la t\u00edpica frase de los presentadores cuando van a dar el resultado de un concurso la escucharon con su nombre ocho javerianos durante el \u00faltimo mes. Los galardones se lograron en cine, televisi\u00f3n, radio, medicina y arquitectura. las distinciones incluyen dos Premios India Catalina, en cine y televisi\u00f3n; un Premio Movie City, tambi\u00e9n en el marco del Festival de Cine de Cartagena; un tercer puesto en el Concurso de Periodismo \u201cBogot\u00e1 con integraci\u00f3n social\u201d; un reconocimiento del programa \u201cas\u00ed vamos en salud\u201d y otro de la Secretar\u00eda de Salud de Bogot\u00e1; y un primer puesto y dos menciones honor\u00edficas de la octava anual de Estudiantes de la Sociedad Colombiana de arquitectos. Paula Guti\u00e9rrez, Mar\u00eda Alejandra Echeverry[&hellip;]<\/p>\n","protected":false},"author":5,"featured_media":0,"comment_status":"closed","ping_status":"closed","sticky":false,"template":"","format":"standard","meta":{"footnotes":""},"categories":[51,105,59],"tags":[5761,9503,9526,9528,9502,9527,9525,7163],"class_list":["post-10722","post","type-post","status-publish","format-standard","hentry","category-cultura","category-institucional","category-sociedad","tag-noticias","tag-ano-48-no-1245","tag-cine","tag-festival-de-cine-de-cartagena","tag-marzo-2009","tag-premio-movie-city","tag-premios-india-catalina","tag-television"],"acf":[],"_links":{"self":[{"href":"https:\/\/www.javeriana.edu.co\/repositorio-hoy-en-la-javeriana\/wp-json\/wp\/v2\/posts\/10722","targetHints":{"allow":["GET"]}}],"collection":[{"href":"https:\/\/www.javeriana.edu.co\/repositorio-hoy-en-la-javeriana\/wp-json\/wp\/v2\/posts"}],"about":[{"href":"https:\/\/www.javeriana.edu.co\/repositorio-hoy-en-la-javeriana\/wp-json\/wp\/v2\/types\/post"}],"author":[{"embeddable":true,"href":"https:\/\/www.javeriana.edu.co\/repositorio-hoy-en-la-javeriana\/wp-json\/wp\/v2\/users\/5"}],"replies":[{"embeddable":true,"href":"https:\/\/www.javeriana.edu.co\/repositorio-hoy-en-la-javeriana\/wp-json\/wp\/v2\/comments?post=10722"}],"version-history":[{"count":0,"href":"https:\/\/www.javeriana.edu.co\/repositorio-hoy-en-la-javeriana\/wp-json\/wp\/v2\/posts\/10722\/revisions"}],"wp:attachment":[{"href":"https:\/\/www.javeriana.edu.co\/repositorio-hoy-en-la-javeriana\/wp-json\/wp\/v2\/media?parent=10722"}],"wp:term":[{"taxonomy":"category","embeddable":true,"href":"https:\/\/www.javeriana.edu.co\/repositorio-hoy-en-la-javeriana\/wp-json\/wp\/v2\/categories?post=10722"},{"taxonomy":"post_tag","embeddable":true,"href":"https:\/\/www.javeriana.edu.co\/repositorio-hoy-en-la-javeriana\/wp-json\/wp\/v2\/tags?post=10722"}],"curies":[{"name":"wp","href":"https:\/\/api.w.org\/{rel}","templated":true}]}}