{"id":10726,"date":"2009-03-01T15:22:49","date_gmt":"2009-03-01T20:22:49","guid":{"rendered":"http:\/\/www.javeriana.edu.co\/hoy-en-la-javeriana?p=10726"},"modified":"2020-02-15T15:23:06","modified_gmt":"2020-02-15T20:23:06","slug":"premios-premios-y-mas-premios","status":"publish","type":"post","link":"https:\/\/www.javeriana.edu.co\/repositorio-hoy-en-la-javeriana\/premios-premios-y-mas-premios\/","title":{"rendered":"Premios, premios y m\u00e1s premios"},"content":{"rendered":"<p style=\"text-align: center\"><span>Estudiantes y egresados de la Pontificia Universidad Javeriana obtuvieron galardones en cine, televisi\u00f3n, radio, medicina y arquitectura.<br \/>\n<\/span><\/p>\n<p><span><strong>Harold Trompetero, director de la mejor pel\u00edcula colombiana en concurso- <\/strong><\/span><\/p>\n<p><span><strong>Premio Movie City, en el marco del Festival Internacional de Cine de Cartagena<\/strong> Harold trompetero, egresado de la Facultad de Comunicaci\u00f3n y lenguaje, quien adem\u00e1s es publicista y realiz\u00f3 estudios de cine en Cuba, Espa\u00f1a y Francia, es el director de <em>Riverside<\/em>, que fue elegida como la mejor pel\u00edcula colombiana en concurso por el canal superpremium de LAPtV Movie City en el marco del Festival de Cine de Cartagena. Riverside, protagoniza por Diego Trujillo, se estren\u00f3 en Colombia el pasado 27 de marzo. Se grab\u00f3 en Nueva York y es hablada totalmente en ingl\u00e9s. la pel\u00edcula ya particip\u00f3 en otros festivales de cine como el de Shangai, el de Gaujaca y el de la Habana. Cuenta la historia de un colombiano que lucha por regresar a su pa\u00eds a pasar sus \u00faltimos a\u00f1os.<br \/>\n<\/span><\/p>\n<p><span><strong>Juan Felipe Rengifo Gonz\u00e1lez, tercer puesto en producci\u00f3n radial<\/strong><br \/>\n<\/span><\/p>\n<p><span><strong>Primer Concurso de Periodismo Social \u201cBogot\u00e1 con integraci\u00f3n social\u201d 2009<\/strong> una producci\u00f3n radial acerca de las cosas buenas que tiene Bogot\u00e1 le vali\u00f3 al comunicador social Juan Felipe Rengifo Gonz\u00e1lez el tercer puesto en el Primer Concurso de Periodismo Social \u201cBogot\u00e1 con integraci\u00f3n social\u201d 2009. El concurso lo organiz\u00f3 la Secretar\u00eda Distrital de integraci\u00f3n Social y la Corporaci\u00f3n avance y Equidad (CAE) con el fin de estimular el trabajo period\u00edstico que aporte a la construcci\u00f3n de una Bogot\u00e1 Positiva. los temas fueron infancia, vejez, familia, j\u00f3venes, habitantes de la calle, prostituci\u00f3n y gesti\u00f3n social integral.<\/span><\/p>\n<p><span><strong>Diana Matallana, una de las 10 experiencias destacadas en la atenci\u00f3n de ancianos<\/strong><br \/>\n<strong>Programa \u201cAs\u00ed vamos en salud\u201d<\/strong> <\/span><\/p>\n<p><span>La Cl\u00ednica de Memoria de la Facultad de Medicina de la Pontificia universidad Javeriana, liderada por la Doctora Diana Matallana, recibi\u00f3 el viernes 6 de marzo un reconocimiento del programa \u201cas\u00ed vamos en Salud\u201d como una de las 10 experiencias destacadas en la atenci\u00f3n de los ancianos. la Fundaci\u00f3n Corona, Santa fe de Bogot\u00e1, Antonio Restrepo Barco y Saldarriaga Concha, las universidades rosario, Antioquia e Icesi y la Casa Editorial El tiempo, cada a\u00f1o selecciona 10 experiencias que merecen reconocimiento en los diferentes campos de la salud.<br \/>\n<\/span><\/p>\n<p><span><strong>Patricia Hidalgo, programa de mayor \u00e9xito en el tratamiento de los pacientes de Tuberculosis <\/strong><\/span><\/p>\n<p><span><strong>Reconocimiento de la Secretar\u00eda de Salud de Bogot\u00e1<\/strong> <\/span><\/p>\n<p><span>La unidad de Neumolog\u00eda del HUSI y su programa de tuberculosis, del Hospital San Ignacio de la Pontificia universidad Javeriana, liderado por la Doctora Patricia Hidalgo, obtuvo el reconocimiento de la Secretar\u00eda de Salud de Bogot\u00e1 como el programa de mayor \u00e9xito en el tratamiento de los pacientes aquejados por esta enfermedad.<br \/>\n<\/span><\/p>\n","protected":false},"excerpt":{"rendered":"<p>Estudiantes y egresados de la Pontificia Universidad Javeriana obtuvieron galardones en cine, televisi\u00f3n, radio, medicina y arquitectura. Harold Trompetero, director de la mejor pel\u00edcula colombiana en concurso- Premio Movie City, en el marco del Festival Internacional de Cine de Cartagena Harold trompetero, egresado de la Facultad de Comunicaci\u00f3n y lenguaje, quien adem\u00e1s es publicista y realiz\u00f3 estudios de cine en Cuba, Espa\u00f1a y Francia, es el director de Riverside, que fue elegida como la mejor pel\u00edcula colombiana en concurso por el canal superpremium de LAPtV Movie City en el marco del Festival de Cine de Cartagena. Riverside, protagoniza por Diego Trujillo, se estren\u00f3 en Colombia el pasado 27 de marzo. Se grab\u00f3 en Nueva York y es hablada totalmente en[&hellip;]<\/p>\n","protected":false},"author":5,"featured_media":0,"comment_status":"closed","ping_status":"closed","sticky":false,"template":"","format":"standard","meta":{"footnotes":""},"categories":[105,59],"tags":[5761,9503,9502,9529],"class_list":["post-10726","post","type-post","status-publish","format-standard","hentry","category-institucional","category-sociedad","tag-noticias","tag-ano-48-no-1245","tag-marzo-2009","tag-secretaria-distrital-de-integracion-social-y-la-corporacion-avance-y-equidad-cae"],"acf":[],"_links":{"self":[{"href":"https:\/\/www.javeriana.edu.co\/repositorio-hoy-en-la-javeriana\/wp-json\/wp\/v2\/posts\/10726","targetHints":{"allow":["GET"]}}],"collection":[{"href":"https:\/\/www.javeriana.edu.co\/repositorio-hoy-en-la-javeriana\/wp-json\/wp\/v2\/posts"}],"about":[{"href":"https:\/\/www.javeriana.edu.co\/repositorio-hoy-en-la-javeriana\/wp-json\/wp\/v2\/types\/post"}],"author":[{"embeddable":true,"href":"https:\/\/www.javeriana.edu.co\/repositorio-hoy-en-la-javeriana\/wp-json\/wp\/v2\/users\/5"}],"replies":[{"embeddable":true,"href":"https:\/\/www.javeriana.edu.co\/repositorio-hoy-en-la-javeriana\/wp-json\/wp\/v2\/comments?post=10726"}],"version-history":[{"count":0,"href":"https:\/\/www.javeriana.edu.co\/repositorio-hoy-en-la-javeriana\/wp-json\/wp\/v2\/posts\/10726\/revisions"}],"wp:attachment":[{"href":"https:\/\/www.javeriana.edu.co\/repositorio-hoy-en-la-javeriana\/wp-json\/wp\/v2\/media?parent=10726"}],"wp:term":[{"taxonomy":"category","embeddable":true,"href":"https:\/\/www.javeriana.edu.co\/repositorio-hoy-en-la-javeriana\/wp-json\/wp\/v2\/categories?post=10726"},{"taxonomy":"post_tag","embeddable":true,"href":"https:\/\/www.javeriana.edu.co\/repositorio-hoy-en-la-javeriana\/wp-json\/wp\/v2\/tags?post=10726"}],"curies":[{"name":"wp","href":"https:\/\/api.w.org\/{rel}","templated":true}]}}