{"id":10728,"date":"2009-03-01T15:32:08","date_gmt":"2009-03-01T20:32:08","guid":{"rendered":"http:\/\/www.javeriana.edu.co\/hoy-en-la-javeriana?p=10728"},"modified":"2020-02-15T15:30:48","modified_gmt":"2020-02-15T20:30:48","slug":"seis-profesores-en-la-cima-del-escalafon-docente","status":"publish","type":"post","link":"https:\/\/www.javeriana.edu.co\/repositorio-hoy-en-la-javeriana\/seis-profesores-en-la-cima-del-escalafon-docente\/","title":{"rendered":"Seis profesores en la cima del escalaf\u00f3n docente"},"content":{"rendered":"<p style=\"text-align: center\"><span><span style=\"color: #808080\">Seis docentes de la Pontificia Universidad Javeriana\u00a0 se proclamaron el lunes 16 de marzo de 2009 como Profesores Titulares, que es la m\u00e1xima categor\u00eda del escalaf\u00f3n,\u00a0 seg\u00fan el reglamento del profesorado de la instituci\u00f3n.<\/span><br \/>\n<\/span><\/p>\n<p><span>\u201cAhora somos los hermanos mayores, los que brindamos el ejemplo, los que mostramos el camino porque ya lo hemos recorrido, porque llegamos a una meta, la m\u00e1s alta del escalaf\u00f3n docente\u201d. Esta frase del inquiero qu\u00edmico Jaime Alejandro Rodr\u00edguez Ruiz, de la Facultad de Ciencias de la Pontificia universidad Javeriana, refleja lo que signific\u00f3 para seis profesores recibir el pasado 16 de marzo el diploma que los acredita como profesores titulares de la instituci\u00f3n. Junto con Jaime Alejandro Rodr\u00edguez Ruiz (Facultad de Ciencias Sociales), la distinci\u00f3n la recibieron tambi\u00e9n C\u00e9sar Miguel torres del r\u00edo (Facultad de Ciencias Sociales), Carmen rosa Mill\u00e1n de Benavides (instituto Pensar) y el Padre Germ\u00e1n Neira Fern\u00e1ndez, S.J. (Facultad de teolog\u00eda), adem\u00e1s de Manuel Ruiz Garc\u00eda (Facultad de Ciencias) y Javier Ignacio Gonz\u00e1lez luna (Facultad de Ciencias Sociales), quienes se excusaron de no asistir a la ceremonia por motivos de salud. <\/span><\/p>\n<p>L<span>a ceremonia se realiz\u00f3 en el auditorio Luis Carlos Gal\u00e1n con la presencia del rector, Padre Joaqu\u00edn S\u00e1nchez Garc\u00eda, S.J.; del Vicerrector acad\u00e9mico, Padre Vicente Dur\u00e1n Casas, S.J.; y del Secretario General, Jaime Alberto Cata\u00f1o Cata\u00f1o, quienes presidieron el acto de homenaje, al que asistieron adem\u00e1s colegas, amigos y familiares de los nuevos profesores titulares. la Vicerrector\u00eda acad\u00e9mica aprob\u00f3 los ascensos luego de estudiar las hojas de vida, y haberse destacado por su labor docente e investigativa, sus resultados y desempe\u00f1o acad\u00e9mico, y por su producci\u00f3n intelectual, adem\u00e1s de completar por lo menos siete a\u00f1os en la categor\u00eda de profesores asociados. El escalaf\u00f3n docente es s\u00f3lo para profesores de planta. las categor\u00edas son: Profesor instructor, Profesor asistente, Profesor asociado y Profesor titular.<\/span><\/p>\n<p><span>\u201cUstedes reciben este diploma luego de haber recorrido un arduo camino, lleno de pruebas y logros acad\u00e9micos. un proceso que ha significado al menos tres lustros de Carrera acad\u00e9mica universitaria\u201d, fueron las palabras con las que inici\u00f3 su discurso el Vicerrector acad\u00e9mico, Padre Vicente Dur\u00e1n Casas, S.J., quien se mostr\u00f3 complacido por ser la primera vez que presid\u00eda este importante acto de proclamaci\u00f3n de profesores titulares. Agreg\u00f3 el Vicerrector acad\u00e9mico que si bien la excelencia acad\u00e9mica no es propiedad exclusiva de los que poseen los m\u00e1s altos grados, los profesores titulares, en raz\u00f3n de sus t\u00edtulos acad\u00e9micos y de la experiencia docente e investigativa que los acredita, est\u00e1n llamados a liderar de una manera particular la calidad acad\u00e9mica universitaria. El reto para los nuevos profesores titulares, que se unen a 143 colegas que han llegado a esta distinci\u00f3n en los \u00faltimos 11 a\u00f1os, ser\u00e1 pensar en la Javeriana del futuro. \u201cContinuemos con el mismo fervor la tarea de saber escoger y de saber preparar a quienes les corresponder\u00e1 mantener la calidad. los invito a seguir construyendo un proyecto acad\u00e9mico en consonancia con la misi\u00f3n de la universidad. Para ellos les ruego no descansar hasta dejar su huella entre sus disc\u00edpulos y sus colegas\u201d, afirm\u00f3 el Padre Vicente Dur\u00e1n Casas, S.J. Tambi\u00e9n hizo alusi\u00f3n a los ejercicios de San Ignacio afirmando que la vida se debe mirar como un movimiento continuo, que nunca se detiene. \u201cPor eso es importante en este momento, cuando se alcanza el m\u00e1s alto grado del escalaf\u00f3n docente de la universidad, no quedarse pensando d\u00f3nde estoy, sino hacia d\u00f3nde voy\u201d. <\/span><\/p>\n<p><span>El profesor Jaime Alejandro Rodr\u00edguez Ruiz record\u00f3 a su vez que el escalaf\u00f3n docente actual, que permiti\u00f3 su ascenso, se reglament\u00f3 hace 11 a\u00f1os, cuando el rector de la universidad Javeriana era el Padre Gerardo Arango Puerta, S.J. \u201cMuchos de nosotros llev\u00e1bamos varios a\u00f1os vinculados a la universidad y recibimos la noticia con expectativa y algo de ansiedad. La carta que nos lleg\u00f3 a cada uno indic\u00e1ndonos en qu\u00e9 posici\u00f3n del escalaf\u00f3n hab\u00edamos sido ubicados, nos puso enseguida a echar cuentas. la verdad es que desde entonces contamos con un horizonte claro de ascensos, que nos brinda reglas claras y universales y un sistema de est\u00edmulos y retos que ponen en la cumbre de la pir\u00e1mide la categor\u00eda de profesor titular como m\u00e1xima aspiraci\u00f3n\u201d <\/span><\/p>\n<p>&nbsp;<\/p>\n","protected":false},"excerpt":{"rendered":"<p>Seis docentes de la Pontificia Universidad Javeriana\u00a0 se proclamaron el lunes 16 de marzo de 2009 como Profesores Titulares, que es la m\u00e1xima categor\u00eda del escalaf\u00f3n,\u00a0 seg\u00fan el reglamento del profesorado de la instituci\u00f3n. \u201cAhora somos los hermanos mayores, los que brindamos el ejemplo, los que mostramos el camino porque ya lo hemos recorrido, porque llegamos a una meta, la m\u00e1s alta del escalaf\u00f3n docente\u201d. Esta frase del inquiero qu\u00edmico Jaime Alejandro Rodr\u00edguez Ruiz, de la Facultad de Ciencias de la Pontificia universidad Javeriana, refleja lo que signific\u00f3 para seis profesores recibir el pasado 16 de marzo el diploma que los acredita como profesores titulares de la instituci\u00f3n. Junto con Jaime Alejandro Rodr\u00edguez Ruiz (Facultad de Ciencias Sociales), la distinci\u00f3n[&hellip;]<\/p>\n","protected":false},"author":5,"featured_media":0,"comment_status":"closed","ping_status":"closed","sticky":false,"template":"","format":"standard","meta":{"footnotes":""},"categories":[51,59],"tags":[5761,9503,9502,9530,211],"class_list":["post-10728","post","type-post","status-publish","format-standard","hentry","category-cultura","category-sociedad","tag-noticias","tag-ano-48-no-1245","tag-marzo-2009","tag-padre-vicente-duran-casas","tag-s-j"],"acf":[],"_links":{"self":[{"href":"https:\/\/www.javeriana.edu.co\/repositorio-hoy-en-la-javeriana\/wp-json\/wp\/v2\/posts\/10728","targetHints":{"allow":["GET"]}}],"collection":[{"href":"https:\/\/www.javeriana.edu.co\/repositorio-hoy-en-la-javeriana\/wp-json\/wp\/v2\/posts"}],"about":[{"href":"https:\/\/www.javeriana.edu.co\/repositorio-hoy-en-la-javeriana\/wp-json\/wp\/v2\/types\/post"}],"author":[{"embeddable":true,"href":"https:\/\/www.javeriana.edu.co\/repositorio-hoy-en-la-javeriana\/wp-json\/wp\/v2\/users\/5"}],"replies":[{"embeddable":true,"href":"https:\/\/www.javeriana.edu.co\/repositorio-hoy-en-la-javeriana\/wp-json\/wp\/v2\/comments?post=10728"}],"version-history":[{"count":0,"href":"https:\/\/www.javeriana.edu.co\/repositorio-hoy-en-la-javeriana\/wp-json\/wp\/v2\/posts\/10728\/revisions"}],"wp:attachment":[{"href":"https:\/\/www.javeriana.edu.co\/repositorio-hoy-en-la-javeriana\/wp-json\/wp\/v2\/media?parent=10728"}],"wp:term":[{"taxonomy":"category","embeddable":true,"href":"https:\/\/www.javeriana.edu.co\/repositorio-hoy-en-la-javeriana\/wp-json\/wp\/v2\/categories?post=10728"},{"taxonomy":"post_tag","embeddable":true,"href":"https:\/\/www.javeriana.edu.co\/repositorio-hoy-en-la-javeriana\/wp-json\/wp\/v2\/tags?post=10728"}],"curies":[{"name":"wp","href":"https:\/\/api.w.org\/{rel}","templated":true}]}}