{"id":10730,"date":"2009-03-01T15:40:58","date_gmt":"2009-03-01T20:40:58","guid":{"rendered":"http:\/\/www.javeriana.edu.co\/hoy-en-la-javeriana?p=10730"},"modified":"2020-02-15T15:41:10","modified_gmt":"2020-02-15T20:41:10","slug":"nombramientos-20","status":"publish","type":"post","link":"https:\/\/www.javeriana.edu.co\/repositorio-hoy-en-la-javeriana\/nombramientos-20\/","title":{"rendered":"Nombramientos"},"content":{"rendered":"<p><span><strong>Profesor Sergio Torres Valdivieso<\/strong><br \/>\n<\/span><\/p>\n<p><span>Es ingeniero mec\u00e1nico de la universidad de los andes, Mag\u00edster en Desarrollo rural de la universidad Javeriana y Doctor en Ciencias Econ\u00f3micas y Empresariales de la universidad de Deusto (Espa\u00f1a). Fue nombrado Director del Departamento de administraci\u00f3n de la Facultad de Ciencias Econ\u00f3micas y administrativas. Ha desempe\u00f1ado actividades docentes y ha sido investigador de temas como las relaciones contractuales entre prestadores y aseguradores en el Sistema General de Seguridad Social en Colombia. Ha publicado libros, cap\u00edtulos de libros y art\u00edculos en revistas acad\u00e9micas nacionales e internacionales.<br \/>\n<\/span><\/p>\n<p><span><strong>Profesor Diego Cardona Cardona<\/strong><br \/>\n<\/span><\/p>\n<p><span>Es antrop\u00f3logo de la universidad Nacional de Colombia; con especializaci\u00f3n en Estudios internacionales, en Espa\u00f1a; maestr\u00eda en estudios de Asia y \u00c1frica, en M\u00e9xico; y Doctorado (Ph.D.) en Ciencias Pol\u00edticas (relaciones internacionales) en el instituto de altos Estudios internacionales, en Ginebra (Suiza). Es ahora el Director del Departamento de relaciones internacionales de la Facultad de Ciencias Pol\u00edticas y relaciones internacionales y se ha desempe\u00f1ado como docente durante 17 a\u00f1os en 9 universidades de 3 pa\u00edses y ocup\u00f3 adem\u00e1s el cargo de Viceministro de relaciones Exteriores de Colombia.<br \/>\n<\/span><\/p>\n<p><span><strong>Profesora Martha Luc\u00eda M\u00e1rquez Restrepo<\/strong><br \/>\n<\/span><\/p>\n<p><span>Es fil\u00f3sofa de la universidad Nacional, mag\u00edster en Estudios Pol\u00edticos de la universidad Javeriana y mag\u00edster en Desarrollo Econ\u00f3mico de am\u00e9rica latina de la universidad internacional de Andaluc\u00eda. Ella ocupa desde el mes pasado el cargo de Directora de la Maestr\u00eda en Estudios latinoamericanos, de la Facultad de Ciencias Pol\u00edticas y relaciones internacionales, fue Directora del Departamento de relaciones internacionales y ha estado a cargo de grupos de investigaci\u00f3n y de cursos en la carrera de Ciencia Pol\u00edtica y en la maestr\u00eda que ahora dirige. Entre sus publicaciones se destaca \u201cEl liderazgo populista de Ch\u00e1vez, su discurso y las relaciones colombo- venezolanas\u201d.<\/span><\/p>\n<p><span><strong>Profesor Germ\u00e1n Alexander Pab\u00f3n Rosas<\/strong><br \/>\n<\/span><\/p>\n<p><span>Es f\u00edsico de la universidad Nacional de Colombia, mag\u00edster en f\u00edsica de la misma instituci\u00f3n y Ph.D. en Biof\u00edsica de Johns Hopkins University. Es el nuevo Director del Departamento de F\u00edsica de la Facultad de Ciencias. Dirigi\u00f3 la l\u00ednea de Simulaci\u00f3n y Din\u00e1mica Molecular del Grupo de investigaci\u00f3n de Biof\u00edsica Molecular y adem\u00e1s ha sido docente en pregrado y postgrado en F\u00edsica y Biof\u00edsica. autor de varias publicaciones en ingl\u00e9s y espa\u00f1ol. adem\u00e1s de ser Profesor asistente en la Javeriana, ha sido catedr\u00e1tico en la universidad de los andes y en la Distrital.<br \/>\n<\/span><\/p>\n<p><strong>Profesor Germ\u00e1n Yances Pe\u00f1a<\/strong><\/p>\n<p><span>Es comunicador Social de la universidad Javeriana. asumi\u00f3 como Director de la Especializaci\u00f3n en televisi\u00f3n que ofrece la Facultad de Comunicaci\u00f3n y lenguaje. Ha sido analista de medios en distintas publicaciones nacionales e internacionales y ha elaborado proyectos de ley y acuerdos para reglamentar el servicio de televisi\u00f3n. En los \u00faltimos a\u00f1os ha ocupado cargos como Defensor del televidente del Canal Capital, asesor de Comisionado y Director de la oficina de Canales y Calidad del Servicio de la Comisi\u00f3n Nacional de televisi\u00f3n, director fundador de la tele revista de El Espectador y columnista de El tiempo.<br \/>\n<\/span><\/p>\n<p><strong>Profesor Sa\u00fal Javier Rugeles Quintero<\/strong><\/p>\n<p><span>Es m\u00e9dico de la universidad Javeriana con postgrado en Cirug\u00eda General y Gastrointestinal de la misma instituci\u00f3n. Es desde el pasado 3 de marzo el Director del Departamento de Cirug\u00eda de la Facultad de Medicina, cargo que ocup\u00f3 entre 1999 y el 2003. tambi\u00e9n fue Director del Servicio de urgencias del Hospital San Ignacio y Secretario de la Facultad de Medicina. autor de libros y art\u00edculos en ingl\u00e9s y espa\u00f1ol. Se ha desempe\u00f1ado adem\u00e1s como Director M\u00e9dico de Abbott Nutrition International Colombia and LA y como Director del Centro Colombiano de Nutrici\u00f3n integral.<\/span><\/p>\n<p>&nbsp;<\/p>\n","protected":false},"excerpt":{"rendered":"<p>Profesor Sergio Torres Valdivieso Es ingeniero mec\u00e1nico de la universidad de los andes, Mag\u00edster en Desarrollo rural de la universidad Javeriana y Doctor en Ciencias Econ\u00f3micas y Empresariales de la universidad de Deusto (Espa\u00f1a). Fue nombrado Director del Departamento de administraci\u00f3n de la Facultad de Ciencias Econ\u00f3micas y administrativas. Ha desempe\u00f1ado actividades docentes y ha sido investigador de temas como las relaciones contractuales entre prestadores y aseguradores en el Sistema General de Seguridad Social en Colombia. Ha publicado libros, cap\u00edtulos de libros y art\u00edculos en revistas acad\u00e9micas nacionales e internacionales. Profesor Diego Cardona Cardona Es antrop\u00f3logo de la universidad Nacional de Colombia; con especializaci\u00f3n en Estudios internacionales, en Espa\u00f1a; maestr\u00eda en estudios de Asia y \u00c1frica, en M\u00e9xico; y Doctorado[&hellip;]<\/p>\n","protected":false},"author":5,"featured_media":0,"comment_status":"closed","ping_status":"closed","sticky":false,"template":"","format":"standard","meta":{"footnotes":""},"categories":[105],"tags":[5761,9503,9531,9502],"class_list":["post-10730","post","type-post","status-publish","format-standard","hentry","category-institucional","tag-noticias","tag-ano-48-no-1245","tag-departamento-de-administracion-de-la-facultad-de-ciencias-economicas-y-administrativas","tag-marzo-2009"],"acf":[],"_links":{"self":[{"href":"https:\/\/www.javeriana.edu.co\/repositorio-hoy-en-la-javeriana\/wp-json\/wp\/v2\/posts\/10730","targetHints":{"allow":["GET"]}}],"collection":[{"href":"https:\/\/www.javeriana.edu.co\/repositorio-hoy-en-la-javeriana\/wp-json\/wp\/v2\/posts"}],"about":[{"href":"https:\/\/www.javeriana.edu.co\/repositorio-hoy-en-la-javeriana\/wp-json\/wp\/v2\/types\/post"}],"author":[{"embeddable":true,"href":"https:\/\/www.javeriana.edu.co\/repositorio-hoy-en-la-javeriana\/wp-json\/wp\/v2\/users\/5"}],"replies":[{"embeddable":true,"href":"https:\/\/www.javeriana.edu.co\/repositorio-hoy-en-la-javeriana\/wp-json\/wp\/v2\/comments?post=10730"}],"version-history":[{"count":0,"href":"https:\/\/www.javeriana.edu.co\/repositorio-hoy-en-la-javeriana\/wp-json\/wp\/v2\/posts\/10730\/revisions"}],"wp:attachment":[{"href":"https:\/\/www.javeriana.edu.co\/repositorio-hoy-en-la-javeriana\/wp-json\/wp\/v2\/media?parent=10730"}],"wp:term":[{"taxonomy":"category","embeddable":true,"href":"https:\/\/www.javeriana.edu.co\/repositorio-hoy-en-la-javeriana\/wp-json\/wp\/v2\/categories?post=10730"},{"taxonomy":"post_tag","embeddable":true,"href":"https:\/\/www.javeriana.edu.co\/repositorio-hoy-en-la-javeriana\/wp-json\/wp\/v2\/tags?post=10730"}],"curies":[{"name":"wp","href":"https:\/\/api.w.org\/{rel}","templated":true}]}}