{"id":1203,"date":"1986-09-15T13:10:47","date_gmt":"1986-09-15T18:10:47","guid":{"rendered":"http:\/\/masifica.co\/hoyenlajaveriana\/?p=1203"},"modified":"2019-05-07T13:26:46","modified_gmt":"2019-05-07T18:26:46","slug":"en-medicina","status":"publish","type":"post","link":"https:\/\/www.javeriana.edu.co\/repositorio-hoy-en-la-javeriana\/en-medicina\/","title":{"rendered":"En Medicina"},"content":{"rendered":"<p>El pasado 2 de septiembre se inaugur\u00f3 en la Unidad de Cardiolog\u00eda del Hospital San Ignacio, un sal\u00f3n de ayudas audiovisuales.<\/p>\n<p>El Dr, Jorge Le\u00f3n, Jefe de la Unidad de Cardiolog\u00eda, asistir\u00e1 al Congreso Mundial de Cardiolog\u00eda que se llevar\u00e1 a cabo hasta el 19 de septiembre en Washington, en donde presentar\u00e1 un novedoso trabajo sobre: Pericardioscopia, realizado en el Hospital San Ignacio.<\/p>\n","protected":false},"excerpt":{"rendered":"<p>El pasado 2 de septiembre se inaugur\u00f3 en la Unidad de Cardiolog\u00eda del Hospital San Ignacio, un sal\u00f3n de ayudas audiovisuales. El Dr, Jorge Le\u00f3n, Jefe de la Unidad de Cardiolog\u00eda, asistir\u00e1 al Congreso Mundial de Cardiolog\u00eda que se llevar\u00e1 a cabo hasta el 19 de septiembre en Washington, en donde presentar\u00e1 un novedoso trabajo sobre: Pericardioscopia, realizado en el Hospital San Ignacio.<\/p>\n","protected":false},"author":1,"featured_media":0,"comment_status":"closed","ping_status":"closed","sticky":false,"template":"","format":"standard","meta":{"footnotes":""},"categories":[39,105],"tags":[596,1740,1742,1649,1741],"class_list":["post-1203","post","type-post","status-publish","format-standard","hentry","category-academia","category-institucional","tag-596","tag-en-medicina","tag-jorge-leon","tag-septiembre-1986","tag-unidad-de-cardiologia-del-hospital-san-ignacio"],"acf":[],"_links":{"self":[{"href":"https:\/\/www.javeriana.edu.co\/repositorio-hoy-en-la-javeriana\/wp-json\/wp\/v2\/posts\/1203","targetHints":{"allow":["GET"]}}],"collection":[{"href":"https:\/\/www.javeriana.edu.co\/repositorio-hoy-en-la-javeriana\/wp-json\/wp\/v2\/posts"}],"about":[{"href":"https:\/\/www.javeriana.edu.co\/repositorio-hoy-en-la-javeriana\/wp-json\/wp\/v2\/types\/post"}],"author":[{"embeddable":true,"href":"https:\/\/www.javeriana.edu.co\/repositorio-hoy-en-la-javeriana\/wp-json\/wp\/v2\/users\/1"}],"replies":[{"embeddable":true,"href":"https:\/\/www.javeriana.edu.co\/repositorio-hoy-en-la-javeriana\/wp-json\/wp\/v2\/comments?post=1203"}],"version-history":[{"count":0,"href":"https:\/\/www.javeriana.edu.co\/repositorio-hoy-en-la-javeriana\/wp-json\/wp\/v2\/posts\/1203\/revisions"}],"wp:attachment":[{"href":"https:\/\/www.javeriana.edu.co\/repositorio-hoy-en-la-javeriana\/wp-json\/wp\/v2\/media?parent=1203"}],"wp:term":[{"taxonomy":"category","embeddable":true,"href":"https:\/\/www.javeriana.edu.co\/repositorio-hoy-en-la-javeriana\/wp-json\/wp\/v2\/categories?post=1203"},{"taxonomy":"post_tag","embeddable":true,"href":"https:\/\/www.javeriana.edu.co\/repositorio-hoy-en-la-javeriana\/wp-json\/wp\/v2\/tags?post=1203"}],"curies":[{"name":"wp","href":"https:\/\/api.w.org\/{rel}","templated":true}]}}