{"id":13581,"date":"1966-05-24T10:03:07","date_gmt":"1966-05-24T15:03:07","guid":{"rendered":"http:\/\/www.javeriana.edu.co\/hoy-en-la-javeriana?p=13581"},"modified":"2020-03-04T10:12:59","modified_gmt":"2020-03-04T15:12:59","slug":"exposicion-3","status":"publish","type":"post","link":"https:\/\/www.javeriana.edu.co\/repositorio-hoy-en-la-javeriana\/exposicion-3\/","title":{"rendered":"Exposici\u00f3n"},"content":{"rendered":"<p>El lunes 23 se inaugur\u00f3 una exposici\u00f3n de carteles en el sal\u00f3n principal de la Universidad, organizada por el Depto. de Relaciones P\u00fablicas y Propaganda de la Escuela de Ciencias de la Comunicaci\u00f3n Social. La elaboraci\u00f3n estuvo a cargo de los alumnos, dirigidos por la Sra. Mar\u00adgarita Vasco de Franco, y con la colaboraci\u00f3n de las Embajadas de los pa\u00edses europeos.<\/p>\n","protected":false},"excerpt":{"rendered":"<p>El lunes 23 se inaugur\u00f3 una exposici\u00f3n de carteles en el sal\u00f3n principal de la Universidad, organizada por el Depto. de Relaciones P\u00fablicas y Propaganda de la Escuela de Ciencias de la Comunicaci\u00f3n Social. La elaboraci\u00f3n estuvo a cargo de los alumnos, dirigidos por la Sra. Mar\u00adgarita Vasco de Franco, y con la colaboraci\u00f3n de las Embajadas de los pa\u00edses europeos.<\/p>\n","protected":false},"author":1,"featured_media":1866,"comment_status":"closed","ping_status":"closed","sticky":false,"template":"","format":"standard","meta":{"footnotes":""},"categories":[51],"tags":[10857,8599,2696,10859,8849,10858],"class_list":["post-13581","post","type-post","status-publish","format-standard","has-post-thumbnail","hentry","category-cultura","tag-ano-06-n-23","tag-escuela-de-ciencias-de-la-comunicacion-social","tag-exposicion","tag-margarita-vasco-de-franco","tag-mayo-1966","tag-relaciones-publicas-y-propaganda"],"acf":[],"_links":{"self":[{"href":"https:\/\/www.javeriana.edu.co\/repositorio-hoy-en-la-javeriana\/wp-json\/wp\/v2\/posts\/13581","targetHints":{"allow":["GET"]}}],"collection":[{"href":"https:\/\/www.javeriana.edu.co\/repositorio-hoy-en-la-javeriana\/wp-json\/wp\/v2\/posts"}],"about":[{"href":"https:\/\/www.javeriana.edu.co\/repositorio-hoy-en-la-javeriana\/wp-json\/wp\/v2\/types\/post"}],"author":[{"embeddable":true,"href":"https:\/\/www.javeriana.edu.co\/repositorio-hoy-en-la-javeriana\/wp-json\/wp\/v2\/users\/1"}],"replies":[{"embeddable":true,"href":"https:\/\/www.javeriana.edu.co\/repositorio-hoy-en-la-javeriana\/wp-json\/wp\/v2\/comments?post=13581"}],"version-history":[{"count":0,"href":"https:\/\/www.javeriana.edu.co\/repositorio-hoy-en-la-javeriana\/wp-json\/wp\/v2\/posts\/13581\/revisions"}],"wp:featuredmedia":[{"embeddable":true,"href":"https:\/\/www.javeriana.edu.co\/repositorio-hoy-en-la-javeriana\/wp-json\/wp\/v2\/media\/1866"}],"wp:attachment":[{"href":"https:\/\/www.javeriana.edu.co\/repositorio-hoy-en-la-javeriana\/wp-json\/wp\/v2\/media?parent=13581"}],"wp:term":[{"taxonomy":"category","embeddable":true,"href":"https:\/\/www.javeriana.edu.co\/repositorio-hoy-en-la-javeriana\/wp-json\/wp\/v2\/categories?post=13581"},{"taxonomy":"post_tag","embeddable":true,"href":"https:\/\/www.javeriana.edu.co\/repositorio-hoy-en-la-javeriana\/wp-json\/wp\/v2\/tags?post=13581"}],"curies":[{"name":"wp","href":"https:\/\/api.w.org\/{rel}","templated":true}]}}