{"id":13587,"date":"1966-05-24T11:18:05","date_gmt":"1966-05-24T16:18:05","guid":{"rendered":"http:\/\/www.javeriana.edu.co\/hoy-en-la-javeriana?p=13587"},"modified":"2020-03-04T11:22:00","modified_gmt":"2020-03-04T16:22:00","slug":"mesa-redonda-5","status":"publish","type":"post","link":"https:\/\/www.javeriana.edu.co\/repositorio-hoy-en-la-javeriana\/mesa-redonda-5\/","title":{"rendered":"Mesa redonda"},"content":{"rendered":"<p>Para el martes 24 se ha programado una mesa redonda sobre filosof\u00eda marxista, en las Facultades Eclesi\u00e1sticas, con la intervenci\u00f3n del Dr. Monta\u00f1a Cu\u00e9llar, profesor de la Universidad Libre, quien expondr\u00e1 sus puntos de vista en favor del marxismo, y el R.P. Jaime V\u00e9lez, S.J., quien ser\u00e1 la contraparte en esta discusi\u00f3n.<\/p>\n","protected":false},"excerpt":{"rendered":"<p>Para el martes 24 se ha programado una mesa redonda sobre filosof\u00eda marxista, en las Facultades Eclesi\u00e1sticas, con la intervenci\u00f3n del Dr. Monta\u00f1a Cu\u00e9llar, profesor de la Universidad Libre, quien expondr\u00e1 sus puntos de vista en favor del marxismo, y el R.P. Jaime V\u00e9lez, S.J., quien ser\u00e1 la contraparte en esta discusi\u00f3n.<\/p>\n","protected":false},"author":1,"featured_media":1866,"comment_status":"closed","ping_status":"closed","sticky":false,"template":"","format":"standard","meta":{"footnotes":""},"categories":[39],"tags":[10857,2750,10864,8849,6593,10863,3054],"class_list":["post-13587","post","type-post","status-publish","format-standard","has-post-thumbnail","hentry","category-academia","tag-ano-06-n-23","tag-facultades-eclesiasticas","tag-jaime-velez","tag-mayo-1966","tag-mesa-redonda","tag-montana-cuellar","tag-universidad-libre"],"acf":[],"_links":{"self":[{"href":"https:\/\/www.javeriana.edu.co\/repositorio-hoy-en-la-javeriana\/wp-json\/wp\/v2\/posts\/13587","targetHints":{"allow":["GET"]}}],"collection":[{"href":"https:\/\/www.javeriana.edu.co\/repositorio-hoy-en-la-javeriana\/wp-json\/wp\/v2\/posts"}],"about":[{"href":"https:\/\/www.javeriana.edu.co\/repositorio-hoy-en-la-javeriana\/wp-json\/wp\/v2\/types\/post"}],"author":[{"embeddable":true,"href":"https:\/\/www.javeriana.edu.co\/repositorio-hoy-en-la-javeriana\/wp-json\/wp\/v2\/users\/1"}],"replies":[{"embeddable":true,"href":"https:\/\/www.javeriana.edu.co\/repositorio-hoy-en-la-javeriana\/wp-json\/wp\/v2\/comments?post=13587"}],"version-history":[{"count":0,"href":"https:\/\/www.javeriana.edu.co\/repositorio-hoy-en-la-javeriana\/wp-json\/wp\/v2\/posts\/13587\/revisions"}],"wp:featuredmedia":[{"embeddable":true,"href":"https:\/\/www.javeriana.edu.co\/repositorio-hoy-en-la-javeriana\/wp-json\/wp\/v2\/media\/1866"}],"wp:attachment":[{"href":"https:\/\/www.javeriana.edu.co\/repositorio-hoy-en-la-javeriana\/wp-json\/wp\/v2\/media?parent=13587"}],"wp:term":[{"taxonomy":"category","embeddable":true,"href":"https:\/\/www.javeriana.edu.co\/repositorio-hoy-en-la-javeriana\/wp-json\/wp\/v2\/categories?post=13587"},{"taxonomy":"post_tag","embeddable":true,"href":"https:\/\/www.javeriana.edu.co\/repositorio-hoy-en-la-javeriana\/wp-json\/wp\/v2\/tags?post=13587"}],"curies":[{"name":"wp","href":"https:\/\/api.w.org\/{rel}","templated":true}]}}