{"id":13618,"date":"1966-06-07T16:40:20","date_gmt":"1966-06-07T21:40:20","guid":{"rendered":"http:\/\/www.javeriana.edu.co\/hoy-en-la-javeriana?p=13618"},"modified":"2020-03-04T16:45:51","modified_gmt":"2020-03-04T21:45:51","slug":"examenes-e-insomnio","status":"publish","type":"post","link":"https:\/\/www.javeriana.edu.co\/repositorio-hoy-en-la-javeriana\/examenes-e-insomnio\/","title":{"rendered":"Ex\u00e1menes e insomnio"},"content":{"rendered":"<p>Durante las \u00faltimas semanas la Universidad ha estado sumida en un ambiente de preocupaci\u00f3n y estudio por la iniciaci\u00f3n de los ex\u00e1menes semestrales. \u00abHoy en la Javeriana\u00bb desea mucho \u00e9xito a los estudiantes y les presenta un saludo de despedida, dese\u00e1ndoles felices vacaciones y una pronta recuperaci\u00f3n de las fuerzas perdidas durante las largas noches de insomnio.<\/p>\n","protected":false},"excerpt":{"rendered":"<p>Durante las \u00faltimas semanas la Universidad ha estado sumida en un ambiente de preocupaci\u00f3n y estudio por la iniciaci\u00f3n de los ex\u00e1menes semestrales. \u00abHoy en la Javeriana\u00bb desea mucho \u00e9xito a los estudiantes y les presenta un saludo de despedida, dese\u00e1ndoles felices vacaciones y una pronta recuperaci\u00f3n de las fuerzas perdidas durante las largas noches de insomnio.<\/p>\n","protected":false},"author":1,"featured_media":1866,"comment_status":"closed","ping_status":"closed","sticky":false,"template":"","format":"standard","meta":{"footnotes":""},"categories":[39],"tags":[10893,10894,10892],"class_list":["post-13618","post","type-post","status-publish","format-standard","has-post-thumbnail","hentry","category-academia","tag-ano-6-n-25","tag-examenes-e-insomnio","tag-junio-1966"],"acf":[],"_links":{"self":[{"href":"https:\/\/www.javeriana.edu.co\/repositorio-hoy-en-la-javeriana\/wp-json\/wp\/v2\/posts\/13618","targetHints":{"allow":["GET"]}}],"collection":[{"href":"https:\/\/www.javeriana.edu.co\/repositorio-hoy-en-la-javeriana\/wp-json\/wp\/v2\/posts"}],"about":[{"href":"https:\/\/www.javeriana.edu.co\/repositorio-hoy-en-la-javeriana\/wp-json\/wp\/v2\/types\/post"}],"author":[{"embeddable":true,"href":"https:\/\/www.javeriana.edu.co\/repositorio-hoy-en-la-javeriana\/wp-json\/wp\/v2\/users\/1"}],"replies":[{"embeddable":true,"href":"https:\/\/www.javeriana.edu.co\/repositorio-hoy-en-la-javeriana\/wp-json\/wp\/v2\/comments?post=13618"}],"version-history":[{"count":0,"href":"https:\/\/www.javeriana.edu.co\/repositorio-hoy-en-la-javeriana\/wp-json\/wp\/v2\/posts\/13618\/revisions"}],"wp:featuredmedia":[{"embeddable":true,"href":"https:\/\/www.javeriana.edu.co\/repositorio-hoy-en-la-javeriana\/wp-json\/wp\/v2\/media\/1866"}],"wp:attachment":[{"href":"https:\/\/www.javeriana.edu.co\/repositorio-hoy-en-la-javeriana\/wp-json\/wp\/v2\/media?parent=13618"}],"wp:term":[{"taxonomy":"category","embeddable":true,"href":"https:\/\/www.javeriana.edu.co\/repositorio-hoy-en-la-javeriana\/wp-json\/wp\/v2\/categories?post=13618"},{"taxonomy":"post_tag","embeddable":true,"href":"https:\/\/www.javeriana.edu.co\/repositorio-hoy-en-la-javeriana\/wp-json\/wp\/v2\/tags?post=13618"}],"curies":[{"name":"wp","href":"https:\/\/api.w.org\/{rel}","templated":true}]}}