{"id":13622,"date":"1966-06-07T17:14:33","date_gmt":"1966-06-07T22:14:33","guid":{"rendered":"http:\/\/www.javeriana.edu.co\/hoy-en-la-javeriana?p=13622"},"modified":"2020-03-04T17:17:00","modified_gmt":"2020-03-04T22:17:00","slug":"nombramientos-53","status":"publish","type":"post","link":"https:\/\/www.javeriana.edu.co\/repositorio-hoy-en-la-javeriana\/nombramientos-53\/","title":{"rendered":"Nombramientos"},"content":{"rendered":"<p>Los Dres. Joaqu\u00edn P\u00e1ez, Director del Curso de Vacaciones, y Augusto Montenegro, Profesor de la Facultad de Ciencias de la Educaci\u00f3n, fueron nombrados miembros del Consejo Acad\u00e9mico de dicha Facultad.<\/p>\n","protected":false},"excerpt":{"rendered":"<p>Los Dres. Joaqu\u00edn P\u00e1ez, Director del Curso de Vacaciones, y Augusto Montenegro, Profesor de la Facultad de Ciencias de la Educaci\u00f3n, fueron nombrados miembros del Consejo Acad\u00e9mico de dicha Facultad.<\/p>\n","protected":false},"author":1,"featured_media":1866,"comment_status":"closed","ping_status":"closed","sticky":false,"template":"","format":"standard","meta":{"footnotes":""},"categories":[105],"tags":[10893,1804,8106,5277,10892,326],"class_list":["post-13622","post","type-post","status-publish","format-standard","has-post-thumbnail","hentry","category-institucional","tag-ano-6-n-25","tag-augusto-montenegro","tag-facultad-de-ciencias-de-la-educacion","tag-joaquin-paez","tag-junio-1966","tag-nombramientos"],"acf":[],"_links":{"self":[{"href":"https:\/\/www.javeriana.edu.co\/repositorio-hoy-en-la-javeriana\/wp-json\/wp\/v2\/posts\/13622","targetHints":{"allow":["GET"]}}],"collection":[{"href":"https:\/\/www.javeriana.edu.co\/repositorio-hoy-en-la-javeriana\/wp-json\/wp\/v2\/posts"}],"about":[{"href":"https:\/\/www.javeriana.edu.co\/repositorio-hoy-en-la-javeriana\/wp-json\/wp\/v2\/types\/post"}],"author":[{"embeddable":true,"href":"https:\/\/www.javeriana.edu.co\/repositorio-hoy-en-la-javeriana\/wp-json\/wp\/v2\/users\/1"}],"replies":[{"embeddable":true,"href":"https:\/\/www.javeriana.edu.co\/repositorio-hoy-en-la-javeriana\/wp-json\/wp\/v2\/comments?post=13622"}],"version-history":[{"count":0,"href":"https:\/\/www.javeriana.edu.co\/repositorio-hoy-en-la-javeriana\/wp-json\/wp\/v2\/posts\/13622\/revisions"}],"wp:featuredmedia":[{"embeddable":true,"href":"https:\/\/www.javeriana.edu.co\/repositorio-hoy-en-la-javeriana\/wp-json\/wp\/v2\/media\/1866"}],"wp:attachment":[{"href":"https:\/\/www.javeriana.edu.co\/repositorio-hoy-en-la-javeriana\/wp-json\/wp\/v2\/media?parent=13622"}],"wp:term":[{"taxonomy":"category","embeddable":true,"href":"https:\/\/www.javeriana.edu.co\/repositorio-hoy-en-la-javeriana\/wp-json\/wp\/v2\/categories?post=13622"},{"taxonomy":"post_tag","embeddable":true,"href":"https:\/\/www.javeriana.edu.co\/repositorio-hoy-en-la-javeriana\/wp-json\/wp\/v2\/tags?post=13622"}],"curies":[{"name":"wp","href":"https:\/\/api.w.org\/{rel}","templated":true}]}}