{"id":13644,"date":"1966-07-15T08:11:16","date_gmt":"1966-07-15T13:11:16","guid":{"rendered":"http:\/\/www.javeriana.edu.co\/hoy-en-la-javeriana?p=13644"},"modified":"2020-03-05T08:17:49","modified_gmt":"2020-03-05T13:17:49","slug":"el-dr-fernando-medina-arroyo-nuevo-sindico-de-la-universidad-javeriana","status":"publish","type":"post","link":"https:\/\/www.javeriana.edu.co\/repositorio-hoy-en-la-javeriana\/el-dr-fernando-medina-arroyo-nuevo-sindico-de-la-universidad-javeriana\/","title":{"rendered":"El Dr. Fernando Medina Arroyo, nuevo Sindico de la Universidad Javeriana"},"content":{"rendered":"<p>En d\u00edas pasados, fue nombrado Sindico de la Universidad Javeriana el Dr. Fernando Medina Arroyo, ex-alumno de la Facultad de Derecho de la Universidad Javeriana, y profesor de la misma en las c\u00e1tedras de Hacienda P\u00fablica y Legislaci\u00f3n Tributaria. El Dr. Medina reemplaza al Dr. Alfonso Miranda Talero, quien ocup\u00f3 este cargo por m\u00e1s de dos a\u00f1os y medio. \u00abHoy en la Javeriana\u00bb desea al Dr. Medina Arroyo muchos \u00e9xitos en el desempe\u00f1o de sus labores.<\/p>\n","protected":false},"excerpt":{"rendered":"<p>En d\u00edas pasados, fue nombrado Sindico de la Universidad Javeriana el Dr. Fernando Medina Arroyo, ex-alumno de la Facultad de Derecho de la Universidad Javeriana, y profesor de la misma en las c\u00e1tedras de Hacienda P\u00fablica y Legislaci\u00f3n Tributaria. El Dr. Medina reemplaza al Dr. Alfonso Miranda Talero, quien ocup\u00f3 este cargo por m\u00e1s de dos a\u00f1os y medio. \u00abHoy en la Javeriana\u00bb desea al Dr. Medina Arroyo muchos \u00e9xitos en el desempe\u00f1o de sus labores.<\/p>\n","protected":false},"author":1,"featured_media":1866,"comment_status":"closed","ping_status":"closed","sticky":false,"template":"","format":"standard","meta":{"footnotes":""},"categories":[105],"tags":[1323,10917,10919,141,10921,10922,10904,10920,4012,2530],"class_list":["post-13644","post","type-post","status-publish","format-standard","has-post-thumbnail","hentry","category-institucional","tag-alfonso-miranda-talero","tag-ano-06-n-28","tag-el-dr-fernando-medina-arroyo","tag-facultad-de-derecho","tag-fernando-medina-arroyo","tag-hacienda-publica-y-legislacion-tributaria","tag-julio-1966","tag-nuevo-sindico-de-la-universidad-javeriana","tag-sindico","tag-universidad-javeriana"],"acf":[],"_links":{"self":[{"href":"https:\/\/www.javeriana.edu.co\/repositorio-hoy-en-la-javeriana\/wp-json\/wp\/v2\/posts\/13644","targetHints":{"allow":["GET"]}}],"collection":[{"href":"https:\/\/www.javeriana.edu.co\/repositorio-hoy-en-la-javeriana\/wp-json\/wp\/v2\/posts"}],"about":[{"href":"https:\/\/www.javeriana.edu.co\/repositorio-hoy-en-la-javeriana\/wp-json\/wp\/v2\/types\/post"}],"author":[{"embeddable":true,"href":"https:\/\/www.javeriana.edu.co\/repositorio-hoy-en-la-javeriana\/wp-json\/wp\/v2\/users\/1"}],"replies":[{"embeddable":true,"href":"https:\/\/www.javeriana.edu.co\/repositorio-hoy-en-la-javeriana\/wp-json\/wp\/v2\/comments?post=13644"}],"version-history":[{"count":0,"href":"https:\/\/www.javeriana.edu.co\/repositorio-hoy-en-la-javeriana\/wp-json\/wp\/v2\/posts\/13644\/revisions"}],"wp:featuredmedia":[{"embeddable":true,"href":"https:\/\/www.javeriana.edu.co\/repositorio-hoy-en-la-javeriana\/wp-json\/wp\/v2\/media\/1866"}],"wp:attachment":[{"href":"https:\/\/www.javeriana.edu.co\/repositorio-hoy-en-la-javeriana\/wp-json\/wp\/v2\/media?parent=13644"}],"wp:term":[{"taxonomy":"category","embeddable":true,"href":"https:\/\/www.javeriana.edu.co\/repositorio-hoy-en-la-javeriana\/wp-json\/wp\/v2\/categories?post=13644"},{"taxonomy":"post_tag","embeddable":true,"href":"https:\/\/www.javeriana.edu.co\/repositorio-hoy-en-la-javeriana\/wp-json\/wp\/v2\/tags?post=13644"}],"curies":[{"name":"wp","href":"https:\/\/api.w.org\/{rel}","templated":true}]}}