{"id":13652,"date":"1966-07-19T11:19:17","date_gmt":"1966-07-19T16:19:17","guid":{"rendered":"http:\/\/www.javeriana.edu.co\/hoy-en-la-javeriana?p=13652"},"modified":"2020-03-05T11:59:57","modified_gmt":"2020-03-05T16:59:57","slug":"imposicion-de-escudos-a-las-damas-blancas-del-hospital-san-ignacio","status":"publish","type":"post","link":"https:\/\/www.javeriana.edu.co\/repositorio-hoy-en-la-javeriana\/imposicion-de-escudos-a-las-damas-blancas-del-hospital-san-ignacio\/","title":{"rendered":"Imposici\u00f3n de escudos a las Damas Blancas del Hospital San Ignacio"},"content":{"rendered":"<p>El pasado viernes 8 de julio, en uno de los salones del Hospital San Ignacio, fueron impuestos a las Damas Blancas, los escudos de 100, 500 y 1.000 horas de trabajo como Voluntarias del Hospital. Esta ceremonia se celebra todos los a\u00f1os, para conmemorar el aniversario de la fundaci\u00f3n de esta entidad, establecida en Febrero de 1962, Actualmente la Junta Directiva est\u00e1 integrada as\u00ed: Presidenta: In\u00e9s Ortiz de Casas, Directora: Angela G\u00f3nima, Secretaria: Marta Rivas, Tesorera: Silvia Lara, Vocales: In\u00e9s de Moreno, Teresa de Guti\u00e9rrez y Beatriz Andrade. El escudo de las 1.000 horas de trabajo fue impuesto a las Se\u00f1oras: In\u00e9s de Moreno y Teresa de Guti\u00e9rrez. El de 500 horas a Marta Rivas, In\u00e9s Elvira Urna\u00f1a, Sof\u00eda Carvajal y Teresa de Guti\u00e9rrez. Este acto revisti\u00f3 especial solemnidad.<\/p>\n","protected":false},"excerpt":{"rendered":"<p>El pasado viernes 8 de julio, en uno de los salones del Hospital San Ignacio, fueron impuestos a las Damas Blancas, los escudos de 100, 500 y 1.000 horas de trabajo como Voluntarias del Hospital. Esta ceremonia se celebra todos los a\u00f1os, para conmemorar el aniversario de la fundaci\u00f3n de esta entidad, establecida en Febrero de 1962, Actualmente la Junta Directiva est\u00e1 integrada as\u00ed: Presidenta: In\u00e9s Ortiz de Casas, Directora: Angela G\u00f3nima, Secretaria: Marta Rivas, Tesorera: Silvia Lara, Vocales: In\u00e9s de Moreno, Teresa de Guti\u00e9rrez y Beatriz Andrade. El escudo de las 1.000 horas de trabajo fue impuesto a las Se\u00f1oras: In\u00e9s de Moreno y Teresa de Guti\u00e9rrez. El de 500 horas a Marta Rivas, In\u00e9s Elvira Urna\u00f1a, Sof\u00eda Carvajal[&hellip;]<\/p>\n","protected":false},"author":1,"featured_media":1866,"comment_status":"closed","ping_status":"closed","sticky":false,"template":"","format":"standard","meta":{"footnotes":""},"categories":[105],"tags":[8888,10930,8891,7885,170,10931,6375,10932,8887,10904,8890,8889,10933,7891],"class_list":["post-13652","post","type-post","status-publish","format-standard","has-post-thumbnail","hentry","category-institucional","tag-angela-gonima","tag-ano-06-n-29","tag-beatriz-andrade","tag-damas-blancas","tag-hospital-san-ignacio","tag-imposicion-de-escudos-a-las-damas-blancas-del-hospital-san-ignacio","tag-ines-de-moreno","tag-ines-elvira-urnana","tag-ines-ortiz-de-casas","tag-julio-1966","tag-marta-rivas","tag-silvia-lara","tag-sofia-carvajal","tag-teresa-de-gutierrez"],"acf":[],"_links":{"self":[{"href":"https:\/\/www.javeriana.edu.co\/repositorio-hoy-en-la-javeriana\/wp-json\/wp\/v2\/posts\/13652","targetHints":{"allow":["GET"]}}],"collection":[{"href":"https:\/\/www.javeriana.edu.co\/repositorio-hoy-en-la-javeriana\/wp-json\/wp\/v2\/posts"}],"about":[{"href":"https:\/\/www.javeriana.edu.co\/repositorio-hoy-en-la-javeriana\/wp-json\/wp\/v2\/types\/post"}],"author":[{"embeddable":true,"href":"https:\/\/www.javeriana.edu.co\/repositorio-hoy-en-la-javeriana\/wp-json\/wp\/v2\/users\/1"}],"replies":[{"embeddable":true,"href":"https:\/\/www.javeriana.edu.co\/repositorio-hoy-en-la-javeriana\/wp-json\/wp\/v2\/comments?post=13652"}],"version-history":[{"count":0,"href":"https:\/\/www.javeriana.edu.co\/repositorio-hoy-en-la-javeriana\/wp-json\/wp\/v2\/posts\/13652\/revisions"}],"wp:featuredmedia":[{"embeddable":true,"href":"https:\/\/www.javeriana.edu.co\/repositorio-hoy-en-la-javeriana\/wp-json\/wp\/v2\/media\/1866"}],"wp:attachment":[{"href":"https:\/\/www.javeriana.edu.co\/repositorio-hoy-en-la-javeriana\/wp-json\/wp\/v2\/media?parent=13652"}],"wp:term":[{"taxonomy":"category","embeddable":true,"href":"https:\/\/www.javeriana.edu.co\/repositorio-hoy-en-la-javeriana\/wp-json\/wp\/v2\/categories?post=13652"},{"taxonomy":"post_tag","embeddable":true,"href":"https:\/\/www.javeriana.edu.co\/repositorio-hoy-en-la-javeriana\/wp-json\/wp\/v2\/tags?post=13652"}],"curies":[{"name":"wp","href":"https:\/\/api.w.org\/{rel}","templated":true}]}}