{"id":13657,"date":"1966-07-19T15:44:16","date_gmt":"1966-07-19T20:44:16","guid":{"rendered":"http:\/\/www.javeriana.edu.co\/hoy-en-la-javeriana?p=13657"},"modified":"2020-03-05T15:55:22","modified_gmt":"2020-03-05T20:55:22","slug":"muere-profesor-javeriano","status":"publish","type":"post","link":"https:\/\/www.javeriana.edu.co\/repositorio-hoy-en-la-javeriana\/muere-profesor-javeriano\/","title":{"rendered":"Muere profesor javeriano"},"content":{"rendered":"<p>El d\u00eda 2 de julio falleci\u00f3 el Sr. Capit\u00e1n de la Fuerza A\u00e9rea Colombiana, Jos\u00e9 Edmundo Sandoval Sandoval. El distinguido Oficial era uno de los m\u00e1s brillantes especialistas en tecnolog\u00eda nuclear del pa\u00eds, desempe\u00f1aba en la actualidad el cargo de Jefe de la Divisi\u00f3n de Reactores en el Instituto de Asuntos Nucleares, profesor del Departamento de Matem\u00e1ticas de la Universidad Javeriana y Jefe del Departamento de Matem\u00e1ticas y F\u00edsica de la Grancolombia. La Universidad Javeriana y \u00abHoy en la Javeriana\u00bb deploran el deceso de tan ilustre personaje.<\/p>\n","protected":false},"excerpt":{"rendered":"<p>El d\u00eda 2 de julio falleci\u00f3 el Sr. Capit\u00e1n de la Fuerza A\u00e9rea Colombiana, Jos\u00e9 Edmundo Sandoval Sandoval. El distinguido Oficial era uno de los m\u00e1s brillantes especialistas en tecnolog\u00eda nuclear del pa\u00eds, desempe\u00f1aba en la actualidad el cargo de Jefe de la Divisi\u00f3n de Reactores en el Instituto de Asuntos Nucleares, profesor del Departamento de Matem\u00e1ticas de la Universidad Javeriana y Jefe del Departamento de Matem\u00e1ticas y F\u00edsica de la Grancolombia. La Universidad Javeriana y \u00abHoy en la Javeriana\u00bb deploran el deceso de tan ilustre personaje.<\/p>\n","protected":false},"author":1,"featured_media":1866,"comment_status":"closed","ping_status":"closed","sticky":false,"template":"","format":"standard","meta":{"footnotes":""},"categories":[105],"tags":[10930,7556,10962,10960,6930,4774,10961,10904,10959,2530],"class_list":["post-13657","post","type-post","status-publish","format-standard","has-post-thumbnail","hentry","category-institucional","tag-ano-06-n-29","tag-departamento-de-matematicas","tag-departamento-de-matematicas-y-fisica","tag-fuerza-aerea-colombiana","tag-grancolombia","tag-instituto-de-asuntos-nucleares","tag-jose-edmundo-sandoval-sandoval","tag-julio-1966","tag-muere-profesor-javeriano","tag-universidad-javeriana"],"acf":[],"_links":{"self":[{"href":"https:\/\/www.javeriana.edu.co\/repositorio-hoy-en-la-javeriana\/wp-json\/wp\/v2\/posts\/13657","targetHints":{"allow":["GET"]}}],"collection":[{"href":"https:\/\/www.javeriana.edu.co\/repositorio-hoy-en-la-javeriana\/wp-json\/wp\/v2\/posts"}],"about":[{"href":"https:\/\/www.javeriana.edu.co\/repositorio-hoy-en-la-javeriana\/wp-json\/wp\/v2\/types\/post"}],"author":[{"embeddable":true,"href":"https:\/\/www.javeriana.edu.co\/repositorio-hoy-en-la-javeriana\/wp-json\/wp\/v2\/users\/1"}],"replies":[{"embeddable":true,"href":"https:\/\/www.javeriana.edu.co\/repositorio-hoy-en-la-javeriana\/wp-json\/wp\/v2\/comments?post=13657"}],"version-history":[{"count":0,"href":"https:\/\/www.javeriana.edu.co\/repositorio-hoy-en-la-javeriana\/wp-json\/wp\/v2\/posts\/13657\/revisions"}],"wp:featuredmedia":[{"embeddable":true,"href":"https:\/\/www.javeriana.edu.co\/repositorio-hoy-en-la-javeriana\/wp-json\/wp\/v2\/media\/1866"}],"wp:attachment":[{"href":"https:\/\/www.javeriana.edu.co\/repositorio-hoy-en-la-javeriana\/wp-json\/wp\/v2\/media?parent=13657"}],"wp:term":[{"taxonomy":"category","embeddable":true,"href":"https:\/\/www.javeriana.edu.co\/repositorio-hoy-en-la-javeriana\/wp-json\/wp\/v2\/categories?post=13657"},{"taxonomy":"post_tag","embeddable":true,"href":"https:\/\/www.javeriana.edu.co\/repositorio-hoy-en-la-javeriana\/wp-json\/wp\/v2\/tags?post=13657"}],"curies":[{"name":"wp","href":"https:\/\/api.w.org\/{rel}","templated":true}]}}