{"id":13788,"date":"1966-08-02T22:39:31","date_gmt":"1966-08-03T03:39:31","guid":{"rendered":"http:\/\/www.javeriana.edu.co\/hoy-en-la-javeriana?p=13788"},"modified":"2020-03-07T22:44:16","modified_gmt":"2020-03-08T03:44:16","slug":"distinguido-visitante","status":"publish","type":"post","link":"https:\/\/www.javeriana.edu.co\/repositorio-hoy-en-la-javeriana\/distinguido-visitante\/","title":{"rendered":"Distinguido visitante"},"content":{"rendered":"<p>\u00c9l Padre Manuel Aceves, S.J., Asistente de la Am\u00e9rica Septentrional, quien lleg\u00f3 de Roma (Italia), visit\u00f3 la Universidad Javeriana, donde sostuvo interesantes charlas con el Rector Magn\u00edfico de la Universidad y algunos profesores. <span style=\"font-size: 12px;\">\u00ab<\/span>Hoy en la Javeriana\u00bb presenta al P. Aceves, S.J., un cordial saludo de bienvenida.<\/p>\n","protected":false},"excerpt":{"rendered":"<p>\u00c9l Padre Manuel Aceves, S.J., Asistente de la Am\u00e9rica Septentrional, quien lleg\u00f3 de Roma (Italia), visit\u00f3 la Universidad Javeriana, donde sostuvo interesantes charlas con el Rector Magn\u00edfico de la Universidad y algunos profesores. \u00abHoy en la Javeriana\u00bb presenta al P. Aceves, S.J., un cordial saludo de bienvenida.<\/p>\n","protected":false},"author":1,"featured_media":1866,"comment_status":"closed","ping_status":"closed","sticky":false,"template":"","format":"standard","meta":{"footnotes":""},"categories":[105],"tags":[11030,11034,11031,11032,3427,11033,2746,2530],"class_list":["post-13788","post","type-post","status-publish","format-standard","has-post-thumbnail","hentry","category-institucional","tag-agosto-1966","tag-america-septentrional","tag-ano-6-n-32","tag-distinguido-visitante","tag-italia","tag-manuel-aceves","tag-roma","tag-universidad-javeriana"],"acf":[],"_links":{"self":[{"href":"https:\/\/www.javeriana.edu.co\/repositorio-hoy-en-la-javeriana\/wp-json\/wp\/v2\/posts\/13788","targetHints":{"allow":["GET"]}}],"collection":[{"href":"https:\/\/www.javeriana.edu.co\/repositorio-hoy-en-la-javeriana\/wp-json\/wp\/v2\/posts"}],"about":[{"href":"https:\/\/www.javeriana.edu.co\/repositorio-hoy-en-la-javeriana\/wp-json\/wp\/v2\/types\/post"}],"author":[{"embeddable":true,"href":"https:\/\/www.javeriana.edu.co\/repositorio-hoy-en-la-javeriana\/wp-json\/wp\/v2\/users\/1"}],"replies":[{"embeddable":true,"href":"https:\/\/www.javeriana.edu.co\/repositorio-hoy-en-la-javeriana\/wp-json\/wp\/v2\/comments?post=13788"}],"version-history":[{"count":0,"href":"https:\/\/www.javeriana.edu.co\/repositorio-hoy-en-la-javeriana\/wp-json\/wp\/v2\/posts\/13788\/revisions"}],"wp:featuredmedia":[{"embeddable":true,"href":"https:\/\/www.javeriana.edu.co\/repositorio-hoy-en-la-javeriana\/wp-json\/wp\/v2\/media\/1866"}],"wp:attachment":[{"href":"https:\/\/www.javeriana.edu.co\/repositorio-hoy-en-la-javeriana\/wp-json\/wp\/v2\/media?parent=13788"}],"wp:term":[{"taxonomy":"category","embeddable":true,"href":"https:\/\/www.javeriana.edu.co\/repositorio-hoy-en-la-javeriana\/wp-json\/wp\/v2\/categories?post=13788"},{"taxonomy":"post_tag","embeddable":true,"href":"https:\/\/www.javeriana.edu.co\/repositorio-hoy-en-la-javeriana\/wp-json\/wp\/v2\/tags?post=13788"}],"curies":[{"name":"wp","href":"https:\/\/api.w.org\/{rel}","templated":true}]}}