{"id":13793,"date":"1966-08-02T23:09:18","date_gmt":"1966-08-03T04:09:18","guid":{"rendered":"http:\/\/www.javeriana.edu.co\/hoy-en-la-javeriana?p=13793"},"modified":"2020-03-07T23:13:15","modified_gmt":"2020-03-08T04:13:15","slug":"intercambio-cultural-2","status":"publish","type":"post","link":"https:\/\/www.javeriana.edu.co\/repositorio-hoy-en-la-javeriana\/intercambio-cultural-2\/","title":{"rendered":"Intercambio cultural"},"content":{"rendered":"<p>Cuarenta y cuatro estudiantes de 10 universidades y colegios norteamericanos, se encuentran en la Javeriana desde el 11 de junio, y han estado recibiendo cursos de espa\u00f1ol para extranjeros, y de orientaci\u00f3n en el medio ambiente social, durante 3 semanas. Se han dedicado a trabajar en los barrios pobres de la ciudad, en grupos de acci\u00f3n social y han estado interesados en ponerse en contacto con todas las capas sociales. Regresar\u00e1n a sus respectivos hogares el d\u00eda 19 de agosto y, a juzgar por sus comentarios, han estado felices con el programa realizado por el Centro Latinoamericano de Relaciones Humanas e Interculturales.<\/p>\n","protected":false},"excerpt":{"rendered":"<p>Cuarenta y cuatro estudiantes de 10 universidades y colegios norteamericanos, se encuentran en la Javeriana desde el 11 de junio, y han estado recibiendo cursos de espa\u00f1ol para extranjeros, y de orientaci\u00f3n en el medio ambiente social, durante 3 semanas. Se han dedicado a trabajar en los barrios pobres de la ciudad, en grupos de acci\u00f3n social y han estado interesados en ponerse en contacto con todas las capas sociales. Regresar\u00e1n a sus respectivos hogares el d\u00eda 19 de agosto y, a juzgar por sus comentarios, han estado felices con el programa realizado por el Centro Latinoamericano de Relaciones Humanas e Interculturales.<\/p>\n","protected":false},"author":1,"featured_media":1866,"comment_status":"closed","ping_status":"closed","sticky":false,"template":"","format":"standard","meta":{"footnotes":""},"categories":[51],"tags":[11030,11031,2568,2567,2530],"class_list":["post-13793","post","type-post","status-publish","format-standard","has-post-thumbnail","hentry","category-cultura","tag-agosto-1966","tag-ano-6-n-32","tag-centro-latinoamericano-de-relaciones-humanas-e-interculturales","tag-intercambio-cultural","tag-universidad-javeriana"],"acf":[],"_links":{"self":[{"href":"https:\/\/www.javeriana.edu.co\/repositorio-hoy-en-la-javeriana\/wp-json\/wp\/v2\/posts\/13793","targetHints":{"allow":["GET"]}}],"collection":[{"href":"https:\/\/www.javeriana.edu.co\/repositorio-hoy-en-la-javeriana\/wp-json\/wp\/v2\/posts"}],"about":[{"href":"https:\/\/www.javeriana.edu.co\/repositorio-hoy-en-la-javeriana\/wp-json\/wp\/v2\/types\/post"}],"author":[{"embeddable":true,"href":"https:\/\/www.javeriana.edu.co\/repositorio-hoy-en-la-javeriana\/wp-json\/wp\/v2\/users\/1"}],"replies":[{"embeddable":true,"href":"https:\/\/www.javeriana.edu.co\/repositorio-hoy-en-la-javeriana\/wp-json\/wp\/v2\/comments?post=13793"}],"version-history":[{"count":0,"href":"https:\/\/www.javeriana.edu.co\/repositorio-hoy-en-la-javeriana\/wp-json\/wp\/v2\/posts\/13793\/revisions"}],"wp:featuredmedia":[{"embeddable":true,"href":"https:\/\/www.javeriana.edu.co\/repositorio-hoy-en-la-javeriana\/wp-json\/wp\/v2\/media\/1866"}],"wp:attachment":[{"href":"https:\/\/www.javeriana.edu.co\/repositorio-hoy-en-la-javeriana\/wp-json\/wp\/v2\/media?parent=13793"}],"wp:term":[{"taxonomy":"category","embeddable":true,"href":"https:\/\/www.javeriana.edu.co\/repositorio-hoy-en-la-javeriana\/wp-json\/wp\/v2\/categories?post=13793"},{"taxonomy":"post_tag","embeddable":true,"href":"https:\/\/www.javeriana.edu.co\/repositorio-hoy-en-la-javeriana\/wp-json\/wp\/v2\/tags?post=13793"}],"curies":[{"name":"wp","href":"https:\/\/api.w.org\/{rel}","templated":true}]}}