{"id":13800,"date":"1966-08-05T11:47:22","date_gmt":"1966-08-05T16:47:22","guid":{"rendered":"http:\/\/www.javeriana.edu.co\/hoy-en-la-javeriana?p=13800"},"modified":"2020-03-08T11:53:26","modified_gmt":"2020-03-08T16:53:26","slug":"periodista","status":"publish","type":"post","link":"https:\/\/www.javeriana.edu.co\/repositorio-hoy-en-la-javeriana\/periodista\/","title":{"rendered":"Periodista"},"content":{"rendered":"<p>Ana Sof\u00eda de la Pava, estudiante de segundo a\u00f1o de Periodismo se ha incorporado como colaboradora del bolet\u00edn \u00abDeporte Javeriano\u00bb. Ojal\u00e1 que este nombramiento sea efectivo para inculcar en todas las javerianas una m\u00edstica del deporte, de la cual carecen casi todas.<\/p>\n","protected":false},"excerpt":{"rendered":"<p>Ana Sof\u00eda de la Pava, estudiante de segundo a\u00f1o de Periodismo se ha incorporado como colaboradora del bolet\u00edn \u00abDeporte Javeriano\u00bb. Ojal\u00e1 que este nombramiento sea efectivo para inculcar en todas las javerianas una m\u00edstica del deporte, de la cual carecen casi todas.<\/p>\n","protected":false},"author":1,"featured_media":1866,"comment_status":"closed","ping_status":"closed","sticky":false,"template":"","format":"standard","meta":{"footnotes":""},"categories":[105],"tags":[11030,11075,11031,75,11074,2530],"class_list":["post-13800","post","type-post","status-publish","format-standard","has-post-thumbnail","hentry","category-institucional","tag-agosto-1966","tag-ana-sofia-de-la-pava","tag-ano-6-n-32","tag-periodismo","tag-periodista","tag-universidad-javeriana"],"acf":[],"_links":{"self":[{"href":"https:\/\/www.javeriana.edu.co\/repositorio-hoy-en-la-javeriana\/wp-json\/wp\/v2\/posts\/13800","targetHints":{"allow":["GET"]}}],"collection":[{"href":"https:\/\/www.javeriana.edu.co\/repositorio-hoy-en-la-javeriana\/wp-json\/wp\/v2\/posts"}],"about":[{"href":"https:\/\/www.javeriana.edu.co\/repositorio-hoy-en-la-javeriana\/wp-json\/wp\/v2\/types\/post"}],"author":[{"embeddable":true,"href":"https:\/\/www.javeriana.edu.co\/repositorio-hoy-en-la-javeriana\/wp-json\/wp\/v2\/users\/1"}],"replies":[{"embeddable":true,"href":"https:\/\/www.javeriana.edu.co\/repositorio-hoy-en-la-javeriana\/wp-json\/wp\/v2\/comments?post=13800"}],"version-history":[{"count":0,"href":"https:\/\/www.javeriana.edu.co\/repositorio-hoy-en-la-javeriana\/wp-json\/wp\/v2\/posts\/13800\/revisions"}],"wp:featuredmedia":[{"embeddable":true,"href":"https:\/\/www.javeriana.edu.co\/repositorio-hoy-en-la-javeriana\/wp-json\/wp\/v2\/media\/1866"}],"wp:attachment":[{"href":"https:\/\/www.javeriana.edu.co\/repositorio-hoy-en-la-javeriana\/wp-json\/wp\/v2\/media?parent=13800"}],"wp:term":[{"taxonomy":"category","embeddable":true,"href":"https:\/\/www.javeriana.edu.co\/repositorio-hoy-en-la-javeriana\/wp-json\/wp\/v2\/categories?post=13800"},{"taxonomy":"post_tag","embeddable":true,"href":"https:\/\/www.javeriana.edu.co\/repositorio-hoy-en-la-javeriana\/wp-json\/wp\/v2\/tags?post=13800"}],"curies":[{"name":"wp","href":"https:\/\/api.w.org\/{rel}","templated":true}]}}