{"id":13801,"date":"1966-08-05T11:54:41","date_gmt":"1966-08-05T16:54:41","guid":{"rendered":"http:\/\/www.javeriana.edu.co\/hoy-en-la-javeriana?p=13801"},"modified":"2020-03-08T12:09:47","modified_gmt":"2020-03-08T17:09:47","slug":"el-director-de-la-ciespal-en-la-javeriana","status":"publish","type":"post","link":"https:\/\/www.javeriana.edu.co\/repositorio-hoy-en-la-javeriana\/el-director-de-la-ciespal-en-la-javeriana\/","title":{"rendered":"El Director de la CIESPAL en la Javeriana"},"content":{"rendered":"<p>Jorge Fern\u00e1ndez, Director General de la CIESPAL (Centro interamericano de estudios superiores de Periodismo para Am\u00e9rica Latina), visitar\u00e1 la Escuela de Ciencias de la Comunicaci\u00f3n Social, para dictar una conferencia. En seguida, las directivas de la Escuela ofrecer\u00e1n una recepci\u00f3n en su honor. \u00abHoy en la Javeriana\u00bb saluda a este ilustre visitante y le desea una feliz estad\u00eda entre nosotros.<\/p>\n","protected":false},"excerpt":{"rendered":"<p>Jorge Fern\u00e1ndez, Director General de la CIESPAL (Centro interamericano de estudios superiores de Periodismo para Am\u00e9rica Latina), visitar\u00e1 la Escuela de Ciencias de la Comunicaci\u00f3n Social, para dictar una conferencia. En seguida, las directivas de la Escuela ofrecer\u00e1n una recepci\u00f3n en su honor. \u00abHoy en la Javeriana\u00bb saluda a este ilustre visitante y le desea una feliz estad\u00eda entre nosotros.<\/p>\n","protected":false},"author":1,"featured_media":1866,"comment_status":"closed","ping_status":"closed","sticky":false,"template":"","format":"standard","meta":{"footnotes":""},"categories":[39],"tags":[11030,11031,11078,11076,8599,11077],"class_list":["post-13801","post","type-post","status-publish","format-standard","has-post-thumbnail","hentry","category-academia","tag-agosto-1966","tag-ano-6-n-32","tag-centro-interamericano-de-estudios-superiores-de-periodismo-para-america-latina","tag-el-director-de-la-ciespal-en-la-javeriana","tag-escuela-de-ciencias-de-la-comunicacion-social","tag-jorge-fernandez"],"acf":[],"_links":{"self":[{"href":"https:\/\/www.javeriana.edu.co\/repositorio-hoy-en-la-javeriana\/wp-json\/wp\/v2\/posts\/13801","targetHints":{"allow":["GET"]}}],"collection":[{"href":"https:\/\/www.javeriana.edu.co\/repositorio-hoy-en-la-javeriana\/wp-json\/wp\/v2\/posts"}],"about":[{"href":"https:\/\/www.javeriana.edu.co\/repositorio-hoy-en-la-javeriana\/wp-json\/wp\/v2\/types\/post"}],"author":[{"embeddable":true,"href":"https:\/\/www.javeriana.edu.co\/repositorio-hoy-en-la-javeriana\/wp-json\/wp\/v2\/users\/1"}],"replies":[{"embeddable":true,"href":"https:\/\/www.javeriana.edu.co\/repositorio-hoy-en-la-javeriana\/wp-json\/wp\/v2\/comments?post=13801"}],"version-history":[{"count":0,"href":"https:\/\/www.javeriana.edu.co\/repositorio-hoy-en-la-javeriana\/wp-json\/wp\/v2\/posts\/13801\/revisions"}],"wp:featuredmedia":[{"embeddable":true,"href":"https:\/\/www.javeriana.edu.co\/repositorio-hoy-en-la-javeriana\/wp-json\/wp\/v2\/media\/1866"}],"wp:attachment":[{"href":"https:\/\/www.javeriana.edu.co\/repositorio-hoy-en-la-javeriana\/wp-json\/wp\/v2\/media?parent=13801"}],"wp:term":[{"taxonomy":"category","embeddable":true,"href":"https:\/\/www.javeriana.edu.co\/repositorio-hoy-en-la-javeriana\/wp-json\/wp\/v2\/categories?post=13801"},{"taxonomy":"post_tag","embeddable":true,"href":"https:\/\/www.javeriana.edu.co\/repositorio-hoy-en-la-javeriana\/wp-json\/wp\/v2\/tags?post=13801"}],"curies":[{"name":"wp","href":"https:\/\/api.w.org\/{rel}","templated":true}]}}