{"id":13827,"date":"1966-08-09T12:53:09","date_gmt":"1966-08-09T17:53:09","guid":{"rendered":"http:\/\/www.javeriana.edu.co\/hoy-en-la-javeriana?p=13827"},"modified":"2020-03-08T12:56:25","modified_gmt":"2020-03-08T17:56:25","slug":"lamentable-fallecimiento","status":"publish","type":"post","link":"https:\/\/www.javeriana.edu.co\/repositorio-hoy-en-la-javeriana\/lamentable-fallecimiento\/","title":{"rendered":"Lamentable fallecimiento"},"content":{"rendered":"<p>La Universidad Javeriana y \u00abHoy en la Javeriana\u00bb lamentan la tr\u00e1gica muerte del Sr. Robert Smetek, administrador de la Cafeter\u00eda Central, y de la Se\u00f1orita Isabel Escobar Duque, quien se hab\u00eda graduado hace un a\u00f1o en Secretariado Biling\u00fce de la Universidad. Ambos fueron v\u00edctimas de la bomba que estall\u00f3 la semana pasada en el Centro Colombo Americano.<\/p>\n","protected":false},"excerpt":{"rendered":"<p>La Universidad Javeriana y \u00abHoy en la Javeriana\u00bb lamentan la tr\u00e1gica muerte del Sr. Robert Smetek, administrador de la Cafeter\u00eda Central, y de la Se\u00f1orita Isabel Escobar Duque, quien se hab\u00eda graduado hace un a\u00f1o en Secretariado Biling\u00fce de la Universidad. Ambos fueron v\u00edctimas de la bomba que estall\u00f3 la semana pasada en el Centro Colombo Americano.<\/p>\n","protected":false},"author":1,"featured_media":1866,"comment_status":"closed","ping_status":"closed","sticky":false,"template":"","format":"standard","meta":{"footnotes":""},"categories":[105],"tags":[11030,11085,3496,11096,11095,8865,2530],"class_list":["post-13827","post","type-post","status-publish","format-standard","has-post-thumbnail","hentry","category-institucional","tag-agosto-1966","tag-ano-6-n-33","tag-centro-colombo-americano","tag-isabel-escobar-duque","tag-lamentable-fallecimiento","tag-robert-smetek","tag-universidad-javeriana"],"acf":[],"_links":{"self":[{"href":"https:\/\/www.javeriana.edu.co\/repositorio-hoy-en-la-javeriana\/wp-json\/wp\/v2\/posts\/13827","targetHints":{"allow":["GET"]}}],"collection":[{"href":"https:\/\/www.javeriana.edu.co\/repositorio-hoy-en-la-javeriana\/wp-json\/wp\/v2\/posts"}],"about":[{"href":"https:\/\/www.javeriana.edu.co\/repositorio-hoy-en-la-javeriana\/wp-json\/wp\/v2\/types\/post"}],"author":[{"embeddable":true,"href":"https:\/\/www.javeriana.edu.co\/repositorio-hoy-en-la-javeriana\/wp-json\/wp\/v2\/users\/1"}],"replies":[{"embeddable":true,"href":"https:\/\/www.javeriana.edu.co\/repositorio-hoy-en-la-javeriana\/wp-json\/wp\/v2\/comments?post=13827"}],"version-history":[{"count":1,"href":"https:\/\/www.javeriana.edu.co\/repositorio-hoy-en-la-javeriana\/wp-json\/wp\/v2\/posts\/13827\/revisions"}],"predecessor-version":[{"id":13833,"href":"https:\/\/www.javeriana.edu.co\/repositorio-hoy-en-la-javeriana\/wp-json\/wp\/v2\/posts\/13827\/revisions\/13833"}],"wp:featuredmedia":[{"embeddable":true,"href":"https:\/\/www.javeriana.edu.co\/repositorio-hoy-en-la-javeriana\/wp-json\/wp\/v2\/media\/1866"}],"wp:attachment":[{"href":"https:\/\/www.javeriana.edu.co\/repositorio-hoy-en-la-javeriana\/wp-json\/wp\/v2\/media?parent=13827"}],"wp:term":[{"taxonomy":"category","embeddable":true,"href":"https:\/\/www.javeriana.edu.co\/repositorio-hoy-en-la-javeriana\/wp-json\/wp\/v2\/categories?post=13827"},{"taxonomy":"post_tag","embeddable":true,"href":"https:\/\/www.javeriana.edu.co\/repositorio-hoy-en-la-javeriana\/wp-json\/wp\/v2\/tags?post=13827"}],"curies":[{"name":"wp","href":"https:\/\/api.w.org\/{rel}","templated":true}]}}