{"id":13834,"date":"1966-08-09T13:02:59","date_gmt":"1966-08-09T18:02:59","guid":{"rendered":"http:\/\/www.javeriana.edu.co\/hoy-en-la-javeriana?p=13834"},"modified":"2020-03-08T13:07:51","modified_gmt":"2020-03-08T18:07:51","slug":"tombola-a-beneficio-del-centro-de-servicio-social-emilio-arango-s-j","status":"publish","type":"post","link":"https:\/\/www.javeriana.edu.co\/repositorio-hoy-en-la-javeriana\/tombola-a-beneficio-del-centro-de-servicio-social-emilio-arango-s-j\/","title":{"rendered":"T\u00f3mbola a beneficio del Centro de Servicio Social \u00abEmilio Arango, S.J\u00bb"},"content":{"rendered":"<p>El pr\u00f3ximo 22 de agosto la fabulosa t\u00f3mbola, que ha sido organizada por la Universidad Javeriana, a beneficio del Centro de Servicio Social <span style=\"font-size: 12px;\">\u00ab<\/span>Emilio Arango, S.J.\u00bb. Esta jugar\u00e1 en la Loter\u00eda de Cundinamarca, y tiene magn\u00edficos premios. Esperamos la colabolaci\u00f3n de los javerianos para ayudar, as\u00ed, a levantar el nivel de vida de las clases obreras de Bogot\u00e1.<\/p>\n","protected":false},"excerpt":{"rendered":"<p>El pr\u00f3ximo 22 de agosto la fabulosa t\u00f3mbola, que ha sido organizada por la Universidad Javeriana, a beneficio del Centro de Servicio Social \u00abEmilio Arango, S.J.\u00bb. Esta jugar\u00e1 en la Loter\u00eda de Cundinamarca, y tiene magn\u00edficos premios. Esperamos la colabolaci\u00f3n de los javerianos para ayudar, as\u00ed, a levantar el nivel de vida de las clases obreras de Bogot\u00e1.<\/p>\n","protected":false},"author":1,"featured_media":1866,"comment_status":"closed","ping_status":"closed","sticky":false,"template":"","format":"standard","meta":{"footnotes":""},"categories":[59],"tags":[11030,11085,472,11029,4855,211,11101,2530],"class_list":["post-13834","post","type-post","status-publish","format-standard","has-post-thumbnail","hentry","category-sociedad","tag-agosto-1966","tag-ano-6-n-33","tag-bogota","tag-centro-de-servicio-social-emilio-arango","tag-loteria-de-cundinamarca","tag-s-j","tag-tombola-a-beneficio-del-centro-de-servicio-social-emilio-arango","tag-universidad-javeriana"],"acf":[],"_links":{"self":[{"href":"https:\/\/www.javeriana.edu.co\/repositorio-hoy-en-la-javeriana\/wp-json\/wp\/v2\/posts\/13834","targetHints":{"allow":["GET"]}}],"collection":[{"href":"https:\/\/www.javeriana.edu.co\/repositorio-hoy-en-la-javeriana\/wp-json\/wp\/v2\/posts"}],"about":[{"href":"https:\/\/www.javeriana.edu.co\/repositorio-hoy-en-la-javeriana\/wp-json\/wp\/v2\/types\/post"}],"author":[{"embeddable":true,"href":"https:\/\/www.javeriana.edu.co\/repositorio-hoy-en-la-javeriana\/wp-json\/wp\/v2\/users\/1"}],"replies":[{"embeddable":true,"href":"https:\/\/www.javeriana.edu.co\/repositorio-hoy-en-la-javeriana\/wp-json\/wp\/v2\/comments?post=13834"}],"version-history":[{"count":1,"href":"https:\/\/www.javeriana.edu.co\/repositorio-hoy-en-la-javeriana\/wp-json\/wp\/v2\/posts\/13834\/revisions"}],"predecessor-version":[{"id":13838,"href":"https:\/\/www.javeriana.edu.co\/repositorio-hoy-en-la-javeriana\/wp-json\/wp\/v2\/posts\/13834\/revisions\/13838"}],"wp:featuredmedia":[{"embeddable":true,"href":"https:\/\/www.javeriana.edu.co\/repositorio-hoy-en-la-javeriana\/wp-json\/wp\/v2\/media\/1866"}],"wp:attachment":[{"href":"https:\/\/www.javeriana.edu.co\/repositorio-hoy-en-la-javeriana\/wp-json\/wp\/v2\/media?parent=13834"}],"wp:term":[{"taxonomy":"category","embeddable":true,"href":"https:\/\/www.javeriana.edu.co\/repositorio-hoy-en-la-javeriana\/wp-json\/wp\/v2\/categories?post=13834"},{"taxonomy":"post_tag","embeddable":true,"href":"https:\/\/www.javeriana.edu.co\/repositorio-hoy-en-la-javeriana\/wp-json\/wp\/v2\/tags?post=13834"}],"curies":[{"name":"wp","href":"https:\/\/api.w.org\/{rel}","templated":true}]}}