{"id":14155,"date":"1966-08-26T21:36:43","date_gmt":"1966-08-27T02:36:43","guid":{"rendered":"http:\/\/www.javeriana.edu.co\/hoy-en-la-javeriana?p=14155"},"modified":"2020-03-10T21:43:53","modified_gmt":"2020-03-11T02:43:53","slug":"catedratico-de-la-universidad-de-jerusalen-en-la-javeriana","status":"publish","type":"post","link":"https:\/\/www.javeriana.edu.co\/repositorio-hoy-en-la-javeriana\/catedratico-de-la-universidad-de-jerusalen-en-la-javeriana\/","title":{"rendered":"Catedr\u00e1tico de la Universidad de Jerusal\u00e9n, en la Javeriana"},"content":{"rendered":"<p>El Dr. Moshe Lazar, profesor de la Universidad Hebrea de JerusaI\u00e9n, dict\u00f3 una interesante conferencia en el Sal\u00f3n de Grados de la Universidad Javeriana, sobre Educaci\u00f3n Superior en Israel, el lunes pasado. A la conferencia asistieron el Sr. Embajador de Israel, Dr. Avigdor Shohan, el Dr. Francisco Gil Tovar, Director de la Escuela de Ciencias de la Comunicaci\u00f3n Social, el Dr. C\u00e9sar Esquivias, profesor de la misma, y todo el alumnado de la Escuela. Esta conferencia es parte del programa que viene realizando el Dr. Lazar durante su gira por los pa\u00edses latinoamericanos, con el prop\u00f3sito de vincular profesorado latino a su Departamento de JerusaI\u00e9n, y entablar contacto directo con nuestras Universidades.<\/p>\n","protected":false},"excerpt":{"rendered":"<p>El Dr. Moshe Lazar, profesor de la Universidad Hebrea de JerusaI\u00e9n, dict\u00f3 una interesante conferencia en el Sal\u00f3n de Grados de la Universidad Javeriana, sobre Educaci\u00f3n Superior en Israel, el lunes pasado. A la conferencia asistieron el Sr. Embajador de Israel, Dr. Avigdor Shohan, el Dr. Francisco Gil Tovar, Director de la Escuela de Ciencias de la Comunicaci\u00f3n Social, el Dr. C\u00e9sar Esquivias, profesor de la misma, y todo el alumnado de la Escuela. Esta conferencia es parte del programa que viene realizando el Dr. Lazar durante su gira por los pa\u00edses latinoamericanos, con el prop\u00f3sito de vincular profesorado latino a su Departamento de JerusaI\u00e9n, y entablar contacto directo con nuestras Universidades.<\/p>\n","protected":false},"author":1,"featured_media":1866,"comment_status":"closed","ping_status":"closed","sticky":false,"template":"","format":"standard","meta":{"footnotes":""},"categories":[39],"tags":[11030,11404,11412,11408,7767,11413,11411,8599,2426,11409,11410,2530],"class_list":["post-14155","post","type-post","status-publish","format-standard","has-post-thumbnail","hentry","category-academia","tag-agosto-1966","tag-ano-6-n-38","tag-avigdor-shohan","tag-catedratico-de-la-universidad-de-jerusalen","tag-cesar-esquivias","tag-departamento-de-jerusaien","tag-educacion-superior-en-israel","tag-escuela-de-ciencias-de-la-comunicacion-social","tag-francisco-gil-tovar","tag-moshe-lazar","tag-universidad-hebrea-de-jerusaien","tag-universidad-javeriana"],"acf":[],"_links":{"self":[{"href":"https:\/\/www.javeriana.edu.co\/repositorio-hoy-en-la-javeriana\/wp-json\/wp\/v2\/posts\/14155","targetHints":{"allow":["GET"]}}],"collection":[{"href":"https:\/\/www.javeriana.edu.co\/repositorio-hoy-en-la-javeriana\/wp-json\/wp\/v2\/posts"}],"about":[{"href":"https:\/\/www.javeriana.edu.co\/repositorio-hoy-en-la-javeriana\/wp-json\/wp\/v2\/types\/post"}],"author":[{"embeddable":true,"href":"https:\/\/www.javeriana.edu.co\/repositorio-hoy-en-la-javeriana\/wp-json\/wp\/v2\/users\/1"}],"replies":[{"embeddable":true,"href":"https:\/\/www.javeriana.edu.co\/repositorio-hoy-en-la-javeriana\/wp-json\/wp\/v2\/comments?post=14155"}],"version-history":[{"count":1,"href":"https:\/\/www.javeriana.edu.co\/repositorio-hoy-en-la-javeriana\/wp-json\/wp\/v2\/posts\/14155\/revisions"}],"predecessor-version":[{"id":14159,"href":"https:\/\/www.javeriana.edu.co\/repositorio-hoy-en-la-javeriana\/wp-json\/wp\/v2\/posts\/14155\/revisions\/14159"}],"wp:featuredmedia":[{"embeddable":true,"href":"https:\/\/www.javeriana.edu.co\/repositorio-hoy-en-la-javeriana\/wp-json\/wp\/v2\/media\/1866"}],"wp:attachment":[{"href":"https:\/\/www.javeriana.edu.co\/repositorio-hoy-en-la-javeriana\/wp-json\/wp\/v2\/media?parent=14155"}],"wp:term":[{"taxonomy":"category","embeddable":true,"href":"https:\/\/www.javeriana.edu.co\/repositorio-hoy-en-la-javeriana\/wp-json\/wp\/v2\/categories?post=14155"},{"taxonomy":"post_tag","embeddable":true,"href":"https:\/\/www.javeriana.edu.co\/repositorio-hoy-en-la-javeriana\/wp-json\/wp\/v2\/tags?post=14155"}],"curies":[{"name":"wp","href":"https:\/\/api.w.org\/{rel}","templated":true}]}}