{"id":14166,"date":"1966-08-30T22:15:56","date_gmt":"1966-08-31T03:15:56","guid":{"rendered":"http:\/\/www.javeriana.edu.co\/hoy-en-la-javeriana?p=14166"},"modified":"2020-03-10T22:19:21","modified_gmt":"2020-03-11T03:19:21","slug":"tinto-gratis","status":"publish","type":"post","link":"https:\/\/www.javeriana.edu.co\/repositorio-hoy-en-la-javeriana\/tinto-gratis\/","title":{"rendered":"Tinto gratis"},"content":{"rendered":"<p>La Coalici\u00f3n de Humanidades: Derecho, Periodismo, Relaciones P\u00fablicas, Filosof\u00eda, Psicolog\u00eda, Relaciones Industriales, y la Federaci\u00f3n de Cafeteros, con motivo de la Semana Javeriana, obsequiar\u00e1 a todos los javerianos tinto, durante la presente semana.<\/p>\n","protected":false},"excerpt":{"rendered":"<p>La Coalici\u00f3n de Humanidades: Derecho, Periodismo, Relaciones P\u00fablicas, Filosof\u00eda, Psicolog\u00eda, Relaciones Industriales, y la Federaci\u00f3n de Cafeteros, con motivo de la Semana Javeriana, obsequiar\u00e1 a todos los javerianos tinto, durante la presente semana.<\/p>\n","protected":false},"author":1,"featured_media":1866,"comment_status":"closed","ping_status":"closed","sticky":false,"template":"","format":"standard","meta":{"footnotes":""},"categories":[105],"tags":[11030,11421,11423,126,3258,168,75,270,80,6881,89,11422],"class_list":["post-14166","post","type-post","status-publish","format-standard","has-post-thumbnail","hentry","category-institucional","tag-agosto-1966","tag-ano-6-n-39","tag-coalicion-de-humanidades","tag-derecho","tag-federacion-de-cafeteros","tag-filosofia","tag-periodismo","tag-psicologia","tag-relaciones-industriales","tag-relaciones-publicas","tag-semana-javeriana","tag-tinto-gratis"],"acf":[],"_links":{"self":[{"href":"https:\/\/www.javeriana.edu.co\/repositorio-hoy-en-la-javeriana\/wp-json\/wp\/v2\/posts\/14166","targetHints":{"allow":["GET"]}}],"collection":[{"href":"https:\/\/www.javeriana.edu.co\/repositorio-hoy-en-la-javeriana\/wp-json\/wp\/v2\/posts"}],"about":[{"href":"https:\/\/www.javeriana.edu.co\/repositorio-hoy-en-la-javeriana\/wp-json\/wp\/v2\/types\/post"}],"author":[{"embeddable":true,"href":"https:\/\/www.javeriana.edu.co\/repositorio-hoy-en-la-javeriana\/wp-json\/wp\/v2\/users\/1"}],"replies":[{"embeddable":true,"href":"https:\/\/www.javeriana.edu.co\/repositorio-hoy-en-la-javeriana\/wp-json\/wp\/v2\/comments?post=14166"}],"version-history":[{"count":1,"href":"https:\/\/www.javeriana.edu.co\/repositorio-hoy-en-la-javeriana\/wp-json\/wp\/v2\/posts\/14166\/revisions"}],"predecessor-version":[{"id":14172,"href":"https:\/\/www.javeriana.edu.co\/repositorio-hoy-en-la-javeriana\/wp-json\/wp\/v2\/posts\/14166\/revisions\/14172"}],"wp:featuredmedia":[{"embeddable":true,"href":"https:\/\/www.javeriana.edu.co\/repositorio-hoy-en-la-javeriana\/wp-json\/wp\/v2\/media\/1866"}],"wp:attachment":[{"href":"https:\/\/www.javeriana.edu.co\/repositorio-hoy-en-la-javeriana\/wp-json\/wp\/v2\/media?parent=14166"}],"wp:term":[{"taxonomy":"category","embeddable":true,"href":"https:\/\/www.javeriana.edu.co\/repositorio-hoy-en-la-javeriana\/wp-json\/wp\/v2\/categories?post=14166"},{"taxonomy":"post_tag","embeddable":true,"href":"https:\/\/www.javeriana.edu.co\/repositorio-hoy-en-la-javeriana\/wp-json\/wp\/v2\/tags?post=14166"}],"curies":[{"name":"wp","href":"https:\/\/api.w.org\/{rel}","templated":true}]}}