{"id":14362,"date":"1966-09-13T22:54:43","date_gmt":"1966-09-14T03:54:43","guid":{"rendered":"http:\/\/www.javeriana.edu.co\/hoy-en-la-javeriana?p=14362"},"modified":"2020-03-14T23:05:19","modified_gmt":"2020-03-15T04:05:19","slug":"dr-miguel-angel-nunez-c","status":"publish","type":"post","link":"https:\/\/www.javeriana.edu.co\/repositorio-hoy-en-la-javeriana\/dr-miguel-angel-nunez-c\/","title":{"rendered":"Dr. Miguel \u00c1ngel N\u00fa\u00f1ez C."},"content":{"rendered":"<p>Despu\u00e9s de una activa gerencia del\u00a0Club Javeriano, se retira de su cargo el Miguel \u00c1ngel N\u00fa\u00f1ez Correa. Los estar\u00e1n reconocidos por su magnifica labor, y ojal\u00e1 que lo siga favoreciendo en la nueva gerencia en Colombia de la firma Unitek, para la cual ha sido nombrado. Este tiene su sede principal en Los Angeles (California), y con oficina en Bogot\u00e1 atender\u00e1 los mercados de Venezuela y del Ecuador.<\/p>\n","protected":false},"excerpt":{"rendered":"<p>Despu\u00e9s de una activa gerencia del\u00a0Club Javeriano, se retira de su cargo el Miguel \u00c1ngel N\u00fa\u00f1ez Correa. Los estar\u00e1n reconocidos por su magnifica labor, y ojal\u00e1 que lo siga favoreciendo en la nueva gerencia en Colombia de la firma Unitek, para la cual ha sido nombrado. Este tiene su sede principal en Los Angeles (California), y con oficina en Bogot\u00e1 atender\u00e1 los mercados de Venezuela y del Ecuador.<\/p>\n","protected":false},"author":1,"featured_media":1866,"comment_status":"closed","ping_status":"closed","sticky":false,"template":"","format":"standard","meta":{"footnotes":""},"categories":[105],"tags":[11508,472,4470,2812,11509,307,4469,11510,11470,11511,2564],"class_list":["post-14362","post","type-post","status-publish","format-standard","has-post-thumbnail","hentry","category-institucional","tag-ano-6-n-42","tag-bogota","tag-california","tag-club-javeriano","tag-dr-miguel-angel-nunez-c","tag-ecuador","tag-los-angeles","tag-miguel-angel-nunez-corre","tag-septiembre-1966","tag-unitek","tag-venezuela"],"acf":[],"_links":{"self":[{"href":"https:\/\/www.javeriana.edu.co\/repositorio-hoy-en-la-javeriana\/wp-json\/wp\/v2\/posts\/14362","targetHints":{"allow":["GET"]}}],"collection":[{"href":"https:\/\/www.javeriana.edu.co\/repositorio-hoy-en-la-javeriana\/wp-json\/wp\/v2\/posts"}],"about":[{"href":"https:\/\/www.javeriana.edu.co\/repositorio-hoy-en-la-javeriana\/wp-json\/wp\/v2\/types\/post"}],"author":[{"embeddable":true,"href":"https:\/\/www.javeriana.edu.co\/repositorio-hoy-en-la-javeriana\/wp-json\/wp\/v2\/users\/1"}],"replies":[{"embeddable":true,"href":"https:\/\/www.javeriana.edu.co\/repositorio-hoy-en-la-javeriana\/wp-json\/wp\/v2\/comments?post=14362"}],"version-history":[{"count":1,"href":"https:\/\/www.javeriana.edu.co\/repositorio-hoy-en-la-javeriana\/wp-json\/wp\/v2\/posts\/14362\/revisions"}],"predecessor-version":[{"id":14365,"href":"https:\/\/www.javeriana.edu.co\/repositorio-hoy-en-la-javeriana\/wp-json\/wp\/v2\/posts\/14362\/revisions\/14365"}],"wp:featuredmedia":[{"embeddable":true,"href":"https:\/\/www.javeriana.edu.co\/repositorio-hoy-en-la-javeriana\/wp-json\/wp\/v2\/media\/1866"}],"wp:attachment":[{"href":"https:\/\/www.javeriana.edu.co\/repositorio-hoy-en-la-javeriana\/wp-json\/wp\/v2\/media?parent=14362"}],"wp:term":[{"taxonomy":"category","embeddable":true,"href":"https:\/\/www.javeriana.edu.co\/repositorio-hoy-en-la-javeriana\/wp-json\/wp\/v2\/categories?post=14362"},{"taxonomy":"post_tag","embeddable":true,"href":"https:\/\/www.javeriana.edu.co\/repositorio-hoy-en-la-javeriana\/wp-json\/wp\/v2\/tags?post=14362"}],"curies":[{"name":"wp","href":"https:\/\/api.w.org\/{rel}","templated":true}]}}