{"id":14363,"date":"1966-09-13T23:10:40","date_gmt":"1966-09-14T04:10:40","guid":{"rendered":"http:\/\/www.javeriana.edu.co\/hoy-en-la-javeriana?p=14363"},"modified":"2020-03-14T23:23:26","modified_gmt":"2020-03-15T04:23:26","slug":"investigacion-sismica","status":"publish","type":"post","link":"https:\/\/www.javeriana.edu.co\/repositorio-hoy-en-la-javeriana\/investigacion-sismica\/","title":{"rendered":"Investigaci\u00f3n s\u00edsmica"},"content":{"rendered":"<p>El profesor Parke A. Dickey, Jefe del Departamento Ciencias de la Tierra de la Universidad de Tulsa, en cooperaci\u00f3n con el profesor asociado de geof\u00edsica, Eysteinn Tryggvason, han puesto al Instituto Geof\u00edsico de los Andes Colombianos de la Universidad Javeriana, el estudio de la sismosidad de la regi\u00f3n de Bucaramanga. Durante los \u00faltimos quince a\u00f1os, un gran n\u00famero de temblores de peque\u00f1a magnitud y de profundidad intermedia, se han estado registrando en esa regi\u00f3n. Estos profesores, en conexi\u00f3n con el Instituto Geof\u00edsico se proponen establecer 2 nuevas estaciones en esta \u00e1rea, con el fin de estudiar la naturaleza de esta actividad s\u00edsmica anormal. Cooperar\u00e1n en este estudio la Universidad Industrial de Santander y algunas compa\u00f1\u00edas de pretr\u00f3leos.<\/p>\n","protected":false},"excerpt":{"rendered":"<p>El profesor Parke A. Dickey, Jefe del Departamento Ciencias de la Tierra de la Universidad de Tulsa, en cooperaci\u00f3n con el profesor asociado de geof\u00edsica, Eysteinn Tryggvason, han puesto al Instituto Geof\u00edsico de los Andes Colombianos de la Universidad Javeriana, el estudio de la sismosidad de la regi\u00f3n de Bucaramanga. Durante los \u00faltimos quince a\u00f1os, un gran n\u00famero de temblores de peque\u00f1a magnitud y de profundidad intermedia, se han estado registrando en esa regi\u00f3n. Estos profesores, en conexi\u00f3n con el Instituto Geof\u00edsico se proponen establecer 2 nuevas estaciones en esta \u00e1rea, con el fin de estudiar la naturaleza de esta actividad s\u00edsmica anormal. Cooperar\u00e1n en este estudio la Universidad Industrial de Santander y algunas compa\u00f1\u00edas de pretr\u00f3leos.<\/p>\n","protected":false},"author":1,"featured_media":1866,"comment_status":"closed","ping_status":"closed","sticky":false,"template":"","format":"standard","meta":{"footnotes":""},"categories":[16,3],"tags":[11508,11514,11516,173,11512,11513,11470,11515,3006],"class_list":["post-14363","post","type-post","status-publish","format-standard","has-post-thumbnail","hentry","category-investigacion","category-medio-ambiente","tag-ano-6-n-42","tag-departamento-ciencias-de-la-tierra","tag-eysteinn-tryggvason","tag-instituto-geofisico-de-los-andes-colombianos","tag-investigacion-sismica","tag-parke-a-dickey","tag-septiembre-1966","tag-universidad-de-tulsa","tag-universidad-industrial-de-santander"],"acf":[],"_links":{"self":[{"href":"https:\/\/www.javeriana.edu.co\/repositorio-hoy-en-la-javeriana\/wp-json\/wp\/v2\/posts\/14363","targetHints":{"allow":["GET"]}}],"collection":[{"href":"https:\/\/www.javeriana.edu.co\/repositorio-hoy-en-la-javeriana\/wp-json\/wp\/v2\/posts"}],"about":[{"href":"https:\/\/www.javeriana.edu.co\/repositorio-hoy-en-la-javeriana\/wp-json\/wp\/v2\/types\/post"}],"author":[{"embeddable":true,"href":"https:\/\/www.javeriana.edu.co\/repositorio-hoy-en-la-javeriana\/wp-json\/wp\/v2\/users\/1"}],"replies":[{"embeddable":true,"href":"https:\/\/www.javeriana.edu.co\/repositorio-hoy-en-la-javeriana\/wp-json\/wp\/v2\/comments?post=14363"}],"version-history":[{"count":1,"href":"https:\/\/www.javeriana.edu.co\/repositorio-hoy-en-la-javeriana\/wp-json\/wp\/v2\/posts\/14363\/revisions"}],"predecessor-version":[{"id":14366,"href":"https:\/\/www.javeriana.edu.co\/repositorio-hoy-en-la-javeriana\/wp-json\/wp\/v2\/posts\/14363\/revisions\/14366"}],"wp:featuredmedia":[{"embeddable":true,"href":"https:\/\/www.javeriana.edu.co\/repositorio-hoy-en-la-javeriana\/wp-json\/wp\/v2\/media\/1866"}],"wp:attachment":[{"href":"https:\/\/www.javeriana.edu.co\/repositorio-hoy-en-la-javeriana\/wp-json\/wp\/v2\/media?parent=14363"}],"wp:term":[{"taxonomy":"category","embeddable":true,"href":"https:\/\/www.javeriana.edu.co\/repositorio-hoy-en-la-javeriana\/wp-json\/wp\/v2\/categories?post=14363"},{"taxonomy":"post_tag","embeddable":true,"href":"https:\/\/www.javeriana.edu.co\/repositorio-hoy-en-la-javeriana\/wp-json\/wp\/v2\/tags?post=14363"}],"curies":[{"name":"wp","href":"https:\/\/api.w.org\/{rel}","templated":true}]}}