{"id":14379,"date":"1966-09-20T00:06:37","date_gmt":"1966-09-20T05:06:37","guid":{"rendered":"http:\/\/www.javeriana.edu.co\/hoy-en-la-javeriana?p=14379"},"modified":"2020-03-15T00:10:29","modified_gmt":"2020-03-15T05:10:29","slug":"visitante-3","status":"publish","type":"post","link":"https:\/\/www.javeriana.edu.co\/repositorio-hoy-en-la-javeriana\/visitante-3\/","title":{"rendered":"Visitante"},"content":{"rendered":"<p>El pasado 14 de septiembre visit\u00f3 la Universidad Javeriana el Sr. Harold Blakemore, Director del Instituto de Estudios Latinoamericanos, con sede en Londres. Este Instituto presta sus servicios a las Universidades de Oxford, Cambridge, Londres, Glasgow, y Liverpool. El Sr. Blakemore vino acompa\u00f1ado por el Sr. Michael R. Dwyer de la Embajada Brit\u00e1nica, representante encargado para Colombia, y ambos visitaron las \u00e1reas universitarias que interesaban a las universidades inglesas. En su visita a la Universidad, sostuvieron interesantes conversaciones con el Rdo. Padre Rector de la Universidad y el Sr. Joseph Spagna, Director del Centro Latinoamericano de Relaciones Humanas e Interculturales.<\/p>\n","protected":false},"excerpt":{"rendered":"<p>El pasado 14 de septiembre visit\u00f3 la Universidad Javeriana el Sr. Harold Blakemore, Director del Instituto de Estudios Latinoamericanos, con sede en Londres. Este Instituto presta sus servicios a las Universidades de Oxford, Cambridge, Londres, Glasgow, y Liverpool. El Sr. Blakemore vino acompa\u00f1ado por el Sr. Michael R. Dwyer de la Embajada Brit\u00e1nica, representante encargado para Colombia, y ambos visitaron las \u00e1reas universitarias que interesaban a las universidades inglesas. En su visita a la Universidad, sostuvieron interesantes conversaciones con el Rdo. Padre Rector de la Universidad y el Sr. Joseph Spagna, Director del Centro Latinoamericano de Relaciones Humanas e Interculturales.<\/p>\n","protected":false},"author":1,"featured_media":1866,"comment_status":"closed","ping_status":"closed","sticky":false,"template":"","format":"standard","meta":{"footnotes":""},"categories":[39],"tags":[11531,10339,2568,429,11025,11538,11535,10929,11539,532,11540,11536,11537,11470,7851],"class_list":["post-14379","post","type-post","status-publish","format-standard","has-post-thumbnail","hentry","category-academia","tag-ano-6-n-44","tag-cambridge","tag-centro-latinoamericano-de-relaciones-humanas-e-interculturales","tag-colombia","tag-embajada-britanica","tag-glasgow","tag-harold-blakemore","tag-joseph-spagna","tag-liverpool","tag-londres","tag-michael-r-dwyer","tag-nstituto-de-estudios-latinoamericanos","tag-oxford","tag-septiembre-1966","tag-visitante"],"acf":[],"_links":{"self":[{"href":"https:\/\/www.javeriana.edu.co\/repositorio-hoy-en-la-javeriana\/wp-json\/wp\/v2\/posts\/14379","targetHints":{"allow":["GET"]}}],"collection":[{"href":"https:\/\/www.javeriana.edu.co\/repositorio-hoy-en-la-javeriana\/wp-json\/wp\/v2\/posts"}],"about":[{"href":"https:\/\/www.javeriana.edu.co\/repositorio-hoy-en-la-javeriana\/wp-json\/wp\/v2\/types\/post"}],"author":[{"embeddable":true,"href":"https:\/\/www.javeriana.edu.co\/repositorio-hoy-en-la-javeriana\/wp-json\/wp\/v2\/users\/1"}],"replies":[{"embeddable":true,"href":"https:\/\/www.javeriana.edu.co\/repositorio-hoy-en-la-javeriana\/wp-json\/wp\/v2\/comments?post=14379"}],"version-history":[{"count":1,"href":"https:\/\/www.javeriana.edu.co\/repositorio-hoy-en-la-javeriana\/wp-json\/wp\/v2\/posts\/14379\/revisions"}],"predecessor-version":[{"id":14384,"href":"https:\/\/www.javeriana.edu.co\/repositorio-hoy-en-la-javeriana\/wp-json\/wp\/v2\/posts\/14379\/revisions\/14384"}],"wp:featuredmedia":[{"embeddable":true,"href":"https:\/\/www.javeriana.edu.co\/repositorio-hoy-en-la-javeriana\/wp-json\/wp\/v2\/media\/1866"}],"wp:attachment":[{"href":"https:\/\/www.javeriana.edu.co\/repositorio-hoy-en-la-javeriana\/wp-json\/wp\/v2\/media?parent=14379"}],"wp:term":[{"taxonomy":"category","embeddable":true,"href":"https:\/\/www.javeriana.edu.co\/repositorio-hoy-en-la-javeriana\/wp-json\/wp\/v2\/categories?post=14379"},{"taxonomy":"post_tag","embeddable":true,"href":"https:\/\/www.javeriana.edu.co\/repositorio-hoy-en-la-javeriana\/wp-json\/wp\/v2\/tags?post=14379"}],"curies":[{"name":"wp","href":"https:\/\/api.w.org\/{rel}","templated":true}]}}