{"id":14405,"date":"1966-09-27T11:36:05","date_gmt":"1966-09-27T16:36:05","guid":{"rendered":"http:\/\/www.javeriana.edu.co\/hoy-en-la-javeriana?p=14405"},"modified":"2020-03-15T11:40:11","modified_gmt":"2020-03-15T16:40:11","slug":"cursos-de-vacaciones-en-la-facultad-de-educacion","status":"publish","type":"post","link":"https:\/\/www.javeriana.edu.co\/repositorio-hoy-en-la-javeriana\/cursos-de-vacaciones-en-la-facultad-de-educacion\/","title":{"rendered":"Cursos de vacaciones en la Facultad de Educaci\u00f3n"},"content":{"rendered":"<p>La Facultad de Educaci\u00f3n, por intermedio de su Director, Dr. Joaqu\u00edn P\u00e1ez, ha organizado los cursos de vacaciones para profesores de secundaria, que se llevar\u00e1n a cabo del 21 de noviembre al 22 de diciembre de este a\u00f1o. Estos son cursos aprobados para ingreso y ascenso en el escalaf\u00f3n nacional de ense\u00f1anza secundaria. Dan igualmente cr\u00e9ditos acad\u00e9micos universitarios para la Licenciatura. Las materias escogidas son: Castellano, Filosof\u00eda, Geograf\u00eda, Historia de Colombia, Historia Universal, Idiomas, Metodolog\u00edas especiales, M\u00fasica, Pedagog\u00eda religiosa, Psicolog\u00eda, Biolog\u00eda, F\u00edsica, Matem\u00e1ticas y Qu\u00edmica. Los informes e inscripciones se dar\u00e1n en la Secretar\u00eda de la Facultad de Educaci\u00f3n, Oficina 216.<\/p>\n","protected":false},"excerpt":{"rendered":"<p>La Facultad de Educaci\u00f3n, por intermedio de su Director, Dr. Joaqu\u00edn P\u00e1ez, ha organizado los cursos de vacaciones para profesores de secundaria, que se llevar\u00e1n a cabo del 21 de noviembre al 22 de diciembre de este a\u00f1o. Estos son cursos aprobados para ingreso y ascenso en el escalaf\u00f3n nacional de ense\u00f1anza secundaria. Dan igualmente cr\u00e9ditos acad\u00e9micos universitarios para la Licenciatura. Las materias escogidas son: Castellano, Filosof\u00eda, Geograf\u00eda, Historia de Colombia, Historia Universal, Idiomas, Metodolog\u00edas especiales, M\u00fasica, Pedagog\u00eda religiosa, Psicolog\u00eda, Biolog\u00eda, F\u00edsica, Matem\u00e1ticas y Qu\u00edmica. Los informes e inscripciones se dar\u00e1n en la Secretar\u00eda de la Facultad de Educaci\u00f3n, Oficina 216.<\/p>\n","protected":false},"author":1,"featured_media":1866,"comment_status":"closed","ping_status":"closed","sticky":false,"template":"","format":"standard","meta":{"footnotes":""},"categories":[39],"tags":[11563,11573,408,11572,265,168,5347,3634,8393,8392,2589,5277,5892,11574,2606,8395,270,5891,11470],"class_list":["post-14405","post","type-post","status-publish","format-standard","has-post-thumbnail","hentry","category-academia","tag-ano-6-n-46","tag-astellano","tag-biologia","tag-cursos-de-vacaciones-en-la-facultad-de-educacion","tag-facultad-de-educacion","tag-filosofia","tag-fisica","tag-geografia","tag-historia-de-colombia","tag-historia-universal","tag-idiomas","tag-joaquin-paez","tag-matematicas","tag-metodologias-especiales","tag-musica","tag-pedagogia-religiosa","tag-psicologia","tag-quimica","tag-septiembre-1966"],"acf":[],"_links":{"self":[{"href":"https:\/\/www.javeriana.edu.co\/repositorio-hoy-en-la-javeriana\/wp-json\/wp\/v2\/posts\/14405","targetHints":{"allow":["GET"]}}],"collection":[{"href":"https:\/\/www.javeriana.edu.co\/repositorio-hoy-en-la-javeriana\/wp-json\/wp\/v2\/posts"}],"about":[{"href":"https:\/\/www.javeriana.edu.co\/repositorio-hoy-en-la-javeriana\/wp-json\/wp\/v2\/types\/post"}],"author":[{"embeddable":true,"href":"https:\/\/www.javeriana.edu.co\/repositorio-hoy-en-la-javeriana\/wp-json\/wp\/v2\/users\/1"}],"replies":[{"embeddable":true,"href":"https:\/\/www.javeriana.edu.co\/repositorio-hoy-en-la-javeriana\/wp-json\/wp\/v2\/comments?post=14405"}],"version-history":[{"count":1,"href":"https:\/\/www.javeriana.edu.co\/repositorio-hoy-en-la-javeriana\/wp-json\/wp\/v2\/posts\/14405\/revisions"}],"predecessor-version":[{"id":14406,"href":"https:\/\/www.javeriana.edu.co\/repositorio-hoy-en-la-javeriana\/wp-json\/wp\/v2\/posts\/14405\/revisions\/14406"}],"wp:featuredmedia":[{"embeddable":true,"href":"https:\/\/www.javeriana.edu.co\/repositorio-hoy-en-la-javeriana\/wp-json\/wp\/v2\/media\/1866"}],"wp:attachment":[{"href":"https:\/\/www.javeriana.edu.co\/repositorio-hoy-en-la-javeriana\/wp-json\/wp\/v2\/media?parent=14405"}],"wp:term":[{"taxonomy":"category","embeddable":true,"href":"https:\/\/www.javeriana.edu.co\/repositorio-hoy-en-la-javeriana\/wp-json\/wp\/v2\/categories?post=14405"},{"taxonomy":"post_tag","embeddable":true,"href":"https:\/\/www.javeriana.edu.co\/repositorio-hoy-en-la-javeriana\/wp-json\/wp\/v2\/tags?post=14405"}],"curies":[{"name":"wp","href":"https:\/\/api.w.org\/{rel}","templated":true}]}}