{"id":14436,"date":"1966-10-04T13:25:30","date_gmt":"1966-10-04T18:25:30","guid":{"rendered":"http:\/\/www.javeriana.edu.co\/hoy-en-la-javeriana?p=14436"},"modified":"2020-03-15T13:31:08","modified_gmt":"2020-03-15T18:31:08","slug":"visitantes-de-la-universidad-de-california","status":"publish","type":"post","link":"https:\/\/www.javeriana.edu.co\/repositorio-hoy-en-la-javeriana\/visitantes-de-la-universidad-de-california\/","title":{"rendered":"Visitantes de la universidad de California"},"content":{"rendered":"<p>En representaci\u00f3n de la Universidad de California, visitaron la Javeriana el Dr. George Feliz, Jefe de la Misi\u00f3n Asesora de la Universidad de California para el plan b\u00e1sico que realiza la Asociaci\u00f3n Colombiana de Universidades y que coordina el Dr. Augusto Franco Arbel\u00e1ez; y los Dres. Paul Taylor, Edwin Ribs y William Magmusson, quienes sostuvieron conversaciones con las directivas de la Universidad.<\/p>\n","protected":false},"excerpt":{"rendered":"<p>En representaci\u00f3n de la Universidad de California, visitaron la Javeriana el Dr. George Feliz, Jefe de la Misi\u00f3n Asesora de la Universidad de California para el plan b\u00e1sico que realiza la Asociaci\u00f3n Colombiana de Universidades y que coordina el Dr. Augusto Franco Arbel\u00e1ez; y los Dres. Paul Taylor, Edwin Ribs y William Magmusson, quienes sostuvieron conversaciones con las directivas de la Universidad.<\/p>\n","protected":false},"author":1,"featured_media":1866,"comment_status":"closed","ping_status":"closed","sticky":false,"template":"","format":"standard","meta":{"footnotes":""},"categories":[39],"tags":[11598,2833,11614,11616,11613,11597,11615,4278,11612,11617],"class_list":["post-14436","post","type-post","status-publish","format-standard","has-post-thumbnail","hentry","category-academia","tag-ano-6-n-48","tag-asociacion-colombiana-de-universidades","tag-augusto-franco-arbelaez","tag-edwin-ribs","tag-george-feliz","tag-octubre-1966","tag-paul-taylor","tag-universidad-de-california","tag-visitantes-de-la-universidad-de-california","tag-william-magmusson"],"acf":[],"_links":{"self":[{"href":"https:\/\/www.javeriana.edu.co\/repositorio-hoy-en-la-javeriana\/wp-json\/wp\/v2\/posts\/14436","targetHints":{"allow":["GET"]}}],"collection":[{"href":"https:\/\/www.javeriana.edu.co\/repositorio-hoy-en-la-javeriana\/wp-json\/wp\/v2\/posts"}],"about":[{"href":"https:\/\/www.javeriana.edu.co\/repositorio-hoy-en-la-javeriana\/wp-json\/wp\/v2\/types\/post"}],"author":[{"embeddable":true,"href":"https:\/\/www.javeriana.edu.co\/repositorio-hoy-en-la-javeriana\/wp-json\/wp\/v2\/users\/1"}],"replies":[{"embeddable":true,"href":"https:\/\/www.javeriana.edu.co\/repositorio-hoy-en-la-javeriana\/wp-json\/wp\/v2\/comments?post=14436"}],"version-history":[{"count":2,"href":"https:\/\/www.javeriana.edu.co\/repositorio-hoy-en-la-javeriana\/wp-json\/wp\/v2\/posts\/14436\/revisions"}],"predecessor-version":[{"id":14443,"href":"https:\/\/www.javeriana.edu.co\/repositorio-hoy-en-la-javeriana\/wp-json\/wp\/v2\/posts\/14436\/revisions\/14443"}],"wp:featuredmedia":[{"embeddable":true,"href":"https:\/\/www.javeriana.edu.co\/repositorio-hoy-en-la-javeriana\/wp-json\/wp\/v2\/media\/1866"}],"wp:attachment":[{"href":"https:\/\/www.javeriana.edu.co\/repositorio-hoy-en-la-javeriana\/wp-json\/wp\/v2\/media?parent=14436"}],"wp:term":[{"taxonomy":"category","embeddable":true,"href":"https:\/\/www.javeriana.edu.co\/repositorio-hoy-en-la-javeriana\/wp-json\/wp\/v2\/categories?post=14436"},{"taxonomy":"post_tag","embeddable":true,"href":"https:\/\/www.javeriana.edu.co\/repositorio-hoy-en-la-javeriana\/wp-json\/wp\/v2\/tags?post=14436"}],"curies":[{"name":"wp","href":"https:\/\/api.w.org\/{rel}","templated":true}]}}