{"id":14502,"date":"1974-03-20T18:22:22","date_gmt":"1974-03-20T23:22:22","guid":{"rendered":"http:\/\/www.javeriana.edu.co\/hoy-en-la-javeriana?p=14502"},"modified":"2022-08-23T16:54:37","modified_gmt":"2022-08-23T21:54:37","slug":"el-doctor-guillermo-ospina-fernandez-miembro-de-la-academia-de-jurisprudencia","status":"publish","type":"post","link":"https:\/\/www.javeriana.edu.co\/repositorio-hoy-en-la-javeriana\/el-doctor-guillermo-ospina-fernandez-miembro-de-la-academia-de-jurisprudencia\/","title":{"rendered":"El Doctor Guillermo Ospina Fern\u00e1ndez miembro de la Academia de Jurisprudencia"},"content":{"rendered":"<p>Vinculado a la Facultad de Derecho desde hace 30 a\u00f1os, de profesorado ininterrumpido. Desempe\u00f1a las funciones de Decano Acad\u00e9mico desde 1955, ha sido Abogado General de la Presidencia de la Rep\u00fablica, Superintendente de Sociedades An\u00f3nimas, Magistrado de la Corte Suprema de Justicia, de que fue Presidente. Su esposa, Do\u00f1a Emilia Acosta, es abogada javeriana, y actualmente dos de sus hijos, Eduardo y Manuel, adelantan en la Facultad sus estudios de Derecho. <sup>\u00ab<\/sup>Hoy en la Javeriana\u00bb felicita al Dr.Ospina Fern\u00e1ndez por tan merecida distinci\u00f3n.<\/p>\n<p>&nbsp;<\/p>\n","protected":false},"excerpt":{"rendered":"<p>Vinculado a la Facultad de Derecho desde hace 30 a\u00f1os, de profesorado ininterrumpido. Desempe\u00f1a las funciones de Decano Acad\u00e9mico desde 1955, ha sido Abogado General de la Presidencia de la Rep\u00fablica, Superintendente de Sociedades An\u00f3nimas, Magistrado de la Corte Suprema de Justicia, de que fue Presidente. Su esposa, Do\u00f1a Emilia Acosta, es abogada javeriana, y actualmente dos de sus hijos, Eduardo y Manuel, adelantan en la Facultad sus estudios de Derecho. \u00abHoy en la Javeriana\u00bb felicita al Dr.Ospina Fern\u00e1ndez por tan merecida distinci\u00f3n. &nbsp;<\/p>\n","protected":false},"author":5,"featured_media":20876,"comment_status":"closed","ping_status":"closed","sticky":false,"template":"","format":"standard","meta":{"footnotes":""},"categories":[39,51,105],"tags":[2525,11660,25252,11659,3621,11658,355,12638,25254,141,144,11633,2521,9550,25253],"class_list":["post-14502","post","type-post","status-publish","format-standard","has-post-thumbnail","hentry","category-academia","category-cultura","category-institucional","tag-2525","tag-abogada-javeriana","tag-abogado-general","tag-abogado-general-de-la-presidencia-de-la-republica","tag-academia-de-jurisprudencia","tag-ano-13-no-532","tag-corte-suprema-de-justicia","tag-decano-academico","tag-emilia-acosta","tag-facultad-de-derecho","tag-guillermo-ospina-fernandez","tag-marzo","tag-marzo-1974","tag-presidencia-de-la-republica","tag-superintendente-de-sociedades-anonimas"],"acf":[],"_links":{"self":[{"href":"https:\/\/www.javeriana.edu.co\/repositorio-hoy-en-la-javeriana\/wp-json\/wp\/v2\/posts\/14502","targetHints":{"allow":["GET"]}}],"collection":[{"href":"https:\/\/www.javeriana.edu.co\/repositorio-hoy-en-la-javeriana\/wp-json\/wp\/v2\/posts"}],"about":[{"href":"https:\/\/www.javeriana.edu.co\/repositorio-hoy-en-la-javeriana\/wp-json\/wp\/v2\/types\/post"}],"author":[{"embeddable":true,"href":"https:\/\/www.javeriana.edu.co\/repositorio-hoy-en-la-javeriana\/wp-json\/wp\/v2\/users\/5"}],"replies":[{"embeddable":true,"href":"https:\/\/www.javeriana.edu.co\/repositorio-hoy-en-la-javeriana\/wp-json\/wp\/v2\/comments?post=14502"}],"version-history":[{"count":4,"href":"https:\/\/www.javeriana.edu.co\/repositorio-hoy-en-la-javeriana\/wp-json\/wp\/v2\/posts\/14502\/revisions"}],"predecessor-version":[{"id":23296,"href":"https:\/\/www.javeriana.edu.co\/repositorio-hoy-en-la-javeriana\/wp-json\/wp\/v2\/posts\/14502\/revisions\/23296"}],"wp:featuredmedia":[{"embeddable":true,"href":"https:\/\/www.javeriana.edu.co\/repositorio-hoy-en-la-javeriana\/wp-json\/wp\/v2\/media\/20876"}],"wp:attachment":[{"href":"https:\/\/www.javeriana.edu.co\/repositorio-hoy-en-la-javeriana\/wp-json\/wp\/v2\/media?parent=14502"}],"wp:term":[{"taxonomy":"category","embeddable":true,"href":"https:\/\/www.javeriana.edu.co\/repositorio-hoy-en-la-javeriana\/wp-json\/wp\/v2\/categories?post=14502"},{"taxonomy":"post_tag","embeddable":true,"href":"https:\/\/www.javeriana.edu.co\/repositorio-hoy-en-la-javeriana\/wp-json\/wp\/v2\/tags?post=14502"}],"curies":[{"name":"wp","href":"https:\/\/api.w.org\/{rel}","templated":true}]}}