{"id":14570,"date":"1974-05-15T19:10:04","date_gmt":"1974-05-16T00:10:04","guid":{"rendered":"http:\/\/www.javeriana.edu.co\/hoy-en-la-javeriana?p=14570"},"modified":"2022-08-24T11:53:41","modified_gmt":"2022-08-24T16:53:41","slug":"cooperativa-de-empleados-de-la-universidad-javeriana-y-del-hospital-de-san-ignacio-ceujhsi","status":"publish","type":"post","link":"https:\/\/www.javeriana.edu.co\/repositorio-hoy-en-la-javeriana\/cooperativa-de-empleados-de-la-universidad-javeriana-y-del-hospital-de-san-ignacio-ceujhsi\/","title":{"rendered":"Cooperativa de empleados de la Universidad Javeriana y del Hospital San Ignacio \u00abCEUJHSI\u00bb"},"content":{"rendered":"<p>La III Asamblea General de Delegados de la CEUJHSI se realiz\u00f3 el d\u00eda viernes 10 de mayo, en el sal\u00f3n \u00abRodrigo Andrade\u00bb del edificio de Enfermer\u00eda. Durante dicha Asamblea se estudi\u00f3 el balance, el proyecto de distribuci\u00f3n del excedente cooperativo y el estado de p\u00e9rdidas y ganancias. Adem\u00e1s, se eligieron nuevos dignatarios para integrar el Consejo de Administraci\u00f3n y la Junta de Vigilancia, y se design\u00f3 el Auditor. Llevaron la palabra en este acto de clausura el P. Eduardo G\u00e1mez, por parte de la Universidad Javeriana, y el Dr. Ernesto Rojas Gaona, Director Ejecutivo de la Asociaci\u00f3n de Cooperativas. Con motivo de la Asamblea, la Cooperativa public\u00f3 un volumen informativo de sus proyectos y ejecutorias, dentro de la vigencia pasada.<\/p>\n","protected":false},"excerpt":{"rendered":"<p>La III Asamblea General de Delegados de la CEUJHSI se realiz\u00f3 el d\u00eda viernes 10 de mayo, en el sal\u00f3n \u00abRodrigo Andrade\u00bb del edificio de Enfermer\u00eda. Durante dicha Asamblea se estudi\u00f3 el balance, el proyecto de distribuci\u00f3n del excedente cooperativo y el estado de p\u00e9rdidas y ganancias. Adem\u00e1s, se eligieron nuevos dignatarios para integrar el Consejo de Administraci\u00f3n y la Junta de Vigilancia, y se design\u00f3 el Auditor. Llevaron la palabra en este acto de clausura el P. Eduardo G\u00e1mez, por parte de la Universidad Javeriana, y el Dr. Ernesto Rojas Gaona, Director Ejecutivo de la Asociaci\u00f3n de Cooperativas. Con motivo de la Asamblea, la Cooperativa public\u00f3 un volumen informativo de sus proyectos y ejecutorias, dentro de la vigencia pasada.<\/p>\n","protected":false},"author":5,"featured_media":20876,"comment_status":"closed","ping_status":"closed","sticky":false,"template":"","format":"standard","meta":{"footnotes":""},"categories":[51,16],"tags":[11755,25382,25378,25377,11785,25380,79,25381,170,11782,25340,11783,11784,25379,2530],"class_list":["post-14570","post","type-post","status-publish","format-standard","has-post-thumbnail","hentry","category-cultura","category-investigacion","tag-ano-13-no-538","tag-asociacion-de-cooperativas","tag-ceujhsi","tag-cooperativa-de-empleados","tag-dr-ernesto-rojas-gaona","tag-eduardo-gamez","tag-enfermeria","tag-ernesto-rojas-gaona","tag-hospital-san-ignacio","tag-iii-asamblea-general-de-delegados-de-la-ceujhsi","tag-mayo-1974","tag-nuevos-dignatarios","tag-p-eduardo-gamez","tag-rodrigo-andrade","tag-universidad-javeriana"],"acf":[],"_links":{"self":[{"href":"https:\/\/www.javeriana.edu.co\/repositorio-hoy-en-la-javeriana\/wp-json\/wp\/v2\/posts\/14570","targetHints":{"allow":["GET"]}}],"collection":[{"href":"https:\/\/www.javeriana.edu.co\/repositorio-hoy-en-la-javeriana\/wp-json\/wp\/v2\/posts"}],"about":[{"href":"https:\/\/www.javeriana.edu.co\/repositorio-hoy-en-la-javeriana\/wp-json\/wp\/v2\/types\/post"}],"author":[{"embeddable":true,"href":"https:\/\/www.javeriana.edu.co\/repositorio-hoy-en-la-javeriana\/wp-json\/wp\/v2\/users\/5"}],"replies":[{"embeddable":true,"href":"https:\/\/www.javeriana.edu.co\/repositorio-hoy-en-la-javeriana\/wp-json\/wp\/v2\/comments?post=14570"}],"version-history":[{"count":3,"href":"https:\/\/www.javeriana.edu.co\/repositorio-hoy-en-la-javeriana\/wp-json\/wp\/v2\/posts\/14570\/revisions"}],"predecessor-version":[{"id":23364,"href":"https:\/\/www.javeriana.edu.co\/repositorio-hoy-en-la-javeriana\/wp-json\/wp\/v2\/posts\/14570\/revisions\/23364"}],"wp:featuredmedia":[{"embeddable":true,"href":"https:\/\/www.javeriana.edu.co\/repositorio-hoy-en-la-javeriana\/wp-json\/wp\/v2\/media\/20876"}],"wp:attachment":[{"href":"https:\/\/www.javeriana.edu.co\/repositorio-hoy-en-la-javeriana\/wp-json\/wp\/v2\/media?parent=14570"}],"wp:term":[{"taxonomy":"category","embeddable":true,"href":"https:\/\/www.javeriana.edu.co\/repositorio-hoy-en-la-javeriana\/wp-json\/wp\/v2\/categories?post=14570"},{"taxonomy":"post_tag","embeddable":true,"href":"https:\/\/www.javeriana.edu.co\/repositorio-hoy-en-la-javeriana\/wp-json\/wp\/v2\/tags?post=14570"}],"curies":[{"name":"wp","href":"https:\/\/api.w.org\/{rel}","templated":true}]}}